{"id":54710,"date":"2018-03-09T22:42:27","date_gmt":"2018-03-09T22:42:27","guid":{"rendered":"https:\/\/www.deberes.net\/tesis\/sin-categoria\/las-imagenes-conformantes-de-la-realidad-social\/"},"modified":"2018-03-09T22:42:27","modified_gmt":"2018-03-09T22:42:27","slug":"las-imagenes-conformantes-de-la-realidad-social","status":"publish","type":"post","link":"https:\/\/www.deberes.net\/tesis\/comunicaciones-sociales\/las-imagenes-conformantes-de-la-realidad-social\/","title":{"rendered":"Las im\u00e1genes conformantes de la realidad social"},"content":{"rendered":"<h2>Tesis doctoral de <strong>  Vazquez Fernandez Xose Gabriel <\/strong><\/h2>\n<p>Esde la investigaci\u00f3n te\u00f3rica, se demuestra que la realidad social est\u00e1 constituida, entre otros aspectos, por im\u00e1genes que se conforman en los procesos interactivos, creando conocimiento, identidades y representaciones con las que los individuos, grupos y dem\u00e1s partes integrantes de esa realidad, conviven. Asimismo, se demuestra que esas im\u00e1genes pueden ser analizadas a trav\u00e9s de t\u00e9cnicas demosc\u00f3picas, aplicadas en la descripci\u00f3n de la sociedad gallega con un todo o colectivo \u00fanico. Se presenta el marco te\u00f3rico que contextualiza el estudio dentro de las ciencias sociales, y m\u00e1s concretamente, en la sociolog\u00eda. Se presentan las fuentes secundarias que sirven para el conocimiento pasivo, y no interactivo, del objeto de estudio. Se explotan y analizan encuestas de opini\u00f3n e informaci\u00f3n de vertiente cuantitativa y cualitativa que logran mostrar las im\u00e1genes de la sociedad gallega que prevalecen. Se concluye que es pertinente y fruct\u00edfero trabajar sobre el constructo de \u00abimagen\u00bb como objeto de estudio conformante de la realidad social<\/p>\n<p>&nbsp;<\/p>\n<h3>Datos acad\u00e9micos de la tesis doctoral \u00ab<strong>Las im\u00e1genes conformantes de la realidad social<\/strong>\u00ab<\/h3>\n<ul>\n<li><strong>T\u00edtulo de la tesis:<\/strong>\u00a0 Las im\u00e1genes conformantes de la realidad social <\/li>\n<li><strong>Autor:<\/strong>\u00a0  Vazquez Fernandez Xose Gabriel <\/li>\n<li><strong>Universidad:<\/strong>\u00a0 A coru\u00f1a<\/li>\n<li><strong>Fecha de lectura de la tesis:<\/strong>\u00a0 25\/09\/2006<\/li>\n<\/ul>\n<p>&nbsp;<\/p>\n<h3>Direcci\u00f3n y tribunal<\/h3>\n<ul>\n<li><strong>Director de la tesis<\/strong>\n<ul>\n<li>Vicente Gonz\u00e1lez Rad\u00edo<\/li>\n<\/ul>\n<\/li>\n<li><strong>Tribunal<\/strong>\n<ul>\n<li>Presidente del tribunal: anton Alvarez sousa <\/li>\n<li>Jos\u00e9 Romay Martinez (vocal)<\/li>\n<li>Miguel Beltran villalva (vocal)<\/li>\n<li>Manuel Rodr\u00edguez caama\u00f1o (vocal)<\/li>\n<\/ul>\n<\/li>\n<\/ul>\n<p>&nbsp;<\/p>\n","protected":false},"excerpt":{"rendered":"<p>Tesis doctoral de Vazquez Fernandez Xose Gabriel Esde la investigaci\u00f3n te\u00f3rica, se demuestra que la realidad social est\u00e1 constituida, entre [&hellip;]<\/p>\n","protected":false},"author":1,"featured_media":0,"comment_status":"open","ping_status":"open","sticky":false,"template":"","format":"standard","meta":{"site-sidebar-layout":"default","site-content-layout":"","ast-site-content-layout":"","site-content-style":"default","site-sidebar-style":"default","ast-global-header-display":"","ast-banner-title-visibility":"","ast-main-header-display":"","ast-hfb-above-header-display":"","ast-hfb-below-header-display":"","ast-hfb-mobile-header-display":"","site-post-title":"","ast-breadcrumbs-content":"","ast-featured-img":"","footer-sml-layout":"","theme-transparent-header-meta":"","adv-header-id-meta":"","stick-header-meta":"","header-above-stick-meta":"","header-main-stick-meta":"","header-below-stick-meta":"","astra-migrate-meta-layouts":"default","ast-page-background-enabled":"default","ast-page-background-meta":{"desktop":{"background-color":"var(--ast-global-color-4)","background-image":"","background-repeat":"repeat","background-position":"center center","background-size":"auto","background-attachment":"scroll","background-type":"","background-media":"","overlay-type":"","overlay-color":"","overlay-gradient":""},"tablet":{"background-color":"","background-image":"","background-repeat":"repeat","background-position":"center center","background-size":"auto","background-attachment":"scroll","background-type":"","background-media":"","overlay-type":"","overlay-color":"","overlay-gradient":""},"mobile":{"background-color":"","background-image":"","background-repeat":"repeat","background-position":"center center","background-size":"auto","background-attachment":"scroll","background-type":"","background-media":"","overlay-type":"","overlay-color":"","overlay-gradient":""}},"ast-content-background-meta":{"desktop":{"background-color":"var(--ast-global-color-5)","background-image":"","background-repeat":"repeat","background-position":"center center","background-size":"auto","background-attachment":"scroll","background-type":"","background-media":"","overlay-type":"","overlay-color":"","overlay-gradient":""},"tablet":{"background-color":"var(--ast-global-color-5)","background-image":"","background-repeat":"repeat","background-position":"center center","background-size":"auto","background-attachment":"scroll","background-type":"","background-media":"","overlay-type":"","overlay-color":"","overlay-gradient":""},"mobile":{"background-color":"var(--ast-global-color-5)","background-image":"","background-repeat":"repeat","background-position":"center center","background-size":"auto","background-attachment":"scroll","background-type":"","background-media":"","overlay-type":"","overlay-color":"","overlay-gradient":""}},"footnotes":""},"categories":[18576,4735,32760,13715,17329],"tags":[46157,21294,80566,7692,120859,6169],"class_list":["post-54710","post","type-post","status-publish","format-standard","hentry","category-a-coruna","category-comunicaciones-sociales","category-metodos-de-investigacion-social","category-sociologia-de-los-medios-de-comunicacion-de-masas","category-teoria-sociologica","tag-anton-alvarez-sousa","tag-jose-romay-Martinez","tag-manuel-rodriguez-caamano","tag-miguel-beltran-villalva","tag-vazquez-fernandez-xose-gabriel","tag-vicente-gonzalez-radio"],"_links":{"self":[{"href":"https:\/\/www.deberes.net\/tesis\/wp-json\/wp\/v2\/posts\/54710","targetHints":{"allow":["GET"]}}],"collection":[{"href":"https:\/\/www.deberes.net\/tesis\/wp-json\/wp\/v2\/posts"}],"about":[{"href":"https:\/\/www.deberes.net\/tesis\/wp-json\/wp\/v2\/types\/post"}],"author":[{"embeddable":true,"href":"https:\/\/www.deberes.net\/tesis\/wp-json\/wp\/v2\/users\/1"}],"replies":[{"embeddable":true,"href":"https:\/\/www.deberes.net\/tesis\/wp-json\/wp\/v2\/comments?post=54710"}],"version-history":[{"count":0,"href":"https:\/\/www.deberes.net\/tesis\/wp-json\/wp\/v2\/posts\/54710\/revisions"}],"wp:attachment":[{"href":"https:\/\/www.deberes.net\/tesis\/wp-json\/wp\/v2\/media?parent=54710"}],"wp:term":[{"taxonomy":"category","embeddable":true,"href":"https:\/\/www.deberes.net\/tesis\/wp-json\/wp\/v2\/categories?post=54710"},{"taxonomy":"post_tag","embeddable":true,"href":"https:\/\/www.deberes.net\/tesis\/wp-json\/wp\/v2\/tags?post=54710"}],"curies":[{"name":"wp","href":"https:\/\/api.w.org\/{rel}","templated":true}]}}