{"id":54727,"date":"2018-03-09T22:42:27","date_gmt":"2018-03-09T22:42:27","guid":{"rendered":"https:\/\/www.deberes.net\/tesis\/sin-categoria\/la-superacion-del-nihilismo-en-la-obra-de-albert-camus\/"},"modified":"2018-03-09T22:42:27","modified_gmt":"2018-03-09T22:42:27","slug":"la-superacion-del-nihilismo-en-la-obra-de-albert-camus","status":"publish","type":"post","link":"https:\/\/www.deberes.net\/tesis\/filosofia-politica\/la-superacion-del-nihilismo-en-la-obra-de-albert-camus\/","title":{"rendered":"La superaci\u00f3n del nihilismo en la obra de albert cam\u00fas"},"content":{"rendered":"<h2>Tesis doctoral de <strong> Inmaculada Cuquerella M\u00e1doz <\/strong><\/h2>\n<p>El presente trabajo obedece a un doble pr\u00f3posito: pretende ser una clarificaci\u00f3n hist\u00f3rica del contenido de la obra de albert camus en su conjunto, atendiendo no s\u00f3lo a su producci\u00f3n ensay\u00edstica, sino tambi\u00e9n period\u00edstica, literaria y teatral; consiste igualmente en establecer el planteamiento propiamente filos\u00f3fico del autor, determinando sus componentes \u00e9tico, pol\u00edtico, est\u00e9tico y metaf\u00edsico.  el estudio hist\u00f3rico quiere demostrar que el substrato metaf\u00edsico sobre el que se asientan las ideas de camus surge de la cr\u00edtica nietzscheana al nihilismo, que el pensador franc\u00e9s no es un pensador existencialista  y que la corriente de pensamiento en la que se le debe enmarcar es la de las filosof\u00edas de la vida, tal y como se han presentado en la obra de nietzche, bergson y ortega.  el an\u00e1lisis filos\u00f3fico se propone, prolongando el anterior, establecer los presupuestos conceptuales y el alcance del planteamiento vitalista de camus:\u00c2\u00bfc\u00f3mo actuar cuando no se cree ni en dios, ni en la raz\u00f3n? Si la raz\u00f3n cl\u00e1sica, abstractiva, traiciona la individualidad, \u00c2\u00bfqu\u00e9 modelo de comprensi\u00f3n filos\u00f3fica puede adoptar el hombre? Los conceptos estudiados de \u00abnihilimo\u00bb, \u00ababsurdo\u00bb y \u00abrebeld\u00eda\u00bb sustentan este nuevo modelo \u00e9tico-est\u00e9tico de corte hermen\u00e9utico:  el ser humano es comprensible seg\u00fan la categor\u00eda aristot\u00e9lica de verosimilitud y por ello camus defiende una \u00abfilosof\u00eda literaria\u00bb donde quede superada la tradicional oposici\u00f3n entre po\u00e9tica y filosof\u00eda.<\/p>\n<p>&nbsp;<\/p>\n<h3>Datos acad\u00e9micos de la tesis doctoral \u00ab<strong>La superaci\u00f3n del nihilismo en la obra de albert cam\u00fas<\/strong>\u00ab<\/h3>\n<ul>\n<li><strong>T\u00edtulo de la tesis:<\/strong>\u00a0 La superaci\u00f3n del nihilismo en la obra de albert cam\u00fas <\/li>\n<li><strong>Autor:<\/strong>\u00a0 Inmaculada Cuquerella M\u00e1doz <\/li>\n<li><strong>Universidad:<\/strong>\u00a0 Universitat de val\u00e9ncia (estudi general)<\/li>\n<li><strong>Fecha de lectura de la tesis:<\/strong>\u00a0 26\/09\/2006<\/li>\n<\/ul>\n<p>&nbsp;<\/p>\n<h3>Direcci\u00f3n y tribunal<\/h3>\n<ul>\n<li><strong>Director de la tesis<\/strong>\n<ul>\n<li>Jes\u00fas Marcial Conill Sancho<\/li>\n<\/ul>\n<\/li>\n<li><strong>Tribunal<\/strong>\n<ul>\n<li>Presidente del tribunal: adela Cortina orts <\/li>\n<li>Jos\u00e9 Mar\u00eda Garc\u00eda g\u00f3mez-heras (vocal)<\/li>\n<li>norbert Bilbeny garcia (vocal)<\/li>\n<li> O\u00f1ate y zub\u00eda teresa (vocal)<\/li>\n<\/ul>\n<\/li>\n<\/ul>\n<p>&nbsp;<\/p>\n","protected":false},"excerpt":{"rendered":"<p>Tesis doctoral de Inmaculada Cuquerella M\u00e1doz El presente trabajo obedece a un doble pr\u00f3posito: pretende ser una clarificaci\u00f3n hist\u00f3rica del [&hellip;]<\/p>\n","protected":false},"author":1,"featured_media":0,"comment_status":"open","ping_status":"open","sticky":false,"template":"","format":"standard","meta":{"site-sidebar-layout":"default","site-content-layout":"","ast-site-content-layout":"","site-content-style":"default","site-sidebar-style":"default","ast-global-header-display":"","ast-banner-title-visibility":"","ast-main-header-display":"","ast-hfb-above-header-display":"","ast-hfb-below-header-display":"","ast-hfb-mobile-header-display":"","site-post-title":"","ast-breadcrumbs-content":"","ast-featured-img":"","footer-sml-layout":"","theme-transparent-header-meta":"","adv-header-id-meta":"","stick-header-meta":"","header-above-stick-meta":"","header-main-stick-meta":"","header-below-stick-meta":"","astra-migrate-meta-layouts":"default","ast-page-background-enabled":"default","ast-page-background-meta":{"desktop":{"background-color":"var(--ast-global-color-4)","background-image":"","background-repeat":"repeat","background-position":"center center","background-size":"auto","background-attachment":"scroll","background-type":"","background-media":"","overlay-type":"","overlay-color":"","overlay-gradient":""},"tablet":{"background-color":"","background-image":"","background-repeat":"repeat","background-position":"center center","background-size":"auto","background-attachment":"scroll","background-type":"","background-media":"","overlay-type":"","overlay-color":"","overlay-gradient":""},"mobile":{"background-color":"","background-image":"","background-repeat":"repeat","background-position":"center center","background-size":"auto","background-attachment":"scroll","background-type":"","background-media":"","overlay-type":"","overlay-color":"","overlay-gradient":""}},"ast-content-background-meta":{"desktop":{"background-color":"var(--ast-global-color-5)","background-image":"","background-repeat":"repeat","background-position":"center center","background-size":"auto","background-attachment":"scroll","background-type":"","background-media":"","overlay-type":"","overlay-color":"","overlay-gradient":""},"tablet":{"background-color":"var(--ast-global-color-5)","background-image":"","background-repeat":"repeat","background-position":"center center","background-size":"auto","background-attachment":"scroll","background-type":"","background-media":"","overlay-type":"","overlay-color":"","overlay-gradient":""},"mobile":{"background-color":"var(--ast-global-color-5)","background-image":"","background-repeat":"repeat","background-position":"center center","background-size":"auto","background-attachment":"scroll","background-type":"","background-media":"","overlay-type":"","overlay-color":"","overlay-gradient":""}},"footnotes":""},"categories":[8649,6008],"tags":[12012,120892,12440,18379,32930,120893],"class_list":["post-54727","post","type-post","status-publish","format-standard","hentry","category-etica-filosofica","category-filosofia-politica","tag-adela-cortina-orts","tag-inmaculada-cuquerella-madoz","tag-jesus-marcial-conill-sancho","tag-jose-maria-garcia-gomez-heras","tag-norbert-bilbeny-garcia","tag-onate-y-zubia-teresa"],"_links":{"self":[{"href":"https:\/\/www.deberes.net\/tesis\/wp-json\/wp\/v2\/posts\/54727","targetHints":{"allow":["GET"]}}],"collection":[{"href":"https:\/\/www.deberes.net\/tesis\/wp-json\/wp\/v2\/posts"}],"about":[{"href":"https:\/\/www.deberes.net\/tesis\/wp-json\/wp\/v2\/types\/post"}],"author":[{"embeddable":true,"href":"https:\/\/www.deberes.net\/tesis\/wp-json\/wp\/v2\/users\/1"}],"replies":[{"embeddable":true,"href":"https:\/\/www.deberes.net\/tesis\/wp-json\/wp\/v2\/comments?post=54727"}],"version-history":[{"count":0,"href":"https:\/\/www.deberes.net\/tesis\/wp-json\/wp\/v2\/posts\/54727\/revisions"}],"wp:attachment":[{"href":"https:\/\/www.deberes.net\/tesis\/wp-json\/wp\/v2\/media?parent=54727"}],"wp:term":[{"taxonomy":"category","embeddable":true,"href":"https:\/\/www.deberes.net\/tesis\/wp-json\/wp\/v2\/categories?post=54727"},{"taxonomy":"post_tag","embeddable":true,"href":"https:\/\/www.deberes.net\/tesis\/wp-json\/wp\/v2\/tags?post=54727"}],"curies":[{"name":"wp","href":"https:\/\/api.w.org\/{rel}","templated":true}]}}