{"id":54744,"date":"2018-03-09T22:42:31","date_gmt":"2018-03-09T22:42:31","guid":{"rendered":"https:\/\/www.deberes.net\/tesis\/sin-categoria\/la-comunidad-sorda-como-comunidad-linga%c2%bca%c2%adstica-panorama-sociolinga%c2%bca%c2%adstico-de-la-s-lengua-s-de-singo-en-espana\/"},"modified":"2018-03-09T22:42:31","modified_gmt":"2018-03-09T22:42:31","slug":"la-comunidad-sorda-como-comunidad-linga%c2%bca%c2%adstica-panorama-sociolinga%c2%bca%c2%adstico-de-la-s-lengua-s-de-singo-en-espana","status":"publish","type":"post","link":"https:\/\/www.deberes.net\/tesis\/barcelona\/la-comunidad-sorda-como-comunidad-linga%c2%bca%c2%adstica-panorama-sociolinga%c2%bca%c2%adstico-de-la-s-lengua-s-de-singo-en-espana\/","title":{"rendered":"La comunidad sorda como comunidad lingu\u00edstica. panorama sociolingu\u00edstico de la\/s lengua\/s de singo en espa\u00f1a"},"content":{"rendered":"<h2>Tesis doctoral de <strong>  Gras I Ferrer Vict\u00f3ria <\/strong><\/h2>\n<p>El proyecto del primer censo ling\u00ed\u00bc\u00edstico de signantes en espa\u00f1a, consistente en un recuento censal y una encuesta socioling\u00ed\u00bc\u00edstica nos muestran que el n\u00famero de signantes nativos esta decreciendo en este pa\u00eds, con lo cual podr\u00edamos decir que la lengua de signos est\u00e1 potencialmente amenazada. Adem\u00e1s, los signantes muestran actitudes contradictorias ante su lengua: por una parte, un altogrado de identificaci\u00f3n y deseo de inclusi\u00f3n en el sistema educativo y la administraci\u00f3n, y, por otra parte, ambiValencia ante su valor como lengua instrumental y una gran inseguridad ling\u00ed\u00bc\u00edstica.     estos datos nos conducen a la conclusi\u00f3n de que existen una serie de disfunciones que est\u00e1n afectando el equilibro ecoling\u00ed\u00bc\u00edstico de la comunidad, y, por lo tanto, las posibilidades de normalizaci\u00f3n\/planificaci\u00f3n de la lengua. En primer lugar, la reducci\u00f3n en el n\u00famero de signantes nativos, causada pro los avances en materia de detecci\u00f3n temprana de la sordera, pero tambi\u00e9n por la reforma del sistema educativo espa\u00f1ol en los a\u00f1os 80 (con la integraci\u00f3n y la clausura de los colegios de sordos), est\u00e1 afectando a la vitalidad etnoling\u00ed\u00bc\u00edstica de la comunidad: la escuela ha dejado de ser el principal lugar de contacto con la lengua, lo que a su vez ha provocado un descenso en el grado de participaci\u00f3n en las asociaciones de sordos. Estos dos lugares, la escuela y la asociaci\u00f3n, han sido los dos pilares principales de la creaci\u00f3n y el mantenimiento de la comunidad sorda en el pasado, es decir, su habitus ling\u00ed\u00bc\u00edstico.     en segundo lugar, el movimiento social de reivindicaci\u00f3n delas minor\u00edas \u00e9tnicas que abrazaron las comunidades sordas a nivel global a partir de los a\u00f1os 60, llega a nuestro p\u00edas a mediados de los 80. Con ello, los l\u00edderes de la comunidad, presidentes de asociaciones y profesores de la lengua de signos, se conforman con un grupo de presi\u00f3n informal, que reivindica la lengua de signos como una lengua minoritaria m\u00e1s del estado. Est<\/p>\n<p>&nbsp;<\/p>\n<h3>Datos acad\u00e9micos de la tesis doctoral \u00ab<strong>La comunidad sorda como comunidad lingu\u00edstica. panorama sociolingu\u00edstico de la\/s lengua\/s de singo en espa\u00f1a<\/strong>\u00ab<\/h3>\n<ul>\n<li><strong>T\u00edtulo de la tesis:<\/strong>\u00a0 La comunidad sorda como comunidad lingu\u00edstica. panorama sociolingu\u00edstico de la\/s lengua\/s de singo en espa\u00f1a <\/li>\n<li><strong>Autor:<\/strong>\u00a0  Gras I Ferrer Vict\u00f3ria <\/li>\n<li><strong>Universidad:<\/strong>\u00a0 Barcelona<\/li>\n<li><strong>Fecha de lectura de la tesis:<\/strong>\u00a0 27\/09\/2006<\/li>\n<\/ul>\n<p>&nbsp;<\/p>\n<h3>Direcci\u00f3n y tribunal<\/h3>\n<ul>\n<li><strong>Director de la tesis<\/strong>\n<ul>\n<li>Sebasti\u00c1\u00a0 Serrano Morera<\/li>\n<\/ul>\n<\/li>\n<li><strong>Tribunal<\/strong>\n<ul>\n<li>Presidente del tribunal: Jes\u00fas Tuson valls <\/li>\n<li>xavier Falcon olmazabal (vocal)<\/li>\n<li>ernest Querol puig (vocal)<\/li>\n<li>joaquim Capdevila capdevila (vocal)<\/li>\n<\/ul>\n<\/li>\n<\/ul>\n<p>&nbsp;<\/p>\n","protected":false},"excerpt":{"rendered":"<p>Tesis doctoral de Gras I Ferrer Vict\u00f3ria El proyecto del primer censo ling\u00ed\u00bc\u00edstico de signantes en espa\u00f1a, consistente en un [&hellip;]<\/p>\n","protected":false},"author":1,"featured_media":0,"comment_status":"open","ping_status":"open","sticky":false,"template":"","format":"standard","meta":{"site-sidebar-layout":"default","site-content-layout":"","ast-site-content-layout":"","site-content-style":"default","site-sidebar-style":"default","ast-global-header-display":"","ast-banner-title-visibility":"","ast-main-header-display":"","ast-hfb-above-header-display":"","ast-hfb-below-header-display":"","ast-hfb-mobile-header-display":"","site-post-title":"","ast-breadcrumbs-content":"","ast-featured-img":"","footer-sml-layout":"","theme-transparent-header-meta":"","adv-header-id-meta":"","stick-header-meta":"","header-above-stick-meta":"","header-main-stick-meta":"","header-below-stick-meta":"","astra-migrate-meta-layouts":"default","ast-page-background-enabled":"default","ast-page-background-meta":{"desktop":{"background-color":"var(--ast-global-color-4)","background-image":"","background-repeat":"repeat","background-position":"center center","background-size":"auto","background-attachment":"scroll","background-type":"","background-media":"","overlay-type":"","overlay-color":"","overlay-gradient":""},"tablet":{"background-color":"","background-image":"","background-repeat":"repeat","background-position":"center center","background-size":"auto","background-attachment":"scroll","background-type":"","background-media":"","overlay-type":"","overlay-color":"","overlay-gradient":""},"mobile":{"background-color":"","background-image":"","background-repeat":"repeat","background-position":"center center","background-size":"auto","background-attachment":"scroll","background-type":"","background-media":"","overlay-type":"","overlay-color":"","overlay-gradient":""}},"ast-content-background-meta":{"desktop":{"background-color":"var(--ast-global-color-5)","background-image":"","background-repeat":"repeat","background-position":"center center","background-size":"auto","background-attachment":"scroll","background-type":"","background-media":"","overlay-type":"","overlay-color":"","overlay-gradient":""},"tablet":{"background-color":"var(--ast-global-color-5)","background-image":"","background-repeat":"repeat","background-position":"center center","background-size":"auto","background-attachment":"scroll","background-type":"","background-media":"","overlay-type":"","overlay-color":"","overlay-gradient":""},"mobile":{"background-color":"var(--ast-global-color-5)","background-image":"","background-repeat":"repeat","background-position":"center center","background-size":"auto","background-attachment":"scroll","background-type":"","background-media":"","overlay-type":"","overlay-color":"","overlay-gradient":""}},"footnotes":""},"categories":[951,3676],"tags":[117147,120933,12335,69543,120934,120935],"class_list":["post-54744","post","type-post","status-publish","format-standard","hentry","category-barcelona","category-sociolinguistica","tag-ernest-querol-puig","tag-gras-i-ferrer-victaria","tag-jesus-tuson-valls","tag-joaquim-capdevila-capdevila","tag-sebastia-serrano-morera","tag-xavier-falcon-olmazabal"],"_links":{"self":[{"href":"https:\/\/www.deberes.net\/tesis\/wp-json\/wp\/v2\/posts\/54744","targetHints":{"allow":["GET"]}}],"collection":[{"href":"https:\/\/www.deberes.net\/tesis\/wp-json\/wp\/v2\/posts"}],"about":[{"href":"https:\/\/www.deberes.net\/tesis\/wp-json\/wp\/v2\/types\/post"}],"author":[{"embeddable":true,"href":"https:\/\/www.deberes.net\/tesis\/wp-json\/wp\/v2\/users\/1"}],"replies":[{"embeddable":true,"href":"https:\/\/www.deberes.net\/tesis\/wp-json\/wp\/v2\/comments?post=54744"}],"version-history":[{"count":0,"href":"https:\/\/www.deberes.net\/tesis\/wp-json\/wp\/v2\/posts\/54744\/revisions"}],"wp:attachment":[{"href":"https:\/\/www.deberes.net\/tesis\/wp-json\/wp\/v2\/media?parent=54744"}],"wp:term":[{"taxonomy":"category","embeddable":true,"href":"https:\/\/www.deberes.net\/tesis\/wp-json\/wp\/v2\/categories?post=54744"},{"taxonomy":"post_tag","embeddable":true,"href":"https:\/\/www.deberes.net\/tesis\/wp-json\/wp\/v2\/tags?post=54744"}],"curies":[{"name":"wp","href":"https:\/\/api.w.org\/{rel}","templated":true}]}}