{"id":54750,"date":"2018-03-09T22:42:31","date_gmt":"2018-03-09T22:42:31","guid":{"rendered":"https:\/\/www.deberes.net\/tesis\/sin-categoria\/aproximacion-a-la-imagineria-procesional-en-el-madrid-de-la-posguerra-1940-1990\/"},"modified":"2018-03-09T22:42:31","modified_gmt":"2018-03-09T22:42:31","slug":"aproximacion-a-la-imagineria-procesional-en-el-madrid-de-la-posguerra-1940-1990","status":"publish","type":"post","link":"https:\/\/www.deberes.net\/tesis\/sin-categoria\/aproximacion-a-la-imagineria-procesional-en-el-madrid-de-la-posguerra-1940-1990\/","title":{"rendered":"Aproximaci\u00f3n a la imaginer\u00eda procesional en el Madrid de la posguerra (1940-1990)"},"content":{"rendered":"<h2>Tesis doctoral de <strong> Antonio Bonet Salamanca <\/strong><\/h2>\n<p>El presente estudio aborda el \u00e1mbito y entorno de la imaginer\u00eda religiosa y procesional en el per\u00edodo aludido, inmediato a la posguerra con directas implicaciones en la capital madrile\u00f1a. El fen\u00f3meno abordado en paralelo al emergente nacional catolicismo patente en la sociedad espa\u00f1ola de la posguerra contempla su tratamiento en origen y evoluci\u00f3n, y se prolonga hasta finales de la pasada centuria.     cap\u00edtulo espec\u00edfico es el dedicado a describir la semana santa madrile\u00f1a, desde inicios de 1940, a\u00f1o fronterizo entre lo realizado con anterioridad y el presente actualizado proyectado a nuestros d\u00edas.     igualmente lleva impl\u00edcito un cat\u00e1logo-inventario de sus directos protagonistas, los escultores e imagineros que tuvieron alguna implicaci\u00f3n, a partir de su formaci\u00f3n, estudios, exposiciones o destino de sus obras, vinculadas a Madrid, al plantear y desarrollar buena parte de su producci\u00f3n imaginaria en esta capital.     finaliza el mismo con una exposici\u00f3n de las fuentes archiv\u00edsticas y bibliogr\u00e1ficas, escasas por lo general, ante la dispersi\u00f3n y la falta de estudios emprendidos sobre la tem\u00e1tica imaginera.<\/p>\n<p>&nbsp;<\/p>\n<h3>Datos acad\u00e9micos de la tesis doctoral \u00ab<strong>Aproximaci\u00f3n a la imaginer\u00eda procesional en el Madrid de la posguerra (1940-1990)<\/strong>\u00ab<\/h3>\n<ul>\n<li><strong>T\u00edtulo de la tesis:<\/strong>\u00a0 Aproximaci\u00f3n a la imaginer\u00eda procesional en el Madrid de la posguerra (1940-1990) <\/li>\n<li><strong>Autor:<\/strong>\u00a0 Antonio Bonet Salamanca <\/li>\n<li><strong>Universidad:<\/strong>\u00a0 Complutense de Madrid<\/li>\n<li><strong>Fecha de lectura de la tesis:<\/strong>\u00a0 27\/09\/2006<\/li>\n<\/ul>\n<p>&nbsp;<\/p>\n<h3>Direcci\u00f3n y tribunal<\/h3>\n<ul>\n<li><strong>Director de la tesis<\/strong>\n<ul>\n<li>Francisco Jos\u00e9 Portela Sandoval<\/li>\n<\/ul>\n<\/li>\n<li><strong>Tribunal<\/strong>\n<ul>\n<li>Presidente del tribunal: Carlos P\u00e9rez Reyes <\/li>\n<li>Juli\u00e1n Bravo Vega (vocal)<\/li>\n<li>Marion Reder Gadow (vocal)<\/li>\n<li>Fernando Galier Marti (vocal)<\/li>\n<\/ul>\n<\/li>\n<\/ul>\n<p>&nbsp;<\/p>\n","protected":false},"excerpt":{"rendered":"<p>Tesis doctoral de Antonio Bonet Salamanca El presente estudio aborda el \u00e1mbito y entorno de la imaginer\u00eda religiosa y procesional [&hellip;]<\/p>\n","protected":false},"author":1,"featured_media":0,"comment_status":"open","ping_status":"open","sticky":false,"template":"","format":"standard","meta":{"site-sidebar-layout":"default","site-content-layout":"","ast-site-content-layout":"","site-content-style":"default","site-sidebar-style":"default","ast-global-header-display":"","ast-banner-title-visibility":"","ast-main-header-display":"","ast-hfb-above-header-display":"","ast-hfb-below-header-display":"","ast-hfb-mobile-header-display":"","site-post-title":"","ast-breadcrumbs-content":"","ast-featured-img":"","footer-sml-layout":"","theme-transparent-header-meta":"","adv-header-id-meta":"","stick-header-meta":"","header-above-stick-meta":"","header-main-stick-meta":"","header-below-stick-meta":"","astra-migrate-meta-layouts":"default","ast-page-background-enabled":"default","ast-page-background-meta":{"desktop":{"background-color":"var(--ast-global-color-4)","background-image":"","background-repeat":"repeat","background-position":"center center","background-size":"auto","background-attachment":"scroll","background-type":"","background-media":"","overlay-type":"","overlay-color":"","overlay-gradient":""},"tablet":{"background-color":"","background-image":"","background-repeat":"repeat","background-position":"center center","background-size":"auto","background-attachment":"scroll","background-type":"","background-media":"","overlay-type":"","overlay-color":"","overlay-gradient":""},"mobile":{"background-color":"","background-image":"","background-repeat":"repeat","background-position":"center center","background-size":"auto","background-attachment":"scroll","background-type":"","background-media":"","overlay-type":"","overlay-color":"","overlay-gradient":""}},"ast-content-background-meta":{"desktop":{"background-color":"var(--ast-global-color-5)","background-image":"","background-repeat":"repeat","background-position":"center center","background-size":"auto","background-attachment":"scroll","background-type":"","background-media":"","overlay-type":"","overlay-color":"","overlay-gradient":""},"tablet":{"background-color":"var(--ast-global-color-5)","background-image":"","background-repeat":"repeat","background-position":"center center","background-size":"auto","background-attachment":"scroll","background-type":"","background-media":"","overlay-type":"","overlay-color":"","overlay-gradient":""},"mobile":{"background-color":"var(--ast-global-color-5)","background-image":"","background-repeat":"repeat","background-position":"center center","background-size":"auto","background-attachment":"scroll","background-type":"","background-media":"","overlay-type":"","overlay-color":"","overlay-gradient":""}},"footnotes":""},"categories":[17784,1],"tags":[120944,5816,120945,5884,106192,7852],"class_list":["post-54750","post","type-post","status-publish","format-standard","hentry","category-geografia-de-la-religion","category-sin-categoria","tag-antonio-bonet-salamanca","tag-carlos-perez-reyes","tag-fernando-galier-marti","tag-francisco-jose-portela-sandoval","tag-julian-bravo-vega","tag-marion-reder-gadow"],"_links":{"self":[{"href":"https:\/\/www.deberes.net\/tesis\/wp-json\/wp\/v2\/posts\/54750","targetHints":{"allow":["GET"]}}],"collection":[{"href":"https:\/\/www.deberes.net\/tesis\/wp-json\/wp\/v2\/posts"}],"about":[{"href":"https:\/\/www.deberes.net\/tesis\/wp-json\/wp\/v2\/types\/post"}],"author":[{"embeddable":true,"href":"https:\/\/www.deberes.net\/tesis\/wp-json\/wp\/v2\/users\/1"}],"replies":[{"embeddable":true,"href":"https:\/\/www.deberes.net\/tesis\/wp-json\/wp\/v2\/comments?post=54750"}],"version-history":[{"count":0,"href":"https:\/\/www.deberes.net\/tesis\/wp-json\/wp\/v2\/posts\/54750\/revisions"}],"wp:attachment":[{"href":"https:\/\/www.deberes.net\/tesis\/wp-json\/wp\/v2\/media?parent=54750"}],"wp:term":[{"taxonomy":"category","embeddable":true,"href":"https:\/\/www.deberes.net\/tesis\/wp-json\/wp\/v2\/categories?post=54750"},{"taxonomy":"post_tag","embeddable":true,"href":"https:\/\/www.deberes.net\/tesis\/wp-json\/wp\/v2\/tags?post=54750"}],"curies":[{"name":"wp","href":"https:\/\/api.w.org\/{rel}","templated":true}]}}