{"id":54758,"date":"2018-03-09T22:42:31","date_gmt":"2018-03-09T22:42:31","guid":{"rendered":"https:\/\/www.deberes.net\/tesis\/sin-categoria\/john-rawls-adostasun-politikoaren-bila-erlijioa-eta-gizarte-garaikideetako-kudeaketa\/"},"modified":"2018-03-09T22:42:31","modified_gmt":"2018-03-09T22:42:31","slug":"john-rawls-adostasun-politikoaren-bila-erlijioa-eta-gizarte-garaikideetako-kudeaketa","status":"publish","type":"post","link":"https:\/\/www.deberes.net\/tesis\/historia-de-las-ideas-politicas\/john-rawls-adostasun-politikoaren-bila-erlijioa-eta-gizarte-garaikideetako-kudeaketa\/","title":{"rendered":"John rawls adostasun politikoaren bila. erlijioa eta gizarte garaikideetako kudeaketa"},"content":{"rendered":"<h2>Tesis doctoral de <strong> Xabier Agirre Urteaga <\/strong><\/h2>\n<p>John rawls, convertido ya en un autor cl\u00e1sico del pensamiento pol\u00edtico, evolucion\u00f3 su teor\u00eda de forma elocuente a lo largo de su densa obra. Haciendo o\u00eddos sordos a las criticas que se le formularon desde el neoliberalismo o el comunitarismo, rawls mantiene las grandes l\u00edneas de su justice as fairness, pero cambia de perspectiva en su justificaci\u00f3n. Por un lado, preocupado por la estabilidad de su teor\u00eda, despoja de todo contenido metaf\u00edsico kantiano a su teor\u00eda y adopta el m\u00e9todo constructivista en la presentaci\u00f3n de su propuesta moral.  para ello recurre a la cultura pol\u00edtica p\u00fablica de las democracias y all\u00ed encuentra dos conceptos sobre los que construir el resto de la teor\u00eda. Por otro lado, reinterpreta a kant y a varios cl\u00e1sicos de la filosof\u00eda y la psicolog\u00eda para demostrar que el ser humano est\u00e1 dotado, primero, de un sentimiento moral, y por consiguiente, de una capacidad moral que le empuja a tomar a consideraci\u00f3n las razones formulabas pro el resto. El sentimiento moral es el sentido de justicia y la capacidad moral es la razonabilidad.     ambas estrategias son investigadas en este trabajo a la luz de ejemplos concretos usando a lo largo de su obra,. En sus conclusiones, esta investigaci\u00f3n cree que la demostraci\u00f3n de sentimiento moral llamado sentimiento de justicia, y su correspondiente razonabilidad son una petici\u00f3n de principio excesiva  que condiciona toda su posterior teor\u00eda. Al comienzo ya se exige lo que se pretende demostrar. Por otra parte, cuando la razonabilidad, y su forma de argumentar, la raz\u00f3n p\u00fablica, son contrastadas con la realidad hist\u00f3rica, el criterio rawlsiano no funciona. Rawls trae a colocaci\u00f3n a menudo, ejemplos hist\u00f3ricos y contempor\u00e1neos relacionados con la religi\u00f3n que dejan ver la dificultad para marcar la frontera entre la teor\u00edas razonables y las no razonables. La abolici\u00f3n de la esclavitud y la defensa delos derechos civiles se consiguieron en gran medida sobre la base de argumentos rel<\/p>\n<p>&nbsp;<\/p>\n<h3>Datos acad\u00e9micos de la tesis doctoral \u00ab<strong>John rawls adostasun politikoaren bila. erlijioa eta gizarte garaikideetako kudeaketa<\/strong>\u00ab<\/h3>\n<ul>\n<li><strong>T\u00edtulo de la tesis:<\/strong>\u00a0 John rawls adostasun politikoaren bila. erlijioa eta gizarte garaikideetako kudeaketa <\/li>\n<li><strong>Autor:<\/strong>\u00a0 Xabier Agirre Urteaga <\/li>\n<li><strong>Universidad:<\/strong>\u00a0 Pa\u00eds vasco\/euskal herriko unibertsitatea<\/li>\n<li><strong>Fecha de lectura de la tesis:<\/strong>\u00a0 27\/09\/2006<\/li>\n<\/ul>\n<p>&nbsp;<\/p>\n<h3>Direcci\u00f3n y tribunal<\/h3>\n<ul>\n<li><strong>Director de la tesis<\/strong>\n<ul>\n<li> Casquete Badillo Jses\u00fas Mar\u00eda<\/li>\n<\/ul>\n<\/li>\n<li><strong>Tribunal<\/strong>\n<ul>\n<li>Presidente del tribunal: xabier Etxeberria maule\u00f3n <\/li>\n<li>Jos\u00e9 Mar\u00eda Arregui aramburu (vocal)<\/li>\n<li>ibon Uribarri zenekorta (vocal)<\/li>\n<li>Francisco Garmendia arrizabalaga (vocal)<\/li>\n<\/ul>\n<\/li>\n<\/ul>\n<p>&nbsp;<\/p>\n","protected":false},"excerpt":{"rendered":"<p>Tesis doctoral de Xabier Agirre Urteaga John rawls, convertido ya en un autor cl\u00e1sico del pensamiento pol\u00edtico, evolucion\u00f3 su teor\u00eda [&hellip;]<\/p>\n","protected":false},"author":1,"featured_media":0,"comment_status":"open","ping_status":"open","sticky":false,"template":"","format":"standard","meta":{"site-sidebar-layout":"default","site-content-layout":"","ast-site-content-layout":"","site-content-style":"default","site-sidebar-style":"default","ast-global-header-display":"","ast-banner-title-visibility":"","ast-main-header-display":"","ast-hfb-above-header-display":"","ast-hfb-below-header-display":"","ast-hfb-mobile-header-display":"","site-post-title":"","ast-breadcrumbs-content":"","ast-featured-img":"","footer-sml-layout":"","theme-transparent-header-meta":"","adv-header-id-meta":"","stick-header-meta":"","header-above-stick-meta":"","header-main-stick-meta":"","header-below-stick-meta":"","astra-migrate-meta-layouts":"default","ast-page-background-enabled":"default","ast-page-background-meta":{"desktop":{"background-color":"var(--ast-global-color-4)","background-image":"","background-repeat":"repeat","background-position":"center center","background-size":"auto","background-attachment":"scroll","background-type":"","background-media":"","overlay-type":"","overlay-color":"","overlay-gradient":""},"tablet":{"background-color":"","background-image":"","background-repeat":"repeat","background-position":"center center","background-size":"auto","background-attachment":"scroll","background-type":"","background-media":"","overlay-type":"","overlay-color":"","overlay-gradient":""},"mobile":{"background-color":"","background-image":"","background-repeat":"repeat","background-position":"center center","background-size":"auto","background-attachment":"scroll","background-type":"","background-media":"","overlay-type":"","overlay-color":"","overlay-gradient":""}},"ast-content-background-meta":{"desktop":{"background-color":"var(--ast-global-color-5)","background-image":"","background-repeat":"repeat","background-position":"center center","background-size":"auto","background-attachment":"scroll","background-type":"","background-media":"","overlay-type":"","overlay-color":"","overlay-gradient":""},"tablet":{"background-color":"var(--ast-global-color-5)","background-image":"","background-repeat":"repeat","background-position":"center center","background-size":"auto","background-attachment":"scroll","background-type":"","background-media":"","overlay-type":"","overlay-color":"","overlay-gradient":""},"mobile":{"background-color":"var(--ast-global-color-5)","background-image":"","background-repeat":"repeat","background-position":"center center","background-size":"auto","background-attachment":"scroll","background-type":"","background-media":"","overlay-type":"","overlay-color":"","overlay-gradient":""}},"footnotes":""},"categories":[8535,6008,3538,12909],"tags":[120960,31937,120962,120961,120959,45202],"class_list":["post-54758","post","type-post","status-publish","format-standard","hentry","category-filosofia-actual","category-filosofia-politica","category-historia-de-las-ideas-politicas","category-pais-vasco-euskal-herriko-unibertsitatea","tag-casquete-badillo-jsesus-maria","tag-francisco-garmendia-arrizabalaga","tag-ibon-uribarri-zenekorta","tag-jose-maria-arregui-aramburu","tag-xabier-agirre-urteaga","tag-xabier-etxeberria-mauleon"],"_links":{"self":[{"href":"https:\/\/www.deberes.net\/tesis\/wp-json\/wp\/v2\/posts\/54758","targetHints":{"allow":["GET"]}}],"collection":[{"href":"https:\/\/www.deberes.net\/tesis\/wp-json\/wp\/v2\/posts"}],"about":[{"href":"https:\/\/www.deberes.net\/tesis\/wp-json\/wp\/v2\/types\/post"}],"author":[{"embeddable":true,"href":"https:\/\/www.deberes.net\/tesis\/wp-json\/wp\/v2\/users\/1"}],"replies":[{"embeddable":true,"href":"https:\/\/www.deberes.net\/tesis\/wp-json\/wp\/v2\/comments?post=54758"}],"version-history":[{"count":0,"href":"https:\/\/www.deberes.net\/tesis\/wp-json\/wp\/v2\/posts\/54758\/revisions"}],"wp:attachment":[{"href":"https:\/\/www.deberes.net\/tesis\/wp-json\/wp\/v2\/media?parent=54758"}],"wp:term":[{"taxonomy":"category","embeddable":true,"href":"https:\/\/www.deberes.net\/tesis\/wp-json\/wp\/v2\/categories?post=54758"},{"taxonomy":"post_tag","embeddable":true,"href":"https:\/\/www.deberes.net\/tesis\/wp-json\/wp\/v2\/tags?post=54758"}],"curies":[{"name":"wp","href":"https:\/\/api.w.org\/{rel}","templated":true}]}}