{"id":54768,"date":"2018-03-09T22:42:31","date_gmt":"2018-03-09T22:42:31","guid":{"rendered":"https:\/\/www.deberes.net\/tesis\/sin-categoria\/derechos-humanos-y-diversidad-una-posible-conciliacion\/"},"modified":"2018-03-09T22:42:31","modified_gmt":"2018-03-09T22:42:31","slug":"derechos-humanos-y-diversidad-una-posible-conciliacion","status":"publish","type":"post","link":"https:\/\/www.deberes.net\/tesis\/derecho-internacional\/derechos-humanos-y-diversidad-una-posible-conciliacion\/","title":{"rendered":"Derechos humanos y diversidad: una posible conciliaci\u00f3n."},"content":{"rendered":"<h2>Tesis doctoral de <strong> David Jos\u00e9 Geraldes Falcao <\/strong><\/h2>\n<p>La presente tesis describe una propuesta de conciliaci\u00f3n entre derechos humanos y diversidad cultural reeencontrada en el mundo tr\u00e1s la ca\u00edda del muro de berl\u00edn y el final de la guerra fr\u00eda. En primer lugar, procedemos a un an\u00e1lisis de los principales puntos argumentativos del actual debate entre universalistas y relativistas. en segundo lugar, exponemos un modelo de articulaci\u00f3n entre derechos humanos y diversidad cultural basado en tr\u00e9s puntos distintos: rechazar el asimilacionismo sin caer en el relativismo; admitir una flexibilidad de las pol\u00edticas concretas de desarrollo de los derechos humanos de acuerdo con las especificidades de cada grupo cultural pero sin desnaturalizar los contenidos axiol\u00f3gicos de referidos derechos;el di\u00e1logo intercultural. En tercer lugar, hacemos la actualizaci\u00f3n de este debate procediendo a la elaboraci\u00f3n del estado de la cuesti\u00f3n.<\/p>\n<p>&nbsp;<\/p>\n<h3>Datos acad\u00e9micos de la tesis doctoral \u00ab<strong>Derechos humanos y diversidad: una posible conciliaci\u00f3n.<\/strong>\u00ab<\/h3>\n<ul>\n<li><strong>T\u00edtulo de la tesis:<\/strong>\u00a0 Derechos humanos y diversidad: una posible conciliaci\u00f3n. <\/li>\n<li><strong>Autor:<\/strong>\u00a0 David Jos\u00e9 Geraldes Falcao <\/li>\n<li><strong>Universidad:<\/strong>\u00a0 Salamanca<\/li>\n<li><strong>Fecha de lectura de la tesis:<\/strong>\u00a0 27\/09\/2006<\/li>\n<\/ul>\n<p>&nbsp;<\/p>\n<h3>Direcci\u00f3n y tribunal<\/h3>\n<ul>\n<li><strong>Director de la tesis<\/strong>\n<ul>\n<li>Esther Martinez Quinteiro<\/li>\n<\/ul>\n<\/li>\n<li><strong>Tribunal<\/strong>\n<ul>\n<li>Presidente del tribunal: mercedes Samaniego boneu <\/li>\n<li>guillermo a. P\u00e9rez s\u00e1nchez (vocal)<\/li>\n<li>Juan  Carlos Pereira casta\u00f1ares (vocal)<\/li>\n<li>ricardo Martin  de la guardia (vocal)<\/li>\n<\/ul>\n<\/li>\n<\/ul>\n<p>&nbsp;<\/p>\n","protected":false},"excerpt":{"rendered":"<p>Tesis doctoral de David Jos\u00e9 Geraldes Falcao La presente tesis describe una propuesta de conciliaci\u00f3n entre derechos humanos y diversidad [&hellip;]<\/p>\n","protected":false},"author":1,"featured_media":0,"comment_status":"open","ping_status":"open","sticky":false,"template":"","format":"standard","meta":{"site-sidebar-layout":"default","site-content-layout":"","ast-site-content-layout":"","site-content-style":"default","site-sidebar-style":"default","ast-global-header-display":"","ast-banner-title-visibility":"","ast-main-header-display":"","ast-hfb-above-header-display":"","ast-hfb-below-header-display":"","ast-hfb-mobile-header-display":"","site-post-title":"","ast-breadcrumbs-content":"","ast-featured-img":"","footer-sml-layout":"","theme-transparent-header-meta":"","adv-header-id-meta":"","stick-header-meta":"","header-above-stick-meta":"","header-main-stick-meta":"","header-below-stick-meta":"","astra-migrate-meta-layouts":"default","ast-page-background-enabled":"default","ast-page-background-meta":{"desktop":{"background-color":"var(--ast-global-color-4)","background-image":"","background-repeat":"repeat","background-position":"center center","background-size":"auto","background-attachment":"scroll","background-type":"","background-media":"","overlay-type":"","overlay-color":"","overlay-gradient":""},"tablet":{"background-color":"","background-image":"","background-repeat":"repeat","background-position":"center center","background-size":"auto","background-attachment":"scroll","background-type":"","background-media":"","overlay-type":"","overlay-color":"","overlay-gradient":""},"mobile":{"background-color":"","background-image":"","background-repeat":"repeat","background-position":"center center","background-size":"auto","background-attachment":"scroll","background-type":"","background-media":"","overlay-type":"","overlay-color":"","overlay-gradient":""}},"ast-content-background-meta":{"desktop":{"background-color":"var(--ast-global-color-5)","background-image":"","background-repeat":"repeat","background-position":"center center","background-size":"auto","background-attachment":"scroll","background-type":"","background-media":"","overlay-type":"","overlay-color":"","overlay-gradient":""},"tablet":{"background-color":"var(--ast-global-color-5)","background-image":"","background-repeat":"repeat","background-position":"center center","background-size":"auto","background-attachment":"scroll","background-type":"","background-media":"","overlay-type":"","overlay-color":"","overlay-gradient":""},"mobile":{"background-color":"var(--ast-global-color-5)","background-image":"","background-repeat":"repeat","background-position":"center center","background-size":"auto","background-attachment":"scroll","background-type":"","background-media":"","overlay-type":"","overlay-color":"","overlay-gradient":""}},"footnotes":""},"categories":[1211,9386],"tags":[120983,7057,27914,6905,9864,61855],"class_list":["post-54768","post","type-post","status-publish","format-standard","hentry","category-derecho-internacional","category-salamanca","tag-david-jose-geraldes-falcao","tag-esther-Martinez-quinteiro","tag-guillermo-a-perez-sanchez","tag-juan-carlos-pereira-castanares","tag-mercedes-samaniego-boneu","tag-ricardo-martin-de-la-guardia"],"_links":{"self":[{"href":"https:\/\/www.deberes.net\/tesis\/wp-json\/wp\/v2\/posts\/54768","targetHints":{"allow":["GET"]}}],"collection":[{"href":"https:\/\/www.deberes.net\/tesis\/wp-json\/wp\/v2\/posts"}],"about":[{"href":"https:\/\/www.deberes.net\/tesis\/wp-json\/wp\/v2\/types\/post"}],"author":[{"embeddable":true,"href":"https:\/\/www.deberes.net\/tesis\/wp-json\/wp\/v2\/users\/1"}],"replies":[{"embeddable":true,"href":"https:\/\/www.deberes.net\/tesis\/wp-json\/wp\/v2\/comments?post=54768"}],"version-history":[{"count":0,"href":"https:\/\/www.deberes.net\/tesis\/wp-json\/wp\/v2\/posts\/54768\/revisions"}],"wp:attachment":[{"href":"https:\/\/www.deberes.net\/tesis\/wp-json\/wp\/v2\/media?parent=54768"}],"wp:term":[{"taxonomy":"category","embeddable":true,"href":"https:\/\/www.deberes.net\/tesis\/wp-json\/wp\/v2\/categories?post=54768"},{"taxonomy":"post_tag","embeddable":true,"href":"https:\/\/www.deberes.net\/tesis\/wp-json\/wp\/v2\/tags?post=54768"}],"curies":[{"name":"wp","href":"https:\/\/api.w.org\/{rel}","templated":true}]}}