{"id":54778,"date":"2018-03-09T22:42:31","date_gmt":"2018-03-09T22:42:31","guid":{"rendered":"https:\/\/www.deberes.net\/tesis\/sin-categoria\/la-ciencia-ficcion-en-espana-1950-2000\/"},"modified":"2018-03-09T22:42:31","modified_gmt":"2018-03-09T22:42:31","slug":"la-ciencia-ficcion-en-espana-1950-2000","status":"publish","type":"post","link":"https:\/\/www.deberes.net\/tesis\/sin-categoria\/la-ciencia-ficcion-en-espana-1950-2000\/","title":{"rendered":"La ciencia-ficci\u00f3n en espa\u00f1a (1950-2000)"},"content":{"rendered":"<h2>Tesis doctoral de <strong> Fernando \u00e1ngel Moreno Serrano <\/strong><\/h2>\n<p>Planteamiento del g\u00e9nero literario de la ciencia-ficci\u00f3n como recurso ret\u00f3rico-hist\u00f3rico con unas posibilidades casi desconocidas. Como complemento se repasa una historia de dicho g\u00e9nero en espa\u00f1a y en el extranjero, se establece una tipolog\u00eda por instancias narrativas y el an\u00e1lisis de un corpus.<\/p>\n<p>&nbsp;<\/p>\n<h3>Datos acad\u00e9micos de la tesis doctoral \u00ab<strong>La ciencia-ficci\u00f3n en espa\u00f1a (1950-2000)<\/strong>\u00ab<\/h3>\n<ul>\n<li><strong>T\u00edtulo de la tesis:<\/strong>\u00a0 La ciencia-ficci\u00f3n en espa\u00f1a (1950-2000) <\/li>\n<li><strong>Autor:<\/strong>\u00a0 Fernando \u00e1ngel Moreno Serrano <\/li>\n<li><strong>Universidad:<\/strong>\u00a0 Complutense de Madrid<\/li>\n<li><strong>Fecha de lectura de la tesis:<\/strong>\u00a0 28\/09\/2006<\/li>\n<\/ul>\n<p>&nbsp;<\/p>\n<h3>Direcci\u00f3n y tribunal<\/h3>\n<ul>\n<li><strong>Director de la tesis<\/strong>\n<ul>\n<li> Villar D\u00e9gano Juan  Felipe<\/li>\n<\/ul>\n<\/li>\n<li><strong>Tribunal<\/strong>\n<ul>\n<li>Presidente del tribunal: Antonio  pedro Garcia berrio  hernandez <\/li>\n<li>Mar\u00eda teresa Hern\u00e1ndez fern\u00e1ndez (vocal)<\/li>\n<li> Prado biezma Francisco Javierdel (vocal)<\/li>\n<li>alfredo Salda\u00f1a sagredo (vocal)<\/li>\n<\/ul>\n<\/li>\n<\/ul>\n<p>&nbsp;<\/p>\n","protected":false},"excerpt":{"rendered":"<p>Tesis doctoral de Fernando \u00e1ngel Moreno Serrano Planteamiento del g\u00e9nero literario de la ciencia-ficci\u00f3n como recurso ret\u00f3rico-hist\u00f3rico con unas posibilidades [&hellip;]<\/p>\n","protected":false},"author":1,"featured_media":0,"comment_status":"open","ping_status":"open","sticky":false,"template":"","format":"standard","meta":{"site-sidebar-layout":"default","site-content-layout":"","ast-site-content-layout":"","site-content-style":"default","site-sidebar-style":"default","ast-global-header-display":"","ast-banner-title-visibility":"","ast-main-header-display":"","ast-hfb-above-header-display":"","ast-hfb-below-header-display":"","ast-hfb-mobile-header-display":"","site-post-title":"","ast-breadcrumbs-content":"","ast-featured-img":"","footer-sml-layout":"","theme-transparent-header-meta":"","adv-header-id-meta":"","stick-header-meta":"","header-above-stick-meta":"","header-main-stick-meta":"","header-below-stick-meta":"","astra-migrate-meta-layouts":"default","ast-page-background-enabled":"default","ast-page-background-meta":{"desktop":{"background-color":"var(--ast-global-color-4)","background-image":"","background-repeat":"repeat","background-position":"center center","background-size":"auto","background-attachment":"scroll","background-type":"","background-media":"","overlay-type":"","overlay-color":"","overlay-gradient":""},"tablet":{"background-color":"","background-image":"","background-repeat":"repeat","background-position":"center center","background-size":"auto","background-attachment":"scroll","background-type":"","background-media":"","overlay-type":"","overlay-color":"","overlay-gradient":""},"mobile":{"background-color":"","background-image":"","background-repeat":"repeat","background-position":"center center","background-size":"auto","background-attachment":"scroll","background-type":"","background-media":"","overlay-type":"","overlay-color":"","overlay-gradient":""}},"ast-content-background-meta":{"desktop":{"background-color":"var(--ast-global-color-5)","background-image":"","background-repeat":"repeat","background-position":"center center","background-size":"auto","background-attachment":"scroll","background-type":"","background-media":"","overlay-type":"","overlay-color":"","overlay-gradient":""},"tablet":{"background-color":"var(--ast-global-color-5)","background-image":"","background-repeat":"repeat","background-position":"center center","background-size":"auto","background-attachment":"scroll","background-type":"","background-media":"","overlay-type":"","overlay-color":"","overlay-gradient":""},"mobile":{"background-color":"var(--ast-global-color-5)","background-image":"","background-repeat":"repeat","background-position":"center center","background-size":"auto","background-attachment":"scroll","background-type":"","background-media":"","overlay-type":"","overlay-color":"","overlay-gradient":""}},"footnotes":""},"categories":[1],"tags":[29000,14762,121006,19385,121007,22597],"class_list":["post-54778","post","type-post","status-publish","format-standard","hentry","category-sin-categoria","tag-alfredo-saldana-sagredo","tag-antonio-pedro-garcia-berrio-hernandez","tag-fernando-angel-moreno-serrano","tag-maria-teresa-hernandez-fernandez","tag-prado-biezma-francisco-javierdel","tag-villar-degano-juan-felipe"],"_links":{"self":[{"href":"https:\/\/www.deberes.net\/tesis\/wp-json\/wp\/v2\/posts\/54778","targetHints":{"allow":["GET"]}}],"collection":[{"href":"https:\/\/www.deberes.net\/tesis\/wp-json\/wp\/v2\/posts"}],"about":[{"href":"https:\/\/www.deberes.net\/tesis\/wp-json\/wp\/v2\/types\/post"}],"author":[{"embeddable":true,"href":"https:\/\/www.deberes.net\/tesis\/wp-json\/wp\/v2\/users\/1"}],"replies":[{"embeddable":true,"href":"https:\/\/www.deberes.net\/tesis\/wp-json\/wp\/v2\/comments?post=54778"}],"version-history":[{"count":0,"href":"https:\/\/www.deberes.net\/tesis\/wp-json\/wp\/v2\/posts\/54778\/revisions"}],"wp:attachment":[{"href":"https:\/\/www.deberes.net\/tesis\/wp-json\/wp\/v2\/media?parent=54778"}],"wp:term":[{"taxonomy":"category","embeddable":true,"href":"https:\/\/www.deberes.net\/tesis\/wp-json\/wp\/v2\/categories?post=54778"},{"taxonomy":"post_tag","embeddable":true,"href":"https:\/\/www.deberes.net\/tesis\/wp-json\/wp\/v2\/tags?post=54778"}],"curies":[{"name":"wp","href":"https:\/\/api.w.org\/{rel}","templated":true}]}}