{"id":54785,"date":"2018-03-09T22:42:31","date_gmt":"2018-03-09T22:42:31","guid":{"rendered":"https:\/\/www.deberes.net\/tesis\/sin-categoria\/aproximacion-a-los-factores-determinantes-de-la-competitividad-de-la-empresa-de-distribucion-comercial\/"},"modified":"2018-03-09T22:42:31","modified_gmt":"2018-03-09T22:42:31","slug":"aproximacion-a-los-factores-determinantes-de-la-competitividad-de-la-empresa-de-distribucion-comercial","status":"publish","type":"post","link":"https:\/\/www.deberes.net\/tesis\/sector-de-negocios-y-comercio\/aproximacion-a-los-factores-determinantes-de-la-competitividad-de-la-empresa-de-distribucion-comercial\/","title":{"rendered":"Aproximacion a los factores determinantes de la competitividad de la empresa de distribucion comercial"},"content":{"rendered":"<h2>Tesis doctoral de <strong>  Fuentes Medina M. Lilibeth <\/strong><\/h2>\n<p>Los objetivos del trabajo se centran por un lado en medir y determinar la competitividad de las empresas comerciales integrando las visiones ex &#8211; ante y ex &#8211; post de la misma, de forma que se considera que la competitividad es un proceso din\u00e1mico que se produce a lo largo de un per\u00edodo temporal. Por otro lado se persigue identificar los factores internos determinantes de la competitividad de las empresas comerciales seg\u00fan la medida dise\u00f1ada al efecto. para el cumplimiento de los objetivos anteriores se dise\u00f1a la investigaci\u00f3n emp\u00edrica dividi\u00e9ndola en cuatro etapas. En la primera se dise\u00f1a y aplica a los datos la medida de la competitividad de la empresa comercial, en la segunda se eligen, justifican los factores internos de competitividad en las muestras consideradas. La tercera dise\u00f1a un perfil caracter\u00edstico de las empresas seg\u00fan su grado de competitividad y por \u00faltimo se identifican los factores internos determinantes de la competitividad de la empresa comercial. los datos y variables proceden de dos \u00e1mbitos, por un lado de un cuestionario pasado al gerente de 194 empresas mayoristas y minoristas ubicadas en el area metropolitana de la provincia de santa cruz de tenerife y por otro lado de las cuentas anuales de dichas empresas depositadas en el registro mercantil de la provincia. se dise\u00f1a un modelo de competitividad de la empresa comercial en el marco de la teor\u00eda de los recursos y capacidades a partir del cual se se contrastan siete hip\u00f3tesis. La primera de ellas plantea que son los recursos intangibles los que otorgan efectivamente una ventaja competitiva a las empresas comerciales. Las siete siguientes plantean la el sentido de la influencia que otros tantos grupos de factores ex -ante definidos por los recursos internos de las empresas, ejercen sobre la competitividad de las empresas de la muestra.. el contraste del modelo se lleva a cabo a trav\u00e9s de dos t\u00e9cnicas de clasificaci\u00f3n similares. Una de tipo no param\u00e9trico y m\u00e1s tradicio<\/p>\n<p>&nbsp;<\/p>\n<h3>Datos acad\u00e9micos de la tesis doctoral \u00ab<strong>Aproximacion a los factores determinantes de la competitividad de la empresa de distribucion comercial<\/strong>\u00ab<\/h3>\n<ul>\n<li><strong>T\u00edtulo de la tesis:<\/strong>\u00a0 Aproximacion a los factores determinantes de la competitividad de la empresa de distribucion comercial <\/li>\n<li><strong>Autor:<\/strong>\u00a0  Fuentes Medina M. Lilibeth <\/li>\n<li><strong>Universidad:<\/strong>\u00a0 La laguna<\/li>\n<li><strong>Fecha de lectura de la tesis:<\/strong>\u00a0 28\/09\/2006<\/li>\n<\/ul>\n<p>&nbsp;<\/p>\n<h3>Direcci\u00f3n y tribunal<\/h3>\n<ul>\n<li><strong>Director de la tesis<\/strong>\n<ul>\n<li>Urbano Medina Hernandez<\/li>\n<\/ul>\n<\/li>\n<li><strong>Tribunal<\/strong>\n<ul>\n<li>Presidente del tribunal:  De Miguel hidalgo alberto <\/li>\n<li>Manuel Navarro iba\u00f1ez (vocal)<\/li>\n<li>valentin Azofra palenzuela (vocal)<\/li>\n<li>concepcion Verona martel (vocal)<\/li>\n<\/ul>\n<\/li>\n<\/ul>\n<p>&nbsp;<\/p>\n","protected":false},"excerpt":{"rendered":"<p>Tesis doctoral de Fuentes Medina M. Lilibeth Los objetivos del trabajo se centran por un lado en medir y determinar [&hellip;]<\/p>\n","protected":false},"author":1,"featured_media":0,"comment_status":"open","ping_status":"open","sticky":false,"template":"","format":"standard","meta":{"site-sidebar-layout":"default","site-content-layout":"","ast-site-content-layout":"","site-content-style":"default","site-sidebar-style":"default","ast-global-header-display":"","ast-banner-title-visibility":"","ast-main-header-display":"","ast-hfb-above-header-display":"","ast-hfb-below-header-display":"","ast-hfb-mobile-header-display":"","site-post-title":"","ast-breadcrumbs-content":"","ast-featured-img":"","footer-sml-layout":"","theme-transparent-header-meta":"","adv-header-id-meta":"","stick-header-meta":"","header-above-stick-meta":"","header-main-stick-meta":"","header-below-stick-meta":"","astra-migrate-meta-layouts":"default","ast-page-background-enabled":"default","ast-page-background-meta":{"desktop":{"background-color":"var(--ast-global-color-4)","background-image":"","background-repeat":"repeat","background-position":"center center","background-size":"auto","background-attachment":"scroll","background-type":"","background-media":"","overlay-type":"","overlay-color":"","overlay-gradient":""},"tablet":{"background-color":"","background-image":"","background-repeat":"repeat","background-position":"center center","background-size":"auto","background-attachment":"scroll","background-type":"","background-media":"","overlay-type":"","overlay-color":"","overlay-gradient":""},"mobile":{"background-color":"","background-image":"","background-repeat":"repeat","background-position":"center center","background-size":"auto","background-attachment":"scroll","background-type":"","background-media":"","overlay-type":"","overlay-color":"","overlay-gradient":""}},"ast-content-background-meta":{"desktop":{"background-color":"var(--ast-global-color-5)","background-image":"","background-repeat":"repeat","background-position":"center center","background-size":"auto","background-attachment":"scroll","background-type":"","background-media":"","overlay-type":"","overlay-color":"","overlay-gradient":""},"tablet":{"background-color":"var(--ast-global-color-5)","background-image":"","background-repeat":"repeat","background-position":"center center","background-size":"auto","background-attachment":"scroll","background-type":"","background-media":"","overlay-type":"","overlay-color":"","overlay-gradient":""},"mobile":{"background-color":"var(--ast-global-color-5)","background-image":"","background-repeat":"repeat","background-position":"center center","background-size":"auto","background-attachment":"scroll","background-type":"","background-media":"","overlay-type":"","overlay-color":"","overlay-gradient":""}},"footnotes":""},"categories":[9915,1302,377],"tags":[97551,9264,121020,10284,51630,1138],"class_list":["post-54785","post","type-post","status-publish","format-standard","hentry","category-la-laguna","category-organizacion-y-gestion-de-empresas","category-sector-de-negocios-y-comercio","tag-concepcion-verona-martel","tag-de-miguel-hidalgo-alberto","tag-fuentes-medina-m-lilibeth","tag-manuel-navarro-ibanez","tag-urbano-medina-hernandez","tag-valentin-azofra-palenzuela"],"_links":{"self":[{"href":"https:\/\/www.deberes.net\/tesis\/wp-json\/wp\/v2\/posts\/54785","targetHints":{"allow":["GET"]}}],"collection":[{"href":"https:\/\/www.deberes.net\/tesis\/wp-json\/wp\/v2\/posts"}],"about":[{"href":"https:\/\/www.deberes.net\/tesis\/wp-json\/wp\/v2\/types\/post"}],"author":[{"embeddable":true,"href":"https:\/\/www.deberes.net\/tesis\/wp-json\/wp\/v2\/users\/1"}],"replies":[{"embeddable":true,"href":"https:\/\/www.deberes.net\/tesis\/wp-json\/wp\/v2\/comments?post=54785"}],"version-history":[{"count":0,"href":"https:\/\/www.deberes.net\/tesis\/wp-json\/wp\/v2\/posts\/54785\/revisions"}],"wp:attachment":[{"href":"https:\/\/www.deberes.net\/tesis\/wp-json\/wp\/v2\/media?parent=54785"}],"wp:term":[{"taxonomy":"category","embeddable":true,"href":"https:\/\/www.deberes.net\/tesis\/wp-json\/wp\/v2\/categories?post=54785"},{"taxonomy":"post_tag","embeddable":true,"href":"https:\/\/www.deberes.net\/tesis\/wp-json\/wp\/v2\/tags?post=54785"}],"curies":[{"name":"wp","href":"https:\/\/api.w.org\/{rel}","templated":true}]}}