{"id":54855,"date":"2006-02-10T00:00:00","date_gmt":"2006-02-10T00:00:00","guid":{"rendered":"https:\/\/www.deberes.net\/tesis\/sin-categoria\/la-participacion-ciudadana-desde-una-perspectiva-no-asociativa-y-los-nuevos-mecanismos-de-innovacion-democratica-de-base-local-el-caso-de-los-presupuestos-participativos-y-los-foros-ciudadanos\/"},"modified":"2006-02-10T00:00:00","modified_gmt":"2006-02-10T00:00:00","slug":"la-participacion-ciudadana-desde-una-perspectiva-no-asociativa-y-los-nuevos-mecanismos-de-innovacion-democratica-de-base-local-el-caso-de-los-presupuestos-participativos-y-los-foros-ciudadanos","status":"publish","type":"post","link":"https:\/\/www.deberes.net\/tesis\/politica-social\/la-participacion-ciudadana-desde-una-perspectiva-no-asociativa-y-los-nuevos-mecanismos-de-innovacion-democratica-de-base-local-el-caso-de-los-presupuestos-participativos-y-los-foros-ciudadanos\/","title":{"rendered":"La participaci\u00f3n ciudadana desde una perspectiva no asociativa y los nuevos mecanismos de innovaci\u00f3n democr\u00e1tica de base local. el caso de los presupuestos participativos y los foros ciudadanos."},"content":{"rendered":"<h2>Tesis doctoral de <strong> Francisco Jos\u00e9 Franc\u00e9s Garc\u00eda <\/strong><\/h2>\n<p>La tesis plantea el abordaje emp\u00edrico de la investigaci\u00f3n a la participaci\u00f3n ciudadana desde una perspectiva no asociativa. El creciente inter\u00e9s institucional y acad\u00e9mico por las nuevas formas de participaci\u00f3n de la ciudadan\u00eda en la gesti\u00f3n p\u00fablica, unido a los crecientes cambios que acontecen en la escena participativa hacen recomendable una reformulaci\u00f3n en el de los significados y las estrategias del ciudadano en relaci\u00f3n a su implicaci\u00f3n dentro de la esfera p\u00fablica.Diversas investigaciones registran una creciente desafecci\u00f3n de los sujetos respecto a los espacios y canales de participaci\u00f3n social propios de las democracias representativas. El alejamiento de la pol\u00edtica y los pol\u00edticos tal y como operan en las democracias representativas occidentales, unido a la crisis de otros actores claves en la interlocuci\u00f3n entre instituciones y ciuidadanos, tales como las asociaciones y colectivos formales, muestran un escenario participativo en trance de transformaci\u00f3n, del que se intenta ocupar esta tesis.El an\u00e1lisis de las caracter\u00edsticas de un nuevo espacio participativo emergente y el lugar que ocupa en \u00e9l las nuevas formas de participaci\u00f3n ocupan el lugar central de esta tesis.En este sentido se lleva a cabo una revisi\u00f3n de los distintos canales de participaci\u00f3n existentes y su alcance en relaci\u00f3n a tres dimensiones propias de los procesos participativos: inclusividad, intensidad e influencia como veh\u00edculos de acci\u00f3n social y pol\u00edtica. Paralelamente se exploran, a trav\u00e9s de la t\u00e9cnica de modelos estructurales de covarianzas, diversas variables y estructuras explicativas en torno a las motivaciones y conductas participativas de los sujetos.De la informaci\u00f3n construida a partir de estos an\u00e1lisis se procede al acercamiento emp\u00edrico de dos figuras participativas concretas susceptibles de ser calificadas dentro de los mecanismos de innovaci\u00f3n democr\u00e1tica local: el presupuesto participativo y el foro ciudadano vinculante, ambos como exper<\/p>\n<p>&nbsp;<\/p>\n<h3>Datos acad\u00e9micos de la tesis doctoral \u00ab<strong>La participaci\u00f3n ciudadana desde una perspectiva no asociativa y los nuevos mecanismos de innovaci\u00f3n democr\u00e1tica de base local. el caso de los presupuestos participativos y los foros ciudadanos.<\/strong>\u00ab<\/h3>\n<ul>\n<li><strong>T\u00edtulo de la tesis:<\/strong>\u00a0 La participaci\u00f3n ciudadana desde una perspectiva no asociativa y los nuevos mecanismos de innovaci\u00f3n democr\u00e1tica de base local. el caso de los presupuestos participativos y los foros ciudadanos. <\/li>\n<li><strong>Autor:<\/strong>\u00a0 Francisco Jos\u00e9 Franc\u00e9s Garc\u00eda <\/li>\n<li><strong>Universidad:<\/strong>\u00a0 Alicante<\/li>\n<li><strong>Fecha de lectura de la tesis:<\/strong>\u00a0 02\/10\/2006<\/li>\n<\/ul>\n<p>&nbsp;<\/p>\n<h3>Direcci\u00f3n y tribunal<\/h3>\n<ul>\n<li><strong>Director de la tesis<\/strong>\n<ul>\n<li> Jos\u00e9 Tom\u00e1s Garc\u00eda Garc\u00eda<\/li>\n<\/ul>\n<\/li>\n<li><strong>Tribunal<\/strong>\n<ul>\n<li>Presidente del tribunal: hern\u00e1ndez Cristina l\u00f3pez <\/li>\n<li> Francisco Javiergarrido Garc\u00eda (vocal)<\/li>\n<li>nistal Tom\u00e1s alberich (vocal)<\/li>\n<li>raul Ruiz callado (vocal)<\/li>\n<\/ul>\n<\/li>\n<\/ul>\n<p>&nbsp;<\/p>\n","protected":false},"excerpt":{"rendered":"<p>Tesis doctoral de Francisco Jos\u00e9 Franc\u00e9s Garc\u00eda La tesis plantea el abordaje emp\u00edrico de la investigaci\u00f3n a la participaci\u00f3n ciudadana [&hellip;]<\/p>\n","protected":false},"author":1,"featured_media":0,"comment_status":"open","ping_status":"open","sticky":false,"template":"","format":"standard","meta":{"site-sidebar-layout":"default","site-content-layout":"","ast-site-content-layout":"","site-content-style":"default","site-sidebar-style":"default","ast-global-header-display":"","ast-banner-title-visibility":"","ast-main-header-display":"","ast-hfb-above-header-display":"","ast-hfb-below-header-display":"","ast-hfb-mobile-header-display":"","site-post-title":"","ast-breadcrumbs-content":"","ast-featured-img":"","footer-sml-layout":"","theme-transparent-header-meta":"","adv-header-id-meta":"","stick-header-meta":"","header-above-stick-meta":"","header-main-stick-meta":"","header-below-stick-meta":"","astra-migrate-meta-layouts":"default","ast-page-background-enabled":"default","ast-page-background-meta":{"desktop":{"background-color":"var(--ast-global-color-4)","background-image":"","background-repeat":"repeat","background-position":"center center","background-size":"auto","background-attachment":"scroll","background-type":"","background-media":"","overlay-type":"","overlay-color":"","overlay-gradient":""},"tablet":{"background-color":"","background-image":"","background-repeat":"repeat","background-position":"center center","background-size":"auto","background-attachment":"scroll","background-type":"","background-media":"","overlay-type":"","overlay-color":"","overlay-gradient":""},"mobile":{"background-color":"","background-image":"","background-repeat":"repeat","background-position":"center center","background-size":"auto","background-attachment":"scroll","background-type":"","background-media":"","overlay-type":"","overlay-color":"","overlay-gradient":""}},"ast-content-background-meta":{"desktop":{"background-color":"var(--ast-global-color-5)","background-image":"","background-repeat":"repeat","background-position":"center center","background-size":"auto","background-attachment":"scroll","background-type":"","background-media":"","overlay-type":"","overlay-color":"","overlay-gradient":""},"tablet":{"background-color":"var(--ast-global-color-5)","background-image":"","background-repeat":"repeat","background-position":"center center","background-size":"auto","background-attachment":"scroll","background-type":"","background-media":"","overlay-type":"","overlay-color":"","overlay-gradient":""},"mobile":{"background-color":"var(--ast-global-color-5)","background-image":"","background-repeat":"repeat","background-position":"center center","background-size":"auto","background-attachment":"scroll","background-type":"","background-media":"","overlay-type":"","overlay-color":"","overlay-gradient":""}},"footnotes":""},"categories":[19166,18484,9647,32760,3984],"tags":[121172,121169,121171,121170,121173,121174],"class_list":["post-54855","post","type-post","status-publish","format-standard","hentry","category-alicante","category-comportamiento-politico","category-desarrollo-y-politica-social","category-metodos-de-investigacion-social","category-politica-social","tag-francisco-javiergarrido-garcia","tag-francisco-jose-frances-garcia","tag-hernandez-cristina-lopez","tag-jose-tomas-garcia-garcia","tag-nistal-tomas-alberich","tag-raul-ruiz-callado"],"_links":{"self":[{"href":"https:\/\/www.deberes.net\/tesis\/wp-json\/wp\/v2\/posts\/54855","targetHints":{"allow":["GET"]}}],"collection":[{"href":"https:\/\/www.deberes.net\/tesis\/wp-json\/wp\/v2\/posts"}],"about":[{"href":"https:\/\/www.deberes.net\/tesis\/wp-json\/wp\/v2\/types\/post"}],"author":[{"embeddable":true,"href":"https:\/\/www.deberes.net\/tesis\/wp-json\/wp\/v2\/users\/1"}],"replies":[{"embeddable":true,"href":"https:\/\/www.deberes.net\/tesis\/wp-json\/wp\/v2\/comments?post=54855"}],"version-history":[{"count":0,"href":"https:\/\/www.deberes.net\/tesis\/wp-json\/wp\/v2\/posts\/54855\/revisions"}],"wp:attachment":[{"href":"https:\/\/www.deberes.net\/tesis\/wp-json\/wp\/v2\/media?parent=54855"}],"wp:term":[{"taxonomy":"category","embeddable":true,"href":"https:\/\/www.deberes.net\/tesis\/wp-json\/wp\/v2\/categories?post=54855"},{"taxonomy":"post_tag","embeddable":true,"href":"https:\/\/www.deberes.net\/tesis\/wp-json\/wp\/v2\/tags?post=54855"}],"curies":[{"name":"wp","href":"https:\/\/api.w.org\/{rel}","templated":true}]}}