{"id":54881,"date":"2006-04-10T00:00:00","date_gmt":"2006-04-10T00:00:00","guid":{"rendered":"https:\/\/www.deberes.net\/tesis\/sin-categoria\/acciones-del-acido-retinoico-en-la-diferenciacion-de-celulas-de-neuroblastoma-humano\/"},"modified":"2006-04-10T00:00:00","modified_gmt":"2006-04-10T00:00:00","slug":"acciones-del-acido-retinoico-en-la-diferenciacion-de-celulas-de-neuroblastoma-humano","status":"publish","type":"post","link":"https:\/\/www.deberes.net\/tesis\/ciencias-de-la-vida\/acciones-del-acido-retinoico-en-la-diferenciacion-de-celulas-de-neuroblastoma-humano\/","title":{"rendered":"\u00abacciones del \u00e1cido retinoico en la diferenciaci\u00f3n de c\u00e9lulas de neuroblastoma humano\u00bb"},"content":{"rendered":"<h2>Tesis doctoral de <strong> Susana Masi\u00e1 Adalid <\/strong><\/h2>\n<p>El estudio de las acciones del \u00e1cido retinoico (ra) en c\u00e9lulas de neuroblastoma posee dos vertientes de inter\u00e9s. En primer lugar, el ra es una serial que desempe\u00f1a un papel central en el desarrollo embrionario y la generaci\u00f3n de diversos \u00f3rganos y sistemas, incluyendo el sistema nervioso, y por 10 tanto hay un inter\u00e9s cient\u00edfico en conocer los mecanismos moleculares por los cuales ejerce estas acciones. En segundo lugar, el ra y sus derivados sint\u00e9ticos estan siendo ensayados en terapia de enfermedades neopl\u00e1sicas, debido a su capacidad de regular el crecimiento, la diferenciaci\u00f3n y la supervivencia celular, con resultados cl\u00ednicos muy relevantes, como en el caso del neuroblastoma. Sin embargo, los mecanismos moleculares por los que el ra ejerce sus acciones terapeuticas no han sido establecidos claramente. El objetivo de esta tesis ha sido descifrar los mecanismos moleculares por los que el ra induce la diferenciaci\u00f3n de c\u00e9lulas neurales, utilizando como sistema modelo c\u00e9lulas de neuroblastoma. Resultados previos del laboratorio indican que, en c\u00e9lulas de neuroblastoma, la respuesta a la administraci\u00f3n de ra no s\u00f3lo se produce a nivel transcripcional, sino que tambi\u00e9n produce la activaci\u00f3n de la ruta de se\u00f1alizaci\u00f3n de pi3k\/akt (l\u00f3pez-carballo, g. 2002. J biol chem 277, 25297-25304). Esta activaci\u00f3n es necesaria para la inducci\u00f3n de la diferenciaci\u00f3n por ra y pensamos que ocupa un lugar central en el control ejercido por ra sobre el crecimiento, diferenciaci\u00f3n y supervivencia celular, por lo que hemos lievado a cabo su caracterizacion con mas detalle. A trav\u00e9s del estudio de los aspectos mecan\u00edsticos de la activacion de la via de serializacion de pi3k\/akt por ra, hemos determinado que la activaci\u00f3n de las v\u00edas pi3k\/akt y mapk\/erk por ra se produce a trav\u00e9s de un mecanismo no gen\u00f3mico, que no requiere ni transcripci\u00f3n de nuevos genes ni s\u00edntesis de proteinas. Adem\u00e1s, hemos demostrado que esta activacion n<\/p>\n<p>&nbsp;<\/p>\n<h3>Datos acad\u00e9micos de la tesis doctoral \u00ab<strong>\u00abacciones del \u00e1cido retinoico en la diferenciaci\u00f3n de c\u00e9lulas de neuroblastoma humano\u00bb<\/strong>\u00ab<\/h3>\n<ul>\n<li><strong>T\u00edtulo de la tesis:<\/strong>\u00a0 \u00abacciones del \u00e1cido retinoico en la diferenciaci\u00f3n de c\u00e9lulas de neuroblastoma humano\u00bb <\/li>\n<li><strong>Autor:<\/strong>\u00a0 Susana Masi\u00e1 Adalid <\/li>\n<li><strong>Universidad:<\/strong>\u00a0 Universitat de val\u00e9ncia (estudi general)<\/li>\n<li><strong>Fecha de lectura de la tesis:<\/strong>\u00a0 04\/10\/2006<\/li>\n<\/ul>\n<p>&nbsp;<\/p>\n<h3>Direcci\u00f3n y tribunal<\/h3>\n<ul>\n<li><strong>Director de la tesis<\/strong>\n<ul>\n<li>Domingo Barettino Fraile<\/li>\n<\/ul>\n<\/li>\n<li><strong>Tribunal<\/strong>\n<ul>\n<li>Presidente del tribunal: ana Aranda iriarte <\/li>\n<li>carme Caelles franch (vocal)<\/li>\n<li>angel Nadal navajas (vocal)<\/li>\n<li>pascual Sanz bigorra (vocal)<\/li>\n<\/ul>\n<\/li>\n<\/ul>\n<p>&nbsp;<\/p>\n","protected":false},"excerpt":{"rendered":"<p>Tesis doctoral de Susana Masi\u00e1 Adalid El estudio de las acciones del \u00e1cido retinoico (ra) en c\u00e9lulas de neuroblastoma posee [&hellip;]<\/p>\n","protected":false},"author":1,"featured_media":0,"comment_status":"open","ping_status":"open","sticky":false,"template":"","format":"standard","meta":{"site-sidebar-layout":"default","site-content-layout":"","ast-site-content-layout":"","site-content-style":"default","site-sidebar-style":"default","ast-global-header-display":"","ast-banner-title-visibility":"","ast-main-header-display":"","ast-hfb-above-header-display":"","ast-hfb-below-header-display":"","ast-hfb-mobile-header-display":"","site-post-title":"","ast-breadcrumbs-content":"","ast-featured-img":"","footer-sml-layout":"","theme-transparent-header-meta":"","adv-header-id-meta":"","stick-header-meta":"","header-above-stick-meta":"","header-main-stick-meta":"","header-below-stick-meta":"","astra-migrate-meta-layouts":"default","ast-page-background-enabled":"default","ast-page-background-meta":{"desktop":{"background-color":"var(--ast-global-color-4)","background-image":"","background-repeat":"repeat","background-position":"center center","background-size":"auto","background-attachment":"scroll","background-type":"","background-media":"","overlay-type":"","overlay-color":"","overlay-gradient":""},"tablet":{"background-color":"","background-image":"","background-repeat":"repeat","background-position":"center center","background-size":"auto","background-attachment":"scroll","background-type":"","background-media":"","overlay-type":"","overlay-color":"","overlay-gradient":""},"mobile":{"background-color":"","background-image":"","background-repeat":"repeat","background-position":"center center","background-size":"auto","background-attachment":"scroll","background-type":"","background-media":"","overlay-type":"","overlay-color":"","overlay-gradient":""}},"ast-content-background-meta":{"desktop":{"background-color":"var(--ast-global-color-5)","background-image":"","background-repeat":"repeat","background-position":"center center","background-size":"auto","background-attachment":"scroll","background-type":"","background-media":"","overlay-type":"","overlay-color":"","overlay-gradient":""},"tablet":{"background-color":"var(--ast-global-color-5)","background-image":"","background-repeat":"repeat","background-position":"center center","background-size":"auto","background-attachment":"scroll","background-type":"","background-media":"","overlay-type":"","overlay-color":"","overlay-gradient":""},"mobile":{"background-color":"var(--ast-global-color-5)","background-image":"","background-repeat":"repeat","background-position":"center center","background-size":"auto","background-attachment":"scroll","background-type":"","background-media":"","overlay-type":"","overlay-color":"","overlay-gradient":""}},"footnotes":""},"categories":[849,36483,35],"tags":[7262,33247,54147,40184,27474,121238],"class_list":["post-54881","post","type-post","status-publish","format-standard","hentry","category-biologia-celular","category-biologia-molecular","category-ciencias-de-la-vida","tag-ana-aranda-iriarte","tag-angel-nadal-navajas","tag-carme-caelles-franch","tag-domingo-barettino-fraile","tag-pascual-sanz-bigorra","tag-susana-masia-adalid"],"_links":{"self":[{"href":"https:\/\/www.deberes.net\/tesis\/wp-json\/wp\/v2\/posts\/54881","targetHints":{"allow":["GET"]}}],"collection":[{"href":"https:\/\/www.deberes.net\/tesis\/wp-json\/wp\/v2\/posts"}],"about":[{"href":"https:\/\/www.deberes.net\/tesis\/wp-json\/wp\/v2\/types\/post"}],"author":[{"embeddable":true,"href":"https:\/\/www.deberes.net\/tesis\/wp-json\/wp\/v2\/users\/1"}],"replies":[{"embeddable":true,"href":"https:\/\/www.deberes.net\/tesis\/wp-json\/wp\/v2\/comments?post=54881"}],"version-history":[{"count":0,"href":"https:\/\/www.deberes.net\/tesis\/wp-json\/wp\/v2\/posts\/54881\/revisions"}],"wp:attachment":[{"href":"https:\/\/www.deberes.net\/tesis\/wp-json\/wp\/v2\/media?parent=54881"}],"wp:term":[{"taxonomy":"category","embeddable":true,"href":"https:\/\/www.deberes.net\/tesis\/wp-json\/wp\/v2\/categories?post=54881"},{"taxonomy":"post_tag","embeddable":true,"href":"https:\/\/www.deberes.net\/tesis\/wp-json\/wp\/v2\/tags?post=54881"}],"curies":[{"name":"wp","href":"https:\/\/api.w.org\/{rel}","templated":true}]}}