{"id":54889,"date":"2006-04-10T00:00:00","date_gmt":"2006-04-10T00:00:00","guid":{"rendered":"https:\/\/www.deberes.net\/tesis\/sin-categoria\/aa-escola-funciona-bem-participacion-y-descentralizacion-educativa-en-una-favela-de-ra%c2%ado-de-janeiro\/"},"modified":"2006-04-10T00:00:00","modified_gmt":"2006-04-10T00:00:00","slug":"aa-escola-funciona-bem-participacion-y-descentralizacion-educativa-en-una-favela-de-ra%c2%ado-de-janeiro","status":"publish","type":"post","link":"https:\/\/www.deberes.net\/tesis\/antropologia-cultural\/aa-escola-funciona-bem-participacion-y-descentralizacion-educativa-en-una-favela-de-ra%c2%ado-de-janeiro\/","title":{"rendered":"\u00c2\u00bf\u00bba escola funciona bem?\u00bb participaci\u00f3n y descentralizaci\u00f3n educativa en una favela de r\u00edo de janeiro."},"content":{"rendered":"<h2>Tesis doctoral de <strong>  Pires Do Prado Ana <\/strong><\/h2>\n<p>El objeto de estudio de esta tesis es la introducci\u00f3n y el impacto de la descentralizaci\u00f3n educativa y la participaci\u00f3n de la comunidad en una comunidad educativa de un entrono socialmente desfavorecido en r\u00edo de janeiro, brasil. se trata de un proceso amplio que est\u00e1 influenciado por los factores economicos, sociales y pol\u00edticos de nuestro tiempo y que se pretende analizar su complejidad a partir del trabajo etnogr\u00e1fico. el objetivo general de esta investigaci\u00f3n es comprender c\u00f3mo los diferentes grupos sociales relacionados con el proceso educativo observan, definen y eval\u00faan la reforma educativa, y m\u00e1s especificamente, la descentralizaci\u00f3n administrativa, la descentralizaci\u00f3n pedag\u00f3gica y la participaci\u00f3n de la comunidad. Adem\u00e1s, se pretende analizar las posibilidades de cambio e innovaci\u00f3n educativa con la introducci\u00f3n y la pr\u00e1ctica de la descentralizaci\u00f3n, y la participaci\u00f3n de la comunidad en un contexto de reforma educativa.<\/p>\n<p>&nbsp;<\/p>\n<h3>Datos acad\u00e9micos de la tesis doctoral \u00ab<strong>\u00c2\u00bf\u00bba escola funciona bem?\u00bb participaci\u00f3n y descentralizaci\u00f3n educativa en una favela de r\u00edo de janeiro.<\/strong>\u00ab<\/h3>\n<ul>\n<li><strong>T\u00edtulo de la tesis:<\/strong>\u00a0 \u00c2\u00bf\u00bba escola funciona bem?\u00bb participaci\u00f3n y descentralizaci\u00f3n educativa en una favela de r\u00edo de janeiro. <\/li>\n<li><strong>Autor:<\/strong>\u00a0  Pires Do Prado Ana <\/li>\n<li><strong>Universidad:<\/strong>\u00a0 Aut\u00f3noma de barcelona<\/li>\n<li><strong>Fecha de lectura de la tesis:<\/strong>\u00a0 04\/10\/2006<\/li>\n<\/ul>\n<p>&nbsp;<\/p>\n<h3>Direcci\u00f3n y tribunal<\/h3>\n<ul>\n<li><strong>Director de la tesis<\/strong>\n<ul>\n<li>Silvia Carrasco  Pons<\/li>\n<\/ul>\n<\/li>\n<li><strong>Tribunal<\/strong>\n<ul>\n<li>Presidente del tribunal:  De leers costa ribeiro yvonne maggie <\/li>\n<li>Rafael Merino pareja (vocal)<\/li>\n<li>n\u00faria Sim\u00f3  gil (vocal)<\/li>\n<li>merce Roc pe\u00f1aranda (vocal)<\/li>\n<\/ul>\n<\/li>\n<\/ul>\n<p>&nbsp;<\/p>\n","protected":false},"excerpt":{"rendered":"<p>Tesis doctoral de Pires Do Prado Ana El objeto de estudio de esta tesis es la introducci\u00f3n y el impacto [&hellip;]<\/p>\n","protected":false},"author":1,"featured_media":0,"comment_status":"open","ping_status":"open","sticky":false,"template":"","format":"standard","meta":{"site-sidebar-layout":"default","site-content-layout":"","ast-site-content-layout":"","site-content-style":"default","site-sidebar-style":"default","ast-global-header-display":"","ast-banner-title-visibility":"","ast-main-header-display":"","ast-hfb-above-header-display":"","ast-hfb-below-header-display":"","ast-hfb-mobile-header-display":"","site-post-title":"","ast-breadcrumbs-content":"","ast-featured-img":"","footer-sml-layout":"","theme-transparent-header-meta":"","adv-header-id-meta":"","stick-header-meta":"","header-above-stick-meta":"","header-main-stick-meta":"","header-below-stick-meta":"","astra-migrate-meta-layouts":"default","ast-page-background-enabled":"default","ast-page-background-meta":{"desktop":{"background-color":"var(--ast-global-color-4)","background-image":"","background-repeat":"repeat","background-position":"center center","background-size":"auto","background-attachment":"scroll","background-type":"","background-media":"","overlay-type":"","overlay-color":"","overlay-gradient":""},"tablet":{"background-color":"","background-image":"","background-repeat":"repeat","background-position":"center center","background-size":"auto","background-attachment":"scroll","background-type":"","background-media":"","overlay-type":"","overlay-color":"","overlay-gradient":""},"mobile":{"background-color":"","background-image":"","background-repeat":"repeat","background-position":"center center","background-size":"auto","background-attachment":"scroll","background-type":"","background-media":"","overlay-type":"","overlay-color":"","overlay-gradient":""}},"ast-content-background-meta":{"desktop":{"background-color":"var(--ast-global-color-5)","background-image":"","background-repeat":"repeat","background-position":"center center","background-size":"auto","background-attachment":"scroll","background-type":"","background-media":"","overlay-type":"","overlay-color":"","overlay-gradient":""},"tablet":{"background-color":"var(--ast-global-color-5)","background-image":"","background-repeat":"repeat","background-position":"center center","background-size":"auto","background-attachment":"scroll","background-type":"","background-media":"","overlay-type":"","overlay-color":"","overlay-gradient":""},"mobile":{"background-color":"var(--ast-global-color-5)","background-image":"","background-repeat":"repeat","background-position":"center center","background-size":"auto","background-attachment":"scroll","background-type":"","background-media":"","overlay-type":"","overlay-color":"","overlay-gradient":""}},"footnotes":""},"categories":[983,2720],"tags":[121253,117484,52997,121252,56801,58125],"class_list":["post-54889","post","type-post","status-publish","format-standard","hentry","category-antropologia-cultural","category-antropologia-social","tag-de-leers-costa-ribeiro-yvonne-maggie","tag-merce-roc-penaranda","tag-nuria-simo-gil","tag-pires-do-prado-ana","tag-rafael-merino-pareja","tag-silvia-carrasco-pons"],"_links":{"self":[{"href":"https:\/\/www.deberes.net\/tesis\/wp-json\/wp\/v2\/posts\/54889","targetHints":{"allow":["GET"]}}],"collection":[{"href":"https:\/\/www.deberes.net\/tesis\/wp-json\/wp\/v2\/posts"}],"about":[{"href":"https:\/\/www.deberes.net\/tesis\/wp-json\/wp\/v2\/types\/post"}],"author":[{"embeddable":true,"href":"https:\/\/www.deberes.net\/tesis\/wp-json\/wp\/v2\/users\/1"}],"replies":[{"embeddable":true,"href":"https:\/\/www.deberes.net\/tesis\/wp-json\/wp\/v2\/comments?post=54889"}],"version-history":[{"count":0,"href":"https:\/\/www.deberes.net\/tesis\/wp-json\/wp\/v2\/posts\/54889\/revisions"}],"wp:attachment":[{"href":"https:\/\/www.deberes.net\/tesis\/wp-json\/wp\/v2\/media?parent=54889"}],"wp:term":[{"taxonomy":"category","embeddable":true,"href":"https:\/\/www.deberes.net\/tesis\/wp-json\/wp\/v2\/categories?post=54889"},{"taxonomy":"post_tag","embeddable":true,"href":"https:\/\/www.deberes.net\/tesis\/wp-json\/wp\/v2\/tags?post=54889"}],"curies":[{"name":"wp","href":"https:\/\/api.w.org\/{rel}","templated":true}]}}