{"id":54891,"date":"2006-04-10T00:00:00","date_gmt":"2006-04-10T00:00:00","guid":{"rendered":"https:\/\/www.deberes.net\/tesis\/sin-categoria\/la-inestabilidad-de-rayleigh-taylor-en-solidos-acelerados\/"},"modified":"2006-04-10T00:00:00","modified_gmt":"2006-04-10T00:00:00","slug":"la-inestabilidad-de-rayleigh-taylor-en-solidos-acelerados","status":"publish","type":"post","link":"https:\/\/www.deberes.net\/tesis\/ciencias-tecnologicas\/la-inestabilidad-de-rayleigh-taylor-en-solidos-acelerados\/","title":{"rendered":"La inestabilidad de rayleigh-taylor en s\u00f3lidos acelerados"},"content":{"rendered":"<h2>Tesis doctoral de <strong>  Serna Moreno Mar\u00eda Del Carmen <\/strong><\/h2>\n<p>Se realizan simulaciones mediante el m\u00e9todo de los elementos finitos para el estudio de la inestabilidad lineal de rayleigh-taylor (rt) en la superficie de s\u00f3lidos acelerados. a d\u00eda de hoy no existe un modelo anal\u00edtico que resuelva el problema completo de rt en s\u00f3lidos, aunque existen soluciones parciales para s\u00f3lidos perfectamente el\u00e1sticos dadas por plohr y sharp (1998), limitado a n\u00fameros de atwood igual a uno, y terrones (2005), limitado a la etapa asint\u00f3tica en medios semi-infinitos. El conocimiento adquirido mediante la realizaci\u00f3n de las simulaciones ha contribu\u00eddo al desarrollo de los modelos anal\u00edticos presentados en piriz et al. (2005), para medios semi-infinitos y en piriz et al. (2006), para s\u00f3lidos de peque\u00f1o espesor, en el que se est\u00e1 trabajando en la actualidad. Aunque aproximados, estos dos \u00faltimos modelos describen la evoluci\u00f3n completa de la inestabilidad (etapas transitoria y asint\u00f3tica) sin restricci\u00f3n en el n\u00famero de atwood. A su vez, estos modelos anal\u00edticos resultan esenciales como gu\u00eda para realizar las simulaciones y la posterior interpretaci\u00f3n f\u00edsica de sus resultados.<\/p>\n<p>&nbsp;<\/p>\n<h3>Datos acad\u00e9micos de la tesis doctoral \u00ab<strong>La inestabilidad de rayleigh-taylor en s\u00f3lidos acelerados<\/strong>\u00ab<\/h3>\n<ul>\n<li><strong>T\u00edtulo de la tesis:<\/strong>\u00a0 La inestabilidad de rayleigh-taylor en s\u00f3lidos acelerados <\/li>\n<li><strong>Autor:<\/strong>\u00a0  Serna Moreno Mar\u00eda Del Carmen <\/li>\n<li><strong>Universidad:<\/strong>\u00a0 Castilla-la mancha<\/li>\n<li><strong>Fecha de lectura de la tesis:<\/strong>\u00a0 04\/10\/2006<\/li>\n<\/ul>\n<p>&nbsp;<\/p>\n<h3>Direcci\u00f3n y tribunal<\/h3>\n<ul>\n<li><strong>Director de la tesis<\/strong>\n<ul>\n<li> L\u00f3pez Cela Juan  Jos\u00e9<\/li>\n<\/ul>\n<\/li>\n<li><strong>Tribunal<\/strong>\n<ul>\n<li>Presidente del tribunal: enrique Alarcon alvarez <\/li>\n<li>gustavo Wouchuk Juan (vocal)<\/li>\n<li>a. Tahir naeem (vocal)<\/li>\n<li>Juan  Jos\u00e9 Benito mu\u00f1oz (vocal)<\/li>\n<\/ul>\n<\/li>\n<\/ul>\n<p>&nbsp;<\/p>\n","protected":false},"excerpt":{"rendered":"<p>Tesis doctoral de Serna Moreno Mar\u00eda Del Carmen Se realizan simulaciones mediante el m\u00e9todo de los elementos finitos para el [&hellip;]<\/p>\n","protected":false},"author":1,"featured_media":0,"comment_status":"open","ping_status":"open","sticky":false,"template":"","format":"standard","meta":{"site-sidebar-layout":"default","site-content-layout":"","ast-site-content-layout":"","site-content-style":"default","site-sidebar-style":"default","ast-global-header-display":"","ast-banner-title-visibility":"","ast-main-header-display":"","ast-hfb-above-header-display":"","ast-hfb-below-header-display":"","ast-hfb-mobile-header-display":"","site-post-title":"","ast-breadcrumbs-content":"","ast-featured-img":"","footer-sml-layout":"","theme-transparent-header-meta":"","adv-header-id-meta":"","stick-header-meta":"","header-above-stick-meta":"","header-main-stick-meta":"","header-below-stick-meta":"","astra-migrate-meta-layouts":"default","ast-page-background-enabled":"default","ast-page-background-meta":{"desktop":{"background-color":"var(--ast-global-color-4)","background-image":"","background-repeat":"repeat","background-position":"center center","background-size":"auto","background-attachment":"scroll","background-type":"","background-media":"","overlay-type":"","overlay-color":"","overlay-gradient":""},"tablet":{"background-color":"","background-image":"","background-repeat":"repeat","background-position":"center center","background-size":"auto","background-attachment":"scroll","background-type":"","background-media":"","overlay-type":"","overlay-color":"","overlay-gradient":""},"mobile":{"background-color":"","background-image":"","background-repeat":"repeat","background-position":"center center","background-size":"auto","background-attachment":"scroll","background-type":"","background-media":"","overlay-type":"","overlay-color":"","overlay-gradient":""}},"ast-content-background-meta":{"desktop":{"background-color":"var(--ast-global-color-5)","background-image":"","background-repeat":"repeat","background-position":"center center","background-size":"auto","background-attachment":"scroll","background-type":"","background-media":"","overlay-type":"","overlay-color":"","overlay-gradient":""},"tablet":{"background-color":"var(--ast-global-color-5)","background-image":"","background-repeat":"repeat","background-position":"center center","background-size":"auto","background-attachment":"scroll","background-type":"","background-media":"","overlay-type":"","overlay-color":"","overlay-gradient":""},"mobile":{"background-color":"var(--ast-global-color-5)","background-image":"","background-repeat":"repeat","background-position":"center center","background-size":"auto","background-attachment":"scroll","background-type":"","background-media":"","overlay-type":"","overlay-color":"","overlay-gradient":""}},"footnotes":""},"categories":[18451,332,7060],"tags":[121259,5018,121258,44951,16367,121257],"class_list":["post-54891","post","type-post","status-publish","format-standard","hentry","category-castilla-la-mancha","category-ciencias-tecnologicas","category-propiedades-mecanicas-de-los-solidos","tag-a-tahir-naeem","tag-enrique-alarcon-alvarez","tag-gustavo-wouchuk-juan","tag-juan-jose-benito-munoz","tag-lopez-cela-juan-jose","tag-serna-moreno-maria-del-carmen"],"_links":{"self":[{"href":"https:\/\/www.deberes.net\/tesis\/wp-json\/wp\/v2\/posts\/54891","targetHints":{"allow":["GET"]}}],"collection":[{"href":"https:\/\/www.deberes.net\/tesis\/wp-json\/wp\/v2\/posts"}],"about":[{"href":"https:\/\/www.deberes.net\/tesis\/wp-json\/wp\/v2\/types\/post"}],"author":[{"embeddable":true,"href":"https:\/\/www.deberes.net\/tesis\/wp-json\/wp\/v2\/users\/1"}],"replies":[{"embeddable":true,"href":"https:\/\/www.deberes.net\/tesis\/wp-json\/wp\/v2\/comments?post=54891"}],"version-history":[{"count":0,"href":"https:\/\/www.deberes.net\/tesis\/wp-json\/wp\/v2\/posts\/54891\/revisions"}],"wp:attachment":[{"href":"https:\/\/www.deberes.net\/tesis\/wp-json\/wp\/v2\/media?parent=54891"}],"wp:term":[{"taxonomy":"category","embeddable":true,"href":"https:\/\/www.deberes.net\/tesis\/wp-json\/wp\/v2\/categories?post=54891"},{"taxonomy":"post_tag","embeddable":true,"href":"https:\/\/www.deberes.net\/tesis\/wp-json\/wp\/v2\/tags?post=54891"}],"curies":[{"name":"wp","href":"https:\/\/api.w.org\/{rel}","templated":true}]}}