{"id":54916,"date":"2006-05-10T00:00:00","date_gmt":"2006-05-10T00:00:00","guid":{"rendered":"https:\/\/www.deberes.net\/tesis\/sin-categoria\/igualitarismo-contemporaneo\/"},"modified":"2006-05-10T00:00:00","modified_gmt":"2006-05-10T00:00:00","slug":"igualitarismo-contemporaneo","status":"publish","type":"post","link":"https:\/\/www.deberes.net\/tesis\/carlos-iii-de-madrid\/igualitarismo-contemporaneo\/","title":{"rendered":"Igualitarismo contemporaneo"},"content":{"rendered":"<h2>Tesis doctoral de <strong> Silvina Ribotta <\/strong><\/h2>\n<p>La tesis analiza las desigualdades econ\u00f3micas y sus implicaciones y relaciones con los valores de libertad y de igualdad, analizadas desde el igualitarismo contempor\u00e1neo, concretamente desde la filosof\u00eda pol\u00edtica y moral y filosof\u00eda del derecho, y tangencialmente a soci\u00f3logos, polit\u00f3logos, economistas, siempre contempor\u00e1neos y adscriptos en mayor o menor medida a las corrientes de pensamiento igualitaristas.  la tesis est\u00e1 articulada en tres partes pretendiendo responder a tres grandes cuestiones:  a) \u00c2\u00bfde qu\u00e9 igualdad estamos hablando cuando nos referimos a la igualdad?, \u00c2\u00bfcu\u00e1l es el objeto de la igualdad?, \u00c2\u00bfigualdad de qu\u00e9?   b) \u00c2\u00bfcu\u00e1l es la cuesti\u00f3n central de la \u00e9tica distributiva? \u00c2\u00bfigualdad o prioridad?   c) \u00c2\u00bfcu\u00e1les son los criterios de justicia que nos permiten ser coherentemente igualitaristas?, Desde los argumentos de rawls.  en s\u00edntesis, \u00c2\u00bfqu\u00e9 desigualdad o grado de desigualdad econ\u00f3mica es incompatible con el igualitarismo y por qu\u00e9?, O su reverso, \u00c2\u00bfqu\u00e9 desigualdad o grado de desigualdad econ\u00f3mica es compatible con el igualitarismo y por qu\u00e9? Qu\u00e9 o cu\u00e1nta desigualdad es compatible con criterios igualitarios, y hasta si y en todo caso cu\u00e1nta desigualdad imposibilita criterios igualitarios, y a su vez, si y en todo caso cu\u00e1nta desigualdad es necesaria para garantizar criterios igualitarios<\/p>\n<p>&nbsp;<\/p>\n<h3>Datos acad\u00e9micos de la tesis doctoral \u00ab<strong>Igualitarismo contemporaneo<\/strong>\u00ab<\/h3>\n<ul>\n<li><strong>T\u00edtulo de la tesis:<\/strong>\u00a0 Igualitarismo contemporaneo <\/li>\n<li><strong>Autor:<\/strong>\u00a0 Silvina Ribotta <\/li>\n<li><strong>Universidad:<\/strong>\u00a0 Carlos III de Madrid<\/li>\n<li><strong>Fecha de lectura de la tesis:<\/strong>\u00a0 05\/10\/2006<\/li>\n<\/ul>\n<p>&nbsp;<\/p>\n<h3>Direcci\u00f3n y tribunal<\/h3>\n<ul>\n<li><strong>Director de la tesis<\/strong>\n<ul>\n<li>Eusebio Fernandez Garcia<\/li>\n<\/ul>\n<\/li>\n<li><strong>Tribunal<\/strong>\n<ul>\n<li>Presidente del tribunal: Gregorio Peces Barba Mart\u00ednez <\/li>\n<li>Francisco Javier Ansu\u00e1tegui Roig (vocal)<\/li>\n<li>Ernesto Garz\u00f3n Vald\u00e9s (vocal)<\/li>\n<li> A\u00f1on Roig Mar\u00eda  Jos\u00e9 (vocal)<\/li>\n<\/ul>\n<\/li>\n<\/ul>\n<p>&nbsp;<\/p>\n","protected":false},"excerpt":{"rendered":"<p>Tesis doctoral de Silvina Ribotta La tesis analiza las desigualdades econ\u00f3micas y sus implicaciones y relaciones con los valores de [&hellip;]<\/p>\n","protected":false},"author":1,"featured_media":0,"comment_status":"open","ping_status":"open","sticky":false,"template":"","format":"standard","meta":{"site-sidebar-layout":"default","site-content-layout":"","ast-site-content-layout":"","site-content-style":"default","site-sidebar-style":"default","ast-global-header-display":"","ast-banner-title-visibility":"","ast-main-header-display":"","ast-hfb-above-header-display":"","ast-hfb-below-header-display":"","ast-hfb-mobile-header-display":"","site-post-title":"","ast-breadcrumbs-content":"","ast-featured-img":"","footer-sml-layout":"","theme-transparent-header-meta":"","adv-header-id-meta":"","stick-header-meta":"","header-above-stick-meta":"","header-main-stick-meta":"","header-below-stick-meta":"","astra-migrate-meta-layouts":"default","ast-page-background-enabled":"default","ast-page-background-meta":{"desktop":{"background-color":"var(--ast-global-color-4)","background-image":"","background-repeat":"repeat","background-position":"center center","background-size":"auto","background-attachment":"scroll","background-type":"","background-media":"","overlay-type":"","overlay-color":"","overlay-gradient":""},"tablet":{"background-color":"","background-image":"","background-repeat":"repeat","background-position":"center center","background-size":"auto","background-attachment":"scroll","background-type":"","background-media":"","overlay-type":"","overlay-color":"","overlay-gradient":""},"mobile":{"background-color":"","background-image":"","background-repeat":"repeat","background-position":"center center","background-size":"auto","background-attachment":"scroll","background-type":"","background-media":"","overlay-type":"","overlay-color":"","overlay-gradient":""}},"ast-content-background-meta":{"desktop":{"background-color":"var(--ast-global-color-5)","background-image":"","background-repeat":"repeat","background-position":"center center","background-size":"auto","background-attachment":"scroll","background-type":"","background-media":"","overlay-type":"","overlay-color":"","overlay-gradient":""},"tablet":{"background-color":"var(--ast-global-color-5)","background-image":"","background-repeat":"repeat","background-position":"center center","background-size":"auto","background-attachment":"scroll","background-type":"","background-media":"","overlay-type":"","overlay-color":"","overlay-gradient":""},"mobile":{"background-color":"var(--ast-global-color-5)","background-image":"","background-repeat":"repeat","background-position":"center center","background-size":"auto","background-attachment":"scroll","background-type":"","background-media":"","overlay-type":"","overlay-color":"","overlay-gradient":""}},"footnotes":""},"categories":[18550,19048],"tags":[40797,18723,3198,63291,3196,121319],"class_list":["post-54916","post","type-post","status-publish","format-standard","hentry","category-carlos-iii-de-madrid","category-jurisprudencia","tag-anon-roig-maria-jose","tag-ernesto-garzon-valdes","tag-eusebio-fernandez-garcia","tag-francisco-javier-ansuategui-roig","tag-gregorio-peces-barba-Martinez","tag-silvina-ribotta"],"_links":{"self":[{"href":"https:\/\/www.deberes.net\/tesis\/wp-json\/wp\/v2\/posts\/54916","targetHints":{"allow":["GET"]}}],"collection":[{"href":"https:\/\/www.deberes.net\/tesis\/wp-json\/wp\/v2\/posts"}],"about":[{"href":"https:\/\/www.deberes.net\/tesis\/wp-json\/wp\/v2\/types\/post"}],"author":[{"embeddable":true,"href":"https:\/\/www.deberes.net\/tesis\/wp-json\/wp\/v2\/users\/1"}],"replies":[{"embeddable":true,"href":"https:\/\/www.deberes.net\/tesis\/wp-json\/wp\/v2\/comments?post=54916"}],"version-history":[{"count":0,"href":"https:\/\/www.deberes.net\/tesis\/wp-json\/wp\/v2\/posts\/54916\/revisions"}],"wp:attachment":[{"href":"https:\/\/www.deberes.net\/tesis\/wp-json\/wp\/v2\/media?parent=54916"}],"wp:term":[{"taxonomy":"category","embeddable":true,"href":"https:\/\/www.deberes.net\/tesis\/wp-json\/wp\/v2\/categories?post=54916"},{"taxonomy":"post_tag","embeddable":true,"href":"https:\/\/www.deberes.net\/tesis\/wp-json\/wp\/v2\/tags?post=54916"}],"curies":[{"name":"wp","href":"https:\/\/api.w.org\/{rel}","templated":true}]}}