{"id":54935,"date":"2006-06-10T00:00:00","date_gmt":"2006-06-10T00:00:00","guid":{"rendered":"https:\/\/www.deberes.net\/tesis\/sin-categoria\/creacion-arta%c2%adstica-y-enfermedad-mental\/"},"modified":"2006-06-10T00:00:00","modified_gmt":"2006-06-10T00:00:00","slug":"creacion-arta%c2%adstica-y-enfermedad-mental","status":"publish","type":"post","link":"https:\/\/www.deberes.net\/tesis\/sin-categoria\/creacion-arta%c2%adstica-y-enfermedad-mental\/","title":{"rendered":"Creaci\u00f3n art\u00edstica y enfermedad mental"},"content":{"rendered":"<h2>Tesis doctoral de <strong> Mar\u00eda Del R\u00edo Dieguez <\/strong><\/h2>\n<p>Investigaci\u00f3n dirigida a encontrar una v\u00eda de intervenci\u00f3n terap\u00e9utica a trav\u00e9s del arte en el tratamiento multidisciplinar de la enfermedad mental grave. Sostiene la hip\u00f3tesis de que dicha intervenci\u00f3n puede realizarse sin que para ello sea necesario verbalizar e interpretar el contendio de las producciones art\u00edsticas, sino \u00fanicamente a partir de elementos que tienen que ver con el lenguaje art\u00edstico y el proceso creador. Para la cual se ha realizado un trabajo de campo de cuatro a\u00f1os de duraci\u00f3n, en el hospital de cuatro a\u00f1os de duraci\u00f3n, en el hospital de d\u00eda psiqui\u00e1trico de la cl\u00ednica puerta de hierro de Madrid.     la tesis doctoral se divide en dos parte, una primera te\u00f3rica, que sirve de fundamentaci\u00f3n, en la que se abordan tres temas de importancia para la investigaci\u00f3n: la enfermedad mental y su relaci\u00f3n con la creaci\u00f3n art\u00edstica; la creatividad y su relaci\u00f3n con la creaci\u00f3n y con la enfermedad\/salud; y el arte-terapia.  en la segunda parte se describe y desarrolla la investigaci\u00f3n propiamente dicha a trav\u00e9s del trabajo de campo.<\/p>\n<p>&nbsp;<\/p>\n<h3>Datos acad\u00e9micos de la tesis doctoral \u00ab<strong>Creaci\u00f3n art\u00edstica y enfermedad mental<\/strong>\u00ab<\/h3>\n<ul>\n<li><strong>T\u00edtulo de la tesis:<\/strong>\u00a0 Creaci\u00f3n art\u00edstica y enfermedad mental <\/li>\n<li><strong>Autor:<\/strong>\u00a0 Mar\u00eda Del R\u00edo Dieguez <\/li>\n<li><strong>Universidad:<\/strong>\u00a0 Complutense de Madrid<\/li>\n<li><strong>Fecha de lectura de la tesis:<\/strong>\u00a0 06\/10\/2006<\/li>\n<\/ul>\n<p>&nbsp;<\/p>\n<h3>Direcci\u00f3n y tribunal<\/h3>\n<ul>\n<li><strong>Director de la tesis<\/strong>\n<ul>\n<li> L\u00f3pez Fern\u00e1ndez Mar\u00eda \u00e1ngeles<\/li>\n<\/ul>\n<\/li>\n<li><strong>Tribunal<\/strong>\n<ul>\n<li>Presidente del tribunal: Antonio Bautista garcia vera <\/li>\n<li> P\u00e9rez fern\u00e1ndez Jos\u00e9 ignacio (vocal)<\/li>\n<li>virtudes Martinez vazquez (vocal)<\/li>\n<li>Juan  Luis Martin prada (vocal)<\/li>\n<\/ul>\n<\/li>\n<\/ul>\n<p>&nbsp;<\/p>\n","protected":false},"excerpt":{"rendered":"<p>Tesis doctoral de Mar\u00eda Del R\u00edo Dieguez Investigaci\u00f3n dirigida a encontrar una v\u00eda de intervenci\u00f3n terap\u00e9utica a trav\u00e9s del arte [&hellip;]<\/p>\n","protected":false},"author":1,"featured_media":0,"comment_status":"open","ping_status":"open","sticky":false,"template":"","format":"standard","meta":{"site-sidebar-layout":"default","site-content-layout":"","ast-site-content-layout":"","site-content-style":"default","site-sidebar-style":"default","ast-global-header-display":"","ast-banner-title-visibility":"","ast-main-header-display":"","ast-hfb-above-header-display":"","ast-hfb-below-header-display":"","ast-hfb-mobile-header-display":"","site-post-title":"","ast-breadcrumbs-content":"","ast-featured-img":"","footer-sml-layout":"","theme-transparent-header-meta":"","adv-header-id-meta":"","stick-header-meta":"","header-above-stick-meta":"","header-main-stick-meta":"","header-below-stick-meta":"","astra-migrate-meta-layouts":"default","ast-page-background-enabled":"default","ast-page-background-meta":{"desktop":{"background-color":"var(--ast-global-color-4)","background-image":"","background-repeat":"repeat","background-position":"center center","background-size":"auto","background-attachment":"scroll","background-type":"","background-media":"","overlay-type":"","overlay-color":"","overlay-gradient":""},"tablet":{"background-color":"","background-image":"","background-repeat":"repeat","background-position":"center center","background-size":"auto","background-attachment":"scroll","background-type":"","background-media":"","overlay-type":"","overlay-color":"","overlay-gradient":""},"mobile":{"background-color":"","background-image":"","background-repeat":"repeat","background-position":"center center","background-size":"auto","background-attachment":"scroll","background-type":"","background-media":"","overlay-type":"","overlay-color":"","overlay-gradient":""}},"ast-content-background-meta":{"desktop":{"background-color":"var(--ast-global-color-5)","background-image":"","background-repeat":"repeat","background-position":"center center","background-size":"auto","background-attachment":"scroll","background-type":"","background-media":"","overlay-type":"","overlay-color":"","overlay-gradient":""},"tablet":{"background-color":"var(--ast-global-color-5)","background-image":"","background-repeat":"repeat","background-position":"center center","background-size":"auto","background-attachment":"scroll","background-type":"","background-media":"","overlay-type":"","overlay-color":"","overlay-gradient":""},"mobile":{"background-color":"var(--ast-global-color-5)","background-image":"","background-repeat":"repeat","background-position":"center center","background-size":"auto","background-attachment":"scroll","background-type":"","background-media":"","overlay-type":"","overlay-color":"","overlay-gradient":""}},"footnotes":""},"categories":[1],"tags":[5521,36691,121364,121363,121365,35735],"class_list":["post-54935","post","type-post","status-publish","format-standard","hentry","category-sin-categoria","tag-antonio-bautista-garcia-vera","tag-juan-luis-martin-prada","tag-lopez-fernandez-maria-angeles","tag-maria-del-rio-dieguez","tag-perez-fernandez-jose-ignacio","tag-virtudes-Martinez-vazquez"],"_links":{"self":[{"href":"https:\/\/www.deberes.net\/tesis\/wp-json\/wp\/v2\/posts\/54935","targetHints":{"allow":["GET"]}}],"collection":[{"href":"https:\/\/www.deberes.net\/tesis\/wp-json\/wp\/v2\/posts"}],"about":[{"href":"https:\/\/www.deberes.net\/tesis\/wp-json\/wp\/v2\/types\/post"}],"author":[{"embeddable":true,"href":"https:\/\/www.deberes.net\/tesis\/wp-json\/wp\/v2\/users\/1"}],"replies":[{"embeddable":true,"href":"https:\/\/www.deberes.net\/tesis\/wp-json\/wp\/v2\/comments?post=54935"}],"version-history":[{"count":0,"href":"https:\/\/www.deberes.net\/tesis\/wp-json\/wp\/v2\/posts\/54935\/revisions"}],"wp:attachment":[{"href":"https:\/\/www.deberes.net\/tesis\/wp-json\/wp\/v2\/media?parent=54935"}],"wp:term":[{"taxonomy":"category","embeddable":true,"href":"https:\/\/www.deberes.net\/tesis\/wp-json\/wp\/v2\/categories?post=54935"},{"taxonomy":"post_tag","embeddable":true,"href":"https:\/\/www.deberes.net\/tesis\/wp-json\/wp\/v2\/tags?post=54935"}],"curies":[{"name":"wp","href":"https:\/\/api.w.org\/{rel}","templated":true}]}}