{"id":54968,"date":"2006-07-10T00:00:00","date_gmt":"2006-07-10T00:00:00","guid":{"rendered":"https:\/\/www.deberes.net\/tesis\/sin-categoria\/estudio-de-la-prevalencia-de-los-trastornos-mentales-infantiles-en-la-comunidad-autonoma-canaria\/"},"modified":"2006-07-10T00:00:00","modified_gmt":"2006-07-10T00:00:00","slug":"estudio-de-la-prevalencia-de-los-trastornos-mentales-infantiles-en-la-comunidad-autonoma-canaria","status":"publish","type":"post","link":"https:\/\/www.deberes.net\/tesis\/ciencias-medicas\/estudio-de-la-prevalencia-de-los-trastornos-mentales-infantiles-en-la-comunidad-autonoma-canaria\/","title":{"rendered":"Estudio de la preValencia de los trastornos mentales infantiles en la comunidad autonoma canaria"},"content":{"rendered":"<h2>Tesis doctoral de <strong> Pedro Javier Rodr\u00edguez Hern\u00e1ndez <\/strong><\/h2>\n<p>Los estudios epidemiol\u00f3gicos en psiquiatr\u00eda infantil presentan dificultades metodol\u00f3gicas, entre otros factores, a consecuencia del gran n\u00famero de instrumentos psicom\u00e9tricos existentes en la actualidad. En el presente estudio se realiza la validaci\u00f3n y baremaci\u00f3n de la versi\u00f3n espa\u00f1ola del cuestionario de cualidades y dificultades (sdq, siglas de su nombre original en ingl\u00e9s, streingths and difficulties questionnaire). El sdq es un instrumento de screening de trastornos psiqui\u00e1tricos y psicol\u00f3gicos en la infancia y adolescencia publicado por primera vez en el a\u00f1o 1997. Sus propiedades psicom\u00e9tricas y utilidad en estudios comunitarios de despistaje de trastornos mentales en la infancia ha sido demostrado en m\u00faltiples trabajos. La selecci\u00f3n del sdq como instrumento de screening en la presente investigaci\u00f3n precisa de su previa validaci\u00f3n en idioma espa\u00f1ol.<\/p>\n<p>&nbsp;<\/p>\n<h3>Datos acad\u00e9micos de la tesis doctoral \u00ab<strong>Estudio de la preValencia de los trastornos mentales infantiles en la comunidad autonoma canaria<\/strong>\u00ab<\/h3>\n<ul>\n<li><strong>T\u00edtulo de la tesis:<\/strong>\u00a0 Estudio de la preValencia de los trastornos mentales infantiles en la comunidad autonoma canaria <\/li>\n<li><strong>Autor:<\/strong>\u00a0 Pedro Javier Rodr\u00edguez Hern\u00e1ndez <\/li>\n<li><strong>Universidad:<\/strong>\u00a0 La laguna<\/li>\n<li><strong>Fecha de lectura de la tesis:<\/strong>\u00a0 07\/10\/2006<\/li>\n<\/ul>\n<p>&nbsp;<\/p>\n<h3>Direcci\u00f3n y tribunal<\/h3>\n<ul>\n<li><strong>Director de la tesis<\/strong>\n<ul>\n<li>Jaime Rodr\u00edguez Sacrist\u00e1n<\/li>\n<\/ul>\n<\/li>\n<li><strong>Tribunal<\/strong>\n<ul>\n<li>Presidente del tribunal: alfonso Delgado rubio <\/li>\n<li>wenceslao Pe\u00f1ate castro (vocal)<\/li>\n<li>\u00e1ngela Juan a Torres iglesias (vocal)<\/li>\n<li>rafaela Caballero andaluz (vocal)<\/li>\n<\/ul>\n<\/li>\n<\/ul>\n<p>&nbsp;<\/p>\n","protected":false},"excerpt":{"rendered":"<p>Tesis doctoral de Pedro Javier Rodr\u00edguez Hern\u00e1ndez Los estudios epidemiol\u00f3gicos en psiquiatr\u00eda infantil presentan dificultades metodol\u00f3gicas, entre otros factores, a [&hellip;]<\/p>\n","protected":false},"author":1,"featured_media":0,"comment_status":"open","ping_status":"open","sticky":false,"template":"","format":"standard","meta":{"site-sidebar-layout":"default","site-content-layout":"","ast-site-content-layout":"","site-content-style":"default","site-sidebar-style":"default","ast-global-header-display":"","ast-banner-title-visibility":"","ast-main-header-display":"","ast-hfb-above-header-display":"","ast-hfb-below-header-display":"","ast-hfb-mobile-header-display":"","site-post-title":"","ast-breadcrumbs-content":"","ast-featured-img":"","footer-sml-layout":"","theme-transparent-header-meta":"","adv-header-id-meta":"","stick-header-meta":"","header-above-stick-meta":"","header-main-stick-meta":"","header-below-stick-meta":"","astra-migrate-meta-layouts":"default","ast-page-background-enabled":"default","ast-page-background-meta":{"desktop":{"background-color":"var(--ast-global-color-4)","background-image":"","background-repeat":"repeat","background-position":"center center","background-size":"auto","background-attachment":"scroll","background-type":"","background-media":"","overlay-type":"","overlay-color":"","overlay-gradient":""},"tablet":{"background-color":"","background-image":"","background-repeat":"repeat","background-position":"center center","background-size":"auto","background-attachment":"scroll","background-type":"","background-media":"","overlay-type":"","overlay-color":"","overlay-gradient":""},"mobile":{"background-color":"","background-image":"","background-repeat":"repeat","background-position":"center center","background-size":"auto","background-attachment":"scroll","background-type":"","background-media":"","overlay-type":"","overlay-color":"","overlay-gradient":""}},"ast-content-background-meta":{"desktop":{"background-color":"var(--ast-global-color-5)","background-image":"","background-repeat":"repeat","background-position":"center center","background-size":"auto","background-attachment":"scroll","background-type":"","background-media":"","overlay-type":"","overlay-color":"","overlay-gradient":""},"tablet":{"background-color":"var(--ast-global-color-5)","background-image":"","background-repeat":"repeat","background-position":"center center","background-size":"auto","background-attachment":"scroll","background-type":"","background-media":"","overlay-type":"","overlay-color":"","overlay-gradient":""},"mobile":{"background-color":"var(--ast-global-color-5)","background-image":"","background-repeat":"repeat","background-position":"center center","background-size":"auto","background-attachment":"scroll","background-type":"","background-media":"","overlay-type":"","overlay-color":"","overlay-gradient":""}},"footnotes":""},"categories":[9,9915,1408],"tags":[12926,35250,1914,121435,38965,26063],"class_list":["post-54968","post","type-post","status-publish","format-standard","hentry","category-ciencias-medicas","category-la-laguna","category-psiquiatria","tag-alfonso-delgado-rubio","tag-angela-juan-a-torres-iglesias","tag-jaime-rodriguez-sacristan","tag-pedro-javier-rodriguez-hernandez","tag-rafaela-caballero-andaluz","tag-wenceslao-penate-castro"],"_links":{"self":[{"href":"https:\/\/www.deberes.net\/tesis\/wp-json\/wp\/v2\/posts\/54968","targetHints":{"allow":["GET"]}}],"collection":[{"href":"https:\/\/www.deberes.net\/tesis\/wp-json\/wp\/v2\/posts"}],"about":[{"href":"https:\/\/www.deberes.net\/tesis\/wp-json\/wp\/v2\/types\/post"}],"author":[{"embeddable":true,"href":"https:\/\/www.deberes.net\/tesis\/wp-json\/wp\/v2\/users\/1"}],"replies":[{"embeddable":true,"href":"https:\/\/www.deberes.net\/tesis\/wp-json\/wp\/v2\/comments?post=54968"}],"version-history":[{"count":0,"href":"https:\/\/www.deberes.net\/tesis\/wp-json\/wp\/v2\/posts\/54968\/revisions"}],"wp:attachment":[{"href":"https:\/\/www.deberes.net\/tesis\/wp-json\/wp\/v2\/media?parent=54968"}],"wp:term":[{"taxonomy":"category","embeddable":true,"href":"https:\/\/www.deberes.net\/tesis\/wp-json\/wp\/v2\/categories?post=54968"},{"taxonomy":"post_tag","embeddable":true,"href":"https:\/\/www.deberes.net\/tesis\/wp-json\/wp\/v2\/tags?post=54968"}],"curies":[{"name":"wp","href":"https:\/\/api.w.org\/{rel}","templated":true}]}}