{"id":55015,"date":"2018-03-09T22:42:44","date_gmt":"2018-03-09T22:42:44","guid":{"rendered":"https:\/\/www.deberes.net\/tesis\/sin-categoria\/la-exclusion-de-la-fidelidad-en-la-doctrina-eclesiastica-y-jurisprudencia-canonica-espanola\/"},"modified":"2018-03-09T22:42:44","modified_gmt":"2018-03-09T22:42:44","slug":"la-exclusion-de-la-fidelidad-en-la-doctrina-eclesiastica-y-jurisprudencia-canonica-espanola","status":"publish","type":"post","link":"https:\/\/www.deberes.net\/tesis\/derecho-canonico\/la-exclusion-de-la-fidelidad-en-la-doctrina-eclesiastica-y-jurisprudencia-canonica-espanola\/","title":{"rendered":"La exclusi\u00f3n de la fidelidad en la doctrina eclesi\u00e1stica y jurisprudencia can\u00f3nica espa\u00f1ola"},"content":{"rendered":"<h2>Tesis doctoral de <strong> Mar\u00eda Rosa Garc\u00eda  Vilardell <\/strong><\/h2>\n<p>Seg\u00fan se desprende del canon 1101.2 del c\u00f3digo de derecho can\u00f3nico de 1983, cuando uno a ambos contrayentes excluyen por un acto positivo de la voluntad un elemento esencial del matrimonio contraen inv\u00e1lidamente.No obstante, la relevancia jur\u00eddica de la exclusi\u00f3n de la fidelidad conyugal en el momento de consentir no ha sido una cuesti\u00f3n pac\u00edfica. Tradicionalmente, se ha venido proclamando que s\u00f3lo excluye el bonum fidei aqu\u00e9l que, en el momento de consentir, tiene la intenci\u00f3n de entregar a un tercero, adem\u00e1s de al c\u00f3nyuge, el ius in corpus en paridad de condiciones; de modo que el simple prop\u00f3sito prenupcial de adulterar o de permanecer en el concubinato anterior no invalida el matrimonio.Actualmente dicha postura podr\u00eda considerarse totalmente superada, afirm\u00e1ndose la nulidad del matrimonio de aqu\u00e9l que contrae con la intenci\u00f3n y prop\u00f3sito firme de adulterar o de no guardar la fidelidad, si bien, y a\u00fan cuando \u00e9ste es el sentir de la generalidad de la doctrina, los planteamientos propios de la doctrina m\u00e1s tradicional vuelven a ser tomados en \u00e9pocas m\u00e1s recientes, poni\u00e9ndose, as\u00ed, de manifiesto la necesidad de un estudio pormenorizado de este elemento esencial del matrimonio.La obra pretende, por ello, y en primer lugar, ofrecer un an\u00e1lisis de la fidelidad conyugal en su integridad, intentando dar respuesta a cuestiones tales como: la relevancia jur\u00eddica de la exclusi\u00f3n de la fidelidad conyugal como cap\u00edtulo aut\u00f3nomo de nulidad y su sede jur\u00eddica, as\u00ed como su contenido; y, por tanto, en segundo lugar, los supuestos de hecho que constituyen una vulneraci\u00f3n de la misma. Cuestiones, todas estas, que se abordan haciendo especial hincapi\u00e9 en la perspectiva personal e interpersonal del matrimonio acogida por el ordenamiento can\u00f3nico; perspectiva de la que no puede prescindirse a la hora de perfilar cualquiera de las notas esenciales del matrimonio.En esta direcci\u00f3n, nos detenemos tambi\u00e9n, con cierto de detalle, en dos cuestiones \u00edn<\/p>\n<p>&nbsp;<\/p>\n<h3>Datos acad\u00e9micos de la tesis doctoral \u00ab<strong>La exclusi\u00f3n de la fidelidad en la doctrina eclesi\u00e1stica y jurisprudencia can\u00f3nica espa\u00f1ola<\/strong>\u00ab<\/h3>\n<ul>\n<li><strong>T\u00edtulo de la tesis:<\/strong>\u00a0 La exclusi\u00f3n de la fidelidad en la doctrina eclesi\u00e1stica y jurisprudencia can\u00f3nica espa\u00f1ola <\/li>\n<li><strong>Autor:<\/strong>\u00a0 Mar\u00eda Rosa Garc\u00eda  Vilardell <\/li>\n<li><strong>Universidad:<\/strong>\u00a0 Alicante<\/li>\n<li><strong>Fecha de lectura de la tesis:<\/strong>\u00a0 13\/10\/2006<\/li>\n<\/ul>\n<p>&nbsp;<\/p>\n<h3>Direcci\u00f3n y tribunal<\/h3>\n<ul>\n<li><strong>Director de la tesis<\/strong>\n<ul>\n<li>Valls Joaquin Mart\u00ednez<\/li>\n<\/ul>\n<\/li>\n<li><strong>Tribunal<\/strong>\n<ul>\n<li>Presidente del tribunal: rafael Navarro valls <\/li>\n<li>orallo Santiago panizo (vocal)<\/li>\n<li> Manuel j. arroba conde (vocal)<\/li>\n<li>Santiago Bueno salinas (vocal)<\/li>\n<\/ul>\n<\/li>\n<\/ul>\n<p>&nbsp;<\/p>\n","protected":false},"excerpt":{"rendered":"<p>Tesis doctoral de Mar\u00eda Rosa Garc\u00eda Vilardell Seg\u00fan se desprende del canon 1101.2 del c\u00f3digo de derecho can\u00f3nico de 1983, [&hellip;]<\/p>\n","protected":false},"author":1,"featured_media":0,"comment_status":"open","ping_status":"open","sticky":false,"template":"","format":"standard","meta":{"site-sidebar-layout":"default","site-content-layout":"","ast-site-content-layout":"","site-content-style":"default","site-sidebar-style":"default","ast-global-header-display":"","ast-banner-title-visibility":"","ast-main-header-display":"","ast-hfb-above-header-display":"","ast-hfb-below-header-display":"","ast-hfb-mobile-header-display":"","site-post-title":"","ast-breadcrumbs-content":"","ast-featured-img":"","footer-sml-layout":"","theme-transparent-header-meta":"","adv-header-id-meta":"","stick-header-meta":"","header-above-stick-meta":"","header-main-stick-meta":"","header-below-stick-meta":"","astra-migrate-meta-layouts":"default","ast-page-background-enabled":"default","ast-page-background-meta":{"desktop":{"background-color":"var(--ast-global-color-4)","background-image":"","background-repeat":"repeat","background-position":"center center","background-size":"auto","background-attachment":"scroll","background-type":"","background-media":"","overlay-type":"","overlay-color":"","overlay-gradient":""},"tablet":{"background-color":"","background-image":"","background-repeat":"repeat","background-position":"center center","background-size":"auto","background-attachment":"scroll","background-type":"","background-media":"","overlay-type":"","overlay-color":"","overlay-gradient":""},"mobile":{"background-color":"","background-image":"","background-repeat":"repeat","background-position":"center center","background-size":"auto","background-attachment":"scroll","background-type":"","background-media":"","overlay-type":"","overlay-color":"","overlay-gradient":""}},"ast-content-background-meta":{"desktop":{"background-color":"var(--ast-global-color-5)","background-image":"","background-repeat":"repeat","background-position":"center center","background-size":"auto","background-attachment":"scroll","background-type":"","background-media":"","overlay-type":"","overlay-color":"","overlay-gradient":""},"tablet":{"background-color":"var(--ast-global-color-5)","background-image":"","background-repeat":"repeat","background-position":"center center","background-size":"auto","background-attachment":"scroll","background-type":"","background-media":"","overlay-type":"","overlay-color":"","overlay-gradient":""},"mobile":{"background-color":"var(--ast-global-color-5)","background-image":"","background-repeat":"repeat","background-position":"center center","background-size":"auto","background-attachment":"scroll","background-type":"","background-media":"","overlay-type":"","overlay-color":"","overlay-gradient":""}},"footnotes":""},"categories":[19166,11921],"tags":[121537,121534,121536,18107,84039,121535],"class_list":["post-55015","post","type-post","status-publish","format-standard","hentry","category-alicante","category-derecho-canonico","tag-manuel-j-arroba-conde","tag-maria-rosa-garcia-vilardell","tag-orallo-santiago-panizo","tag-rafael-navarro-valls","tag-santiago-bueno-salinas","tag-valls-joaquin-Martinez"],"_links":{"self":[{"href":"https:\/\/www.deberes.net\/tesis\/wp-json\/wp\/v2\/posts\/55015","targetHints":{"allow":["GET"]}}],"collection":[{"href":"https:\/\/www.deberes.net\/tesis\/wp-json\/wp\/v2\/posts"}],"about":[{"href":"https:\/\/www.deberes.net\/tesis\/wp-json\/wp\/v2\/types\/post"}],"author":[{"embeddable":true,"href":"https:\/\/www.deberes.net\/tesis\/wp-json\/wp\/v2\/users\/1"}],"replies":[{"embeddable":true,"href":"https:\/\/www.deberes.net\/tesis\/wp-json\/wp\/v2\/comments?post=55015"}],"version-history":[{"count":0,"href":"https:\/\/www.deberes.net\/tesis\/wp-json\/wp\/v2\/posts\/55015\/revisions"}],"wp:attachment":[{"href":"https:\/\/www.deberes.net\/tesis\/wp-json\/wp\/v2\/media?parent=55015"}],"wp:term":[{"taxonomy":"category","embeddable":true,"href":"https:\/\/www.deberes.net\/tesis\/wp-json\/wp\/v2\/categories?post=55015"},{"taxonomy":"post_tag","embeddable":true,"href":"https:\/\/www.deberes.net\/tesis\/wp-json\/wp\/v2\/tags?post=55015"}],"curies":[{"name":"wp","href":"https:\/\/api.w.org\/{rel}","templated":true}]}}