{"id":55032,"date":"2018-03-09T22:42:44","date_gmt":"2018-03-09T22:42:44","guid":{"rendered":"https:\/\/www.deberes.net\/tesis\/sin-categoria\/logicas-de-justificacion-en-el-sector-asociativo-un-analisis-a-partir-del-discurso-de-trabajadores-de-la-insercion-laboral\/"},"modified":"2018-03-09T22:42:44","modified_gmt":"2018-03-09T22:42:44","slug":"logicas-de-justificacion-en-el-sector-asociativo-un-analisis-a-partir-del-discurso-de-trabajadores-de-la-insercion-laboral","status":"publish","type":"post","link":"https:\/\/www.deberes.net\/tesis\/sociologia\/logicas-de-justificacion-en-el-sector-asociativo-un-analisis-a-partir-del-discurso-de-trabajadores-de-la-insercion-laboral\/","title":{"rendered":"L\u00f3gicas de justificaci\u00f3n en el sector asociativo: un an\u00e1lisis a partir del discurso de trabajadores de la inserci\u00f3n laboral."},"content":{"rendered":"<h2>Tesis doctoral de <strong> Ignacio Mart\u00ednez Morales <\/strong><\/h2>\n<p>Este trabajo aborda el estudio del sector asociativo como un espacio social complejo sobre el que confluyen numerosas demandas sociales. En ese sentido la participaci\u00f3n de las asociaciones en la gesti\u00f3n de pol\u00edticas de bienestar implica una dimensi\u00f3n profesionalizadora que tensa algunos de los equilibrios en que se sustenta el sector.  En esa l\u00ednes, nuestra hip\u00f3tesis es la consideraci\u00f3n del sector asociativo como un espacio caracterizado por la confluencia de diferentes l\u00f3gicas de justificaci\u00f3n. Y esto implica tanto un alto potencial para la cr\u00edtica social, como una fuerte tendencia al compromiso entre l\u00f3gicas, lo cual puede llegar a desactivar el potencial cr\u00edtico mencionado. Ambas cuestiones, el potencial cr\u00edtico y la tendencia al compromiso, se hacen patentes en los discursos generados en el sector, que muestran el modo en que los sujetos dan sentido a su acci\u00f3n y la justifican. a partir de tales supuestos, el trabajo realizado ha consistido en un an\u00e1lisis de los discursos, a partir de entrevistas en profundidad a profesionales de la inserci\u00f3n labolar que trabajan en asociaciones. Un an\u00e1lisis realizado a partir del modelo de las \u00abeconom\u00edas de la grandeza\u00bb de boltanski y th\u00e9venot (1991), que ofrece una aproximaci\u00f3n adecada para el estudio de las diferentes l\u00f3gicas presentes en el sector. Este enfoque nos permite contextualizar los an\u00e1lisis en el marco de las nuevas configuraciones ideol\u00f3gicas del \u00abcapitalismo flexible\u00bb, en la l\u00ednea desarrollada por boltanski y chiapello (2002) en su trabajo sobre el \u00abtercer esp\u00edritu\u00bb del capitalismo. las conclusiones del trabajo est\u00e1n dicididas en dos partes: en primer lugar se procede a la identificaci\u00f3n de los discursos sobre trabajo y educaci\u00f3n como claves en las concepciones acerca de la ciudadan\u00eda, mostrando c\u00f3mo estos responden a la exigencia de reconciliar las tensiones entre las diferentes l\u00f3gicas de justificaci\u00f3n, as\u00ed como sus efectos potenciales en el sector asociativo. En segundo lugar<\/p>\n<p>&nbsp;<\/p>\n<h3>Datos acad\u00e9micos de la tesis doctoral \u00ab<strong>L\u00f3gicas de justificaci\u00f3n en el sector asociativo: un an\u00e1lisis a partir del discurso de trabajadores de la inserci\u00f3n laboral.<\/strong>\u00ab<\/h3>\n<ul>\n<li><strong>T\u00edtulo de la tesis:<\/strong>\u00a0 L\u00f3gicas de justificaci\u00f3n en el sector asociativo: un an\u00e1lisis a partir del discurso de trabajadores de la inserci\u00f3n laboral. <\/li>\n<li><strong>Autor:<\/strong>\u00a0 Ignacio Mart\u00ednez Morales <\/li>\n<li><strong>Universidad:<\/strong>\u00a0 Universitat de val\u00e9ncia (estudi general)<\/li>\n<li><strong>Fecha de lectura de la tesis:<\/strong>\u00a0 16\/10\/2006<\/li>\n<\/ul>\n<p>&nbsp;<\/p>\n<h3>Direcci\u00f3n y tribunal<\/h3>\n<ul>\n<li><strong>Director de la tesis<\/strong>\n<ul>\n<li>Antonio Ari\u00f1o Villarroya<\/li>\n<\/ul>\n<\/li>\n<li><strong>Tribunal<\/strong>\n<ul>\n<li>Presidente del tribunal: josepa Cuc\u00f3 giner <\/li>\n<li>Jos\u00e9 Luis Moreno pesta\u00f1a (vocal)<\/li>\n<li>Luis enrique Alonso benito (vocal)<\/li>\n<li>imanol Zubero beascoechea (vocal)<\/li>\n<\/ul>\n<\/li>\n<\/ul>\n<p>&nbsp;<\/p>\n","protected":false},"excerpt":{"rendered":"<p>Tesis doctoral de Ignacio Mart\u00ednez Morales Este trabajo aborda el estudio del sector asociativo como un espacio social complejo sobre [&hellip;]<\/p>\n","protected":false},"author":1,"featured_media":0,"comment_status":"open","ping_status":"open","sticky":false,"template":"","format":"standard","meta":{"site-sidebar-layout":"default","site-content-layout":"","ast-site-content-layout":"","site-content-style":"default","site-sidebar-style":"default","ast-global-header-display":"","ast-banner-title-visibility":"","ast-main-header-display":"","ast-hfb-above-header-display":"","ast-hfb-below-header-display":"","ast-hfb-mobile-header-display":"","site-post-title":"","ast-breadcrumbs-content":"","ast-featured-img":"","footer-sml-layout":"","theme-transparent-header-meta":"","adv-header-id-meta":"","stick-header-meta":"","header-above-stick-meta":"","header-main-stick-meta":"","header-below-stick-meta":"","astra-migrate-meta-layouts":"default","ast-page-background-enabled":"default","ast-page-background-meta":{"desktop":{"background-color":"var(--ast-global-color-4)","background-image":"","background-repeat":"repeat","background-position":"center center","background-size":"auto","background-attachment":"scroll","background-type":"","background-media":"","overlay-type":"","overlay-color":"","overlay-gradient":""},"tablet":{"background-color":"","background-image":"","background-repeat":"repeat","background-position":"center center","background-size":"auto","background-attachment":"scroll","background-type":"","background-media":"","overlay-type":"","overlay-color":"","overlay-gradient":""},"mobile":{"background-color":"","background-image":"","background-repeat":"repeat","background-position":"center center","background-size":"auto","background-attachment":"scroll","background-type":"","background-media":"","overlay-type":"","overlay-color":"","overlay-gradient":""}},"ast-content-background-meta":{"desktop":{"background-color":"var(--ast-global-color-5)","background-image":"","background-repeat":"repeat","background-position":"center center","background-size":"auto","background-attachment":"scroll","background-type":"","background-media":"","overlay-type":"","overlay-color":"","overlay-gradient":""},"tablet":{"background-color":"var(--ast-global-color-5)","background-image":"","background-repeat":"repeat","background-position":"center center","background-size":"auto","background-attachment":"scroll","background-type":"","background-media":"","overlay-type":"","overlay-color":"","overlay-gradient":""},"mobile":{"background-color":"var(--ast-global-color-5)","background-image":"","background-repeat":"repeat","background-position":"center center","background-size":"auto","background-attachment":"scroll","background-type":"","background-media":"","overlay-type":"","overlay-color":"","overlay-gradient":""}},"footnotes":""},"categories":[22018,9647,269,1496],"tags":[31449,121568,75581,121569,80735,4645],"class_list":["post-55032","post","type-post","status-publish","format-standard","hentry","category-bienestar-social","category-desarrollo-y-politica-social","category-sociologia","category-sociologia-del-trabajo","tag-antonio-arino-villarroya","tag-ignacio-Martinez-morales","tag-imanol-zubero-beascoechea","tag-jose-luis-moreno-pestana","tag-josepa-cuco-giner","tag-luis-enrique-alonso-benito"],"_links":{"self":[{"href":"https:\/\/www.deberes.net\/tesis\/wp-json\/wp\/v2\/posts\/55032","targetHints":{"allow":["GET"]}}],"collection":[{"href":"https:\/\/www.deberes.net\/tesis\/wp-json\/wp\/v2\/posts"}],"about":[{"href":"https:\/\/www.deberes.net\/tesis\/wp-json\/wp\/v2\/types\/post"}],"author":[{"embeddable":true,"href":"https:\/\/www.deberes.net\/tesis\/wp-json\/wp\/v2\/users\/1"}],"replies":[{"embeddable":true,"href":"https:\/\/www.deberes.net\/tesis\/wp-json\/wp\/v2\/comments?post=55032"}],"version-history":[{"count":0,"href":"https:\/\/www.deberes.net\/tesis\/wp-json\/wp\/v2\/posts\/55032\/revisions"}],"wp:attachment":[{"href":"https:\/\/www.deberes.net\/tesis\/wp-json\/wp\/v2\/media?parent=55032"}],"wp:term":[{"taxonomy":"category","embeddable":true,"href":"https:\/\/www.deberes.net\/tesis\/wp-json\/wp\/v2\/categories?post=55032"},{"taxonomy":"post_tag","embeddable":true,"href":"https:\/\/www.deberes.net\/tesis\/wp-json\/wp\/v2\/tags?post=55032"}],"curies":[{"name":"wp","href":"https:\/\/api.w.org\/{rel}","templated":true}]}}