{"id":55033,"date":"2018-03-09T22:42:44","date_gmt":"2018-03-09T22:42:44","guid":{"rendered":"https:\/\/www.deberes.net\/tesis\/sin-categoria\/el-empleo-a-tiempo-parcial-como-herramienta-para-compatibilizar-la-flexibilidad-laboral-y-la-conciliacion-de-la-vida-personal-y-laboral\/"},"modified":"2018-03-09T22:42:44","modified_gmt":"2018-03-09T22:42:44","slug":"el-empleo-a-tiempo-parcial-como-herramienta-para-compatibilizar-la-flexibilidad-laboral-y-la-conciliacion-de-la-vida-personal-y-laboral","status":"publish","type":"post","link":"https:\/\/www.deberes.net\/tesis\/actividad-economica\/el-empleo-a-tiempo-parcial-como-herramienta-para-compatibilizar-la-flexibilidad-laboral-y-la-conciliacion-de-la-vida-personal-y-laboral\/","title":{"rendered":"El empleo a tiempo parcial como herramienta para compatibilizar la flexibilidad laboral y la conciliaci\u00f3n de la vida personal y laboral"},"content":{"rendered":"<h2>Tesis doctoral de <strong>  Sirvent Garc\u00eda Del Valle Elena <\/strong><\/h2>\n<p>El empleo a tiempo parcial de calidad ocupa un lugar destacado entre las formas de empleo que pueden servir para logra una flexibilidad del tiempo de trabajo que sea beneficiosa para trabajadores y empresarios. en la tesis se comienza estableciendo un marco te\u00f3rico mediante el an\u00e1lisis del concepto de empleo a tiempo parcial y la revisi\u00f3n de la literatura existente sobre esta modalidad de empleo. posteriormente se procede a realizar un an\u00e1lisis del empleo a tiempo parcial en europa a trav\u00e9s de la encuesta employment options of the future, realizada pro la fundaci\u00f3n europea para la mejora de las condiciones de vida y trabajo en 1998. en primer lugar, se establece una tipolog\u00eda de los trabajadores (asalariados y ocupados por cuenta propia, hombres y mujeres) en base a caracter\u00edsticas objetivas y despu\u00e9s se analizan las preferencias laborales. Se estudian pro separado los trabajadores a tiempo parcial sustancial y los trabajadores a tiempo parcial marginal ya que las caracter\u00edsticas de unos y otros difieren. se comparan los resutlados para la ue-15, espa\u00f1a, holanda y dinamarca seguidamente se procede a analizar el empleo femenino a tiempo parcial en espa\u00f1a a partir de datos de la european labour force survey de 1995 y 2002. Se explora la relaci\u00f3n existente entre las ramas de actividad y los motivos por los cuales las ocupadas han decidido trabajar a tiempo parcial. Este an\u00e1lisis permite, por una parte, analizar si el \u00abacuerdo sobre el trabajo a tiempo parcial y fomento de su estabilidad\u00bb de 1998 tuvo el impacto que pretend\u00eda. Por otra parte, la comparaci\u00f3n del an\u00e1lisis de espa\u00f1a con los que posteriormente son realizados para holanda y dinamarca, unido al an\u00e1lisis realizado de la encuesta employment optiones of the future, permite sugerir medidas de pol\u00edtica econ\u00f3mica para fomentar el empleo a tiempo parcial en espa\u00f1a, analizar si en europa est\u00e1 o no surgiendo un nuevo est\u00e1ndar de tiempo de trabajo, y proponer una serie de pautas que deber\u00eda<\/p>\n<p>&nbsp;<\/p>\n<h3>Datos acad\u00e9micos de la tesis doctoral \u00ab<strong>El empleo a tiempo parcial como herramienta para compatibilizar la flexibilidad laboral y la conciliaci\u00f3n de la vida personal y laboral<\/strong>\u00ab<\/h3>\n<ul>\n<li><strong>T\u00edtulo de la tesis:<\/strong>\u00a0 El empleo a tiempo parcial como herramienta para compatibilizar la flexibilidad laboral y la conciliaci\u00f3n de la vida personal y laboral <\/li>\n<li><strong>Autor:<\/strong>\u00a0  Sirvent Garc\u00eda Del Valle Elena <\/li>\n<li><strong>Universidad:<\/strong>\u00a0 Pa\u00eds vasco\/euskal herriko unibertsitatea<\/li>\n<li><strong>Fecha de lectura de la tesis:<\/strong>\u00a0 16\/10\/2006<\/li>\n<\/ul>\n<p>&nbsp;<\/p>\n<h3>Direcci\u00f3n y tribunal<\/h3>\n<ul>\n<li><strong>Director de la tesis<\/strong>\n<ul>\n<li>Jes\u00fas Ferreiro Aparicio<\/li>\n<\/ul>\n<\/li>\n<li><strong>Tribunal<\/strong>\n<ul>\n<li>Presidente del tribunal: milagros Garcia crespo <\/li>\n<li>Jes\u00fas Basulto santos (vocal)<\/li>\n<li>felipe Serrano p\u00e9rez (vocal)<\/li>\n<li>cristina Carrasco bengoa (vocal)<\/li>\n<\/ul>\n<\/li>\n<\/ul>\n<p>&nbsp;<\/p>\n","protected":false},"excerpt":{"rendered":"<p>Tesis doctoral de Sirvent Garc\u00eda Del Valle Elena El empleo a tiempo parcial de calidad ocupa un lugar destacado entre [&hellip;]<\/p>\n","protected":false},"author":1,"featured_media":0,"comment_status":"open","ping_status":"open","sticky":false,"template":"","format":"standard","meta":{"site-sidebar-layout":"default","site-content-layout":"","ast-site-content-layout":"","site-content-style":"default","site-sidebar-style":"default","ast-global-header-display":"","ast-banner-title-visibility":"","ast-main-header-display":"","ast-hfb-above-header-display":"","ast-hfb-below-header-display":"","ast-hfb-mobile-header-display":"","site-post-title":"","ast-breadcrumbs-content":"","ast-featured-img":"","footer-sml-layout":"","theme-transparent-header-meta":"","adv-header-id-meta":"","stick-header-meta":"","header-above-stick-meta":"","header-main-stick-meta":"","header-below-stick-meta":"","astra-migrate-meta-layouts":"default","ast-page-background-enabled":"default","ast-page-background-meta":{"desktop":{"background-color":"var(--ast-global-color-4)","background-image":"","background-repeat":"repeat","background-position":"center center","background-size":"auto","background-attachment":"scroll","background-type":"","background-media":"","overlay-type":"","overlay-color":"","overlay-gradient":""},"tablet":{"background-color":"","background-image":"","background-repeat":"repeat","background-position":"center center","background-size":"auto","background-attachment":"scroll","background-type":"","background-media":"","overlay-type":"","overlay-color":"","overlay-gradient":""},"mobile":{"background-color":"","background-image":"","background-repeat":"repeat","background-position":"center center","background-size":"auto","background-attachment":"scroll","background-type":"","background-media":"","overlay-type":"","overlay-color":"","overlay-gradient":""}},"ast-content-background-meta":{"desktop":{"background-color":"var(--ast-global-color-5)","background-image":"","background-repeat":"repeat","background-position":"center center","background-size":"auto","background-attachment":"scroll","background-type":"","background-media":"","overlay-type":"","overlay-color":"","overlay-gradient":""},"tablet":{"background-color":"var(--ast-global-color-5)","background-image":"","background-repeat":"repeat","background-position":"center center","background-size":"auto","background-attachment":"scroll","background-type":"","background-media":"","overlay-type":"","overlay-color":"","overlay-gradient":""},"mobile":{"background-color":"var(--ast-global-color-5)","background-image":"","background-repeat":"repeat","background-position":"center center","background-size":"auto","background-attachment":"scroll","background-type":"","background-media":"","overlay-type":"","overlay-color":"","overlay-gradient":""}},"footnotes":""},"categories":[772,2207,9647,12909,15032],"tags":[1073,28282,12419,121571,12733,121570],"class_list":["post-55033","post","type-post","status-publish","format-standard","hentry","category-actividad-economica","category-analisis-de-datos","category-desarrollo-y-politica-social","category-pais-vasco-euskal-herriko-unibertsitatea","category-politica-economica","tag-cristina-carrasco-bengoa","tag-felipe-serrano-perez","tag-jesus-basulto-santos","tag-jesus-ferreiro-aparicio","tag-milagros-garcia-crespo","tag-sirvent-garcia-del-valle-elena"],"_links":{"self":[{"href":"https:\/\/www.deberes.net\/tesis\/wp-json\/wp\/v2\/posts\/55033","targetHints":{"allow":["GET"]}}],"collection":[{"href":"https:\/\/www.deberes.net\/tesis\/wp-json\/wp\/v2\/posts"}],"about":[{"href":"https:\/\/www.deberes.net\/tesis\/wp-json\/wp\/v2\/types\/post"}],"author":[{"embeddable":true,"href":"https:\/\/www.deberes.net\/tesis\/wp-json\/wp\/v2\/users\/1"}],"replies":[{"embeddable":true,"href":"https:\/\/www.deberes.net\/tesis\/wp-json\/wp\/v2\/comments?post=55033"}],"version-history":[{"count":0,"href":"https:\/\/www.deberes.net\/tesis\/wp-json\/wp\/v2\/posts\/55033\/revisions"}],"wp:attachment":[{"href":"https:\/\/www.deberes.net\/tesis\/wp-json\/wp\/v2\/media?parent=55033"}],"wp:term":[{"taxonomy":"category","embeddable":true,"href":"https:\/\/www.deberes.net\/tesis\/wp-json\/wp\/v2\/categories?post=55033"},{"taxonomy":"post_tag","embeddable":true,"href":"https:\/\/www.deberes.net\/tesis\/wp-json\/wp\/v2\/tags?post=55033"}],"curies":[{"name":"wp","href":"https:\/\/api.w.org\/{rel}","templated":true}]}}