{"id":55072,"date":"2018-03-09T22:42:47","date_gmt":"2018-03-09T22:42:47","guid":{"rendered":"https:\/\/www.deberes.net\/tesis\/sin-categoria\/indagaciones-en-torno-a-la-condicion-fronteriza\/"},"modified":"2018-03-09T22:42:47","modified_gmt":"2018-03-09T22:42:47","slug":"indagaciones-en-torno-a-la-condicion-fronteriza","status":"publish","type":"post","link":"https:\/\/www.deberes.net\/tesis\/filosofia-del-conocimiento\/indagaciones-en-torno-a-la-condicion-fronteriza\/","title":{"rendered":"Indagaciones en torno a la condici\u00f3n fronteriza"},"content":{"rendered":"<h2>Tesis doctoral de <strong> Teresa Guardans Camb\u00f3 <\/strong><\/h2>\n<p>Rabajo de investigaci\u00f3n sobre los factores que puedan favorecer el conocimiento silencioso o no conceptual. Una primera fase la constituye la delimitaci\u00f3n del \u00e1mbito de estudio, el conocimiento silencioso, lo que se har\u00e1 en base a la propueta filos\u00f3fica de eugenio tr\u00edas, la filosof\u00eda del l\u00edmite y, muy especialmente, de su concepto de \u00abcondici\u00f3n fronteriza\u00bb, que da raz\u00f3n de la doble posibilidad humana de conocimiento, conceptual y no conceptual. Asumir esa doble posibilidad ser\u00ed\u00a0 la orientaci\u00f3n de la \u00e9tica fronteriza propuesta por tr\u00edas.  El estudio se plantea como un trabajo de campo acerca de esa \u00e9tica fronteriza. Se analiza una muestra significativa de referencias al conocimiento no conceptual (de artistas, en su mayor\u00eda). El silencio de la relaci\u00f3n sujeto-objeto aparece como una constante (\u00abdes-sujeci\u00f3n\u00bb. Lo que lleva a la investigaci\u00f3n hacia la exploraci\u00f3n del cultivo del silencio de las capacidades cognoscitivas. Y a proponer, finalmente, una lectura de los maestros de la experiencia m\u00edstica, desde la perspectiva del silenciamiento de las capacidades cognoscitivas humanas<\/p>\n<p>&nbsp;<\/p>\n<h3>Datos acad\u00e9micos de la tesis doctoral \u00ab<strong>Indagaciones en torno a la condici\u00f3n fronteriza<\/strong>\u00ab<\/h3>\n<ul>\n<li><strong>T\u00edtulo de la tesis:<\/strong>\u00a0 Indagaciones en torno a la condici\u00f3n fronteriza <\/li>\n<li><strong>Autor:<\/strong>\u00a0 Teresa Guardans Camb\u00f3 <\/li>\n<li><strong>Universidad:<\/strong>\u00a0 Pompeu fabra<\/li>\n<li><strong>Fecha de lectura de la tesis:<\/strong>\u00a0 18\/10\/2006<\/li>\n<\/ul>\n<p>&nbsp;<\/p>\n<h3>Direcci\u00f3n y tribunal<\/h3>\n<ul>\n<li><strong>Director de la tesis<\/strong>\n<ul>\n<li>Eugenio Tr\u00edas Sagnier<\/li>\n<\/ul>\n<\/li>\n<li><strong>Tribunal<\/strong>\n<ul>\n<li>Presidente del tribunal:  Gonz\u00e1lez casanova Jos\u00e9 Antonio <\/li>\n<li>antoni Mari mu\u00f1oz (vocal)<\/li>\n<li>Mar\u00eda no Corb\u00ed qui\u00f1onero (vocal)<\/li>\n<li>xavier Melloni ribas (vocal)<\/li>\n<\/ul>\n<\/li>\n<\/ul>\n<p>&nbsp;<\/p>\n","protected":false},"excerpt":{"rendered":"<p>Tesis doctoral de Teresa Guardans Camb\u00f3 Rabajo de investigaci\u00f3n sobre los factores que puedan favorecer el conocimiento silencioso o no [&hellip;]<\/p>\n","protected":false},"author":1,"featured_media":0,"comment_status":"open","ping_status":"open","sticky":false,"template":"","format":"standard","meta":{"site-sidebar-layout":"default","site-content-layout":"","ast-site-content-layout":"","site-content-style":"default","site-sidebar-style":"default","ast-global-header-display":"","ast-banner-title-visibility":"","ast-main-header-display":"","ast-hfb-above-header-display":"","ast-hfb-below-header-display":"","ast-hfb-mobile-header-display":"","site-post-title":"","ast-breadcrumbs-content":"","ast-featured-img":"","footer-sml-layout":"","theme-transparent-header-meta":"","adv-header-id-meta":"","stick-header-meta":"","header-above-stick-meta":"","header-main-stick-meta":"","header-below-stick-meta":"","astra-migrate-meta-layouts":"default","ast-page-background-enabled":"default","ast-page-background-meta":{"desktop":{"background-color":"var(--ast-global-color-4)","background-image":"","background-repeat":"repeat","background-position":"center center","background-size":"auto","background-attachment":"scroll","background-type":"","background-media":"","overlay-type":"","overlay-color":"","overlay-gradient":""},"tablet":{"background-color":"","background-image":"","background-repeat":"repeat","background-position":"center center","background-size":"auto","background-attachment":"scroll","background-type":"","background-media":"","overlay-type":"","overlay-color":"","overlay-gradient":""},"mobile":{"background-color":"","background-image":"","background-repeat":"repeat","background-position":"center center","background-size":"auto","background-attachment":"scroll","background-type":"","background-media":"","overlay-type":"","overlay-color":"","overlay-gradient":""}},"ast-content-background-meta":{"desktop":{"background-color":"var(--ast-global-color-5)","background-image":"","background-repeat":"repeat","background-position":"center center","background-size":"auto","background-attachment":"scroll","background-type":"","background-media":"","overlay-type":"","overlay-color":"","overlay-gradient":""},"tablet":{"background-color":"var(--ast-global-color-5)","background-image":"","background-repeat":"repeat","background-position":"center center","background-size":"auto","background-attachment":"scroll","background-type":"","background-media":"","overlay-type":"","overlay-color":"","overlay-gradient":""},"mobile":{"background-color":"var(--ast-global-color-5)","background-image":"","background-repeat":"repeat","background-position":"center center","background-size":"auto","background-attachment":"scroll","background-type":"","background-media":"","overlay-type":"","overlay-color":"","overlay-gradient":""}},"footnotes":""},"categories":[10452,8646,956,55312,18712],"tags":[4159,15634,91636,115269,121654,121655],"class_list":["post-55072","post","type-post","status-publish","format-standard","hentry","category-estetica","category-etica","category-filosofia-del-conocimiento","category-motivacion-etica","category-pompeu-fabra","tag-antoni-mari-munoz","tag-eugenio-trias-sagnier","tag-gonzalez-casanova-jose-antonio","tag-maria-no-corbi-quinonero","tag-teresa-guardans-cambo","tag-xavier-melloni-ribas"],"_links":{"self":[{"href":"https:\/\/www.deberes.net\/tesis\/wp-json\/wp\/v2\/posts\/55072","targetHints":{"allow":["GET"]}}],"collection":[{"href":"https:\/\/www.deberes.net\/tesis\/wp-json\/wp\/v2\/posts"}],"about":[{"href":"https:\/\/www.deberes.net\/tesis\/wp-json\/wp\/v2\/types\/post"}],"author":[{"embeddable":true,"href":"https:\/\/www.deberes.net\/tesis\/wp-json\/wp\/v2\/users\/1"}],"replies":[{"embeddable":true,"href":"https:\/\/www.deberes.net\/tesis\/wp-json\/wp\/v2\/comments?post=55072"}],"version-history":[{"count":0,"href":"https:\/\/www.deberes.net\/tesis\/wp-json\/wp\/v2\/posts\/55072\/revisions"}],"wp:attachment":[{"href":"https:\/\/www.deberes.net\/tesis\/wp-json\/wp\/v2\/media?parent=55072"}],"wp:term":[{"taxonomy":"category","embeddable":true,"href":"https:\/\/www.deberes.net\/tesis\/wp-json\/wp\/v2\/categories?post=55072"},{"taxonomy":"post_tag","embeddable":true,"href":"https:\/\/www.deberes.net\/tesis\/wp-json\/wp\/v2\/tags?post=55072"}],"curies":[{"name":"wp","href":"https:\/\/api.w.org\/{rel}","templated":true}]}}