{"id":55073,"date":"2018-03-09T22:42:47","date_gmt":"2018-03-09T22:42:47","guid":{"rendered":"https:\/\/www.deberes.net\/tesis\/sin-categoria\/unitil-modelo-de-gobierno-y-gestion-de-las-tic-para-universidades\/"},"modified":"2018-03-09T22:42:47","modified_gmt":"2018-03-09T22:42:47","slug":"unitil-modelo-de-gobierno-y-gestion-de-las-tic-para-universidades","status":"publish","type":"post","link":"https:\/\/www.deberes.net\/tesis\/organizacion-y-gestion-de-empresas\/unitil-modelo-de-gobierno-y-gestion-de-las-tic-para-universidades\/","title":{"rendered":"Unitil: modelo de gobierno y gesti\u00f3n de las tic para universidades"},"content":{"rendered":"<h2>Tesis doctoral de <strong> Eugenio Fern\u00e1ndez Vicente <\/strong><\/h2>\n<p>Las organizaciones son cada vez m\u00e1s conscientes de la importancia de las tic en su cadena de valor, mientras que en el sector privado se tiene una conciencia clara dela necesidad de implementar modelos adecuados de gobierno y gesti\u00f3n de las tic, en la universidad p\u00fablica espa\u00f1ola se lleva un retraso significativo en la materia. La implementaci\u00f3n de modelos de gobierno y gesti\u00f3n de las tic adecuados en las universidades permitir\u00e1 dar un salto cualitativo en este sentido. Sin embargo, por el contexto espec\u00edfico de \u00e9sta, es preciso dise\u00f1ar modelos espec\u00edficos simples e impresentables en el corto plazo y con pocos recursos, que tengan como referencia marcos generales como itil. Cobit, o iso17799. As\u00ed, en esta tesis se aborda, adem\u00e1s de una extensa  revisi\u00f3n de las aproximaciones existentes, modelos espec\u00edficos para la gesti\u00f3n y gobierno de las tic, la gesti\u00f3n de la continuidad y la seguridad, la gesti\u00f3n de la lopd, y la gesti\u00f3n del e-learning.<\/p>\n<p>&nbsp;<\/p>\n<h3>Datos acad\u00e9micos de la tesis doctoral \u00ab<strong>Unitil: modelo de gobierno y gesti\u00f3n de las tic para universidades<\/strong>\u00ab<\/h3>\n<ul>\n<li><strong>T\u00edtulo de la tesis:<\/strong>\u00a0 Unitil: modelo de gobierno y gesti\u00f3n de las tic para universidades <\/li>\n<li><strong>Autor:<\/strong>\u00a0 Eugenio Fern\u00e1ndez Vicente <\/li>\n<li><strong>Universidad:<\/strong>\u00a0 Rey juan carlos<\/li>\n<li><strong>Fecha de lectura de la tesis:<\/strong>\u00a0 18\/10\/2006<\/li>\n<\/ul>\n<p>&nbsp;<\/p>\n<h3>Direcci\u00f3n y tribunal<\/h3>\n<ul>\n<li><strong>Director de la tesis<\/strong>\n<ul>\n<li>David R\u00edos Insua<\/li>\n<\/ul>\n<\/li>\n<li><strong>Tribunal<\/strong>\n<ul>\n<li>Presidente del tribunal:  Montero de Juan  javier <\/li>\n<li>Antonio Troncoso reigada (vocal)<\/li>\n<li>Jos\u00e9 Manuel Perales perales (vocal)<\/li>\n<li>rigoberto P\u00e9rez su\u00e1rez (vocal)<\/li>\n<\/ul>\n<\/li>\n<\/ul>\n<p>&nbsp;<\/p>\n","protected":false},"excerpt":{"rendered":"<p>Tesis doctoral de Eugenio Fern\u00e1ndez Vicente Las organizaciones son cada vez m\u00e1s conscientes de la importancia de las tic en [&hellip;]<\/p>\n","protected":false},"author":1,"featured_media":0,"comment_status":"open","ping_status":"open","sticky":false,"template":"","format":"standard","meta":{"site-sidebar-layout":"default","site-content-layout":"","ast-site-content-layout":"","site-content-style":"default","site-sidebar-style":"default","ast-global-header-display":"","ast-banner-title-visibility":"","ast-main-header-display":"","ast-hfb-above-header-display":"","ast-hfb-below-header-display":"","ast-hfb-mobile-header-display":"","site-post-title":"","ast-breadcrumbs-content":"","ast-featured-img":"","footer-sml-layout":"","theme-transparent-header-meta":"","adv-header-id-meta":"","stick-header-meta":"","header-above-stick-meta":"","header-main-stick-meta":"","header-below-stick-meta":"","astra-migrate-meta-layouts":"default","ast-page-background-enabled":"default","ast-page-background-meta":{"desktop":{"background-color":"var(--ast-global-color-4)","background-image":"","background-repeat":"repeat","background-position":"center center","background-size":"auto","background-attachment":"scroll","background-type":"","background-media":"","overlay-type":"","overlay-color":"","overlay-gradient":""},"tablet":{"background-color":"","background-image":"","background-repeat":"repeat","background-position":"center center","background-size":"auto","background-attachment":"scroll","background-type":"","background-media":"","overlay-type":"","overlay-color":"","overlay-gradient":""},"mobile":{"background-color":"","background-image":"","background-repeat":"repeat","background-position":"center center","background-size":"auto","background-attachment":"scroll","background-type":"","background-media":"","overlay-type":"","overlay-color":"","overlay-gradient":""}},"ast-content-background-meta":{"desktop":{"background-color":"var(--ast-global-color-5)","background-image":"","background-repeat":"repeat","background-position":"center center","background-size":"auto","background-attachment":"scroll","background-type":"","background-media":"","overlay-type":"","overlay-color":"","overlay-gradient":""},"tablet":{"background-color":"var(--ast-global-color-5)","background-image":"","background-repeat":"repeat","background-position":"center center","background-size":"auto","background-attachment":"scroll","background-type":"","background-media":"","overlay-type":"","overlay-color":"","overlay-gradient":""},"mobile":{"background-color":"var(--ast-global-color-5)","background-image":"","background-repeat":"repeat","background-position":"center center","background-size":"auto","background-attachment":"scroll","background-type":"","background-media":"","overlay-type":"","overlay-color":"","overlay-gradient":""}},"footnotes":""},"categories":[4149,13880,1302,36610,8295],"tags":[72060,30820,121656,16356,35617,51098],"class_list":["post-55073","post","type-post","status-publish","format-standard","hentry","category-diseno-y-componentes-de-sistemas-de-informacion","category-informatica","category-organizacion-y-gestion-de-empresas","category-rey-juan-carlos","category-sistemas-de-control-del-entorno","tag-antonio-troncoso-reigada","tag-david-rios-insua","tag-eugenio-fernandez-vicente","tag-jose-manuel-perales-perales","tag-montero-de-juan-javier","tag-rigoberto-perez-suarez"],"_links":{"self":[{"href":"https:\/\/www.deberes.net\/tesis\/wp-json\/wp\/v2\/posts\/55073","targetHints":{"allow":["GET"]}}],"collection":[{"href":"https:\/\/www.deberes.net\/tesis\/wp-json\/wp\/v2\/posts"}],"about":[{"href":"https:\/\/www.deberes.net\/tesis\/wp-json\/wp\/v2\/types\/post"}],"author":[{"embeddable":true,"href":"https:\/\/www.deberes.net\/tesis\/wp-json\/wp\/v2\/users\/1"}],"replies":[{"embeddable":true,"href":"https:\/\/www.deberes.net\/tesis\/wp-json\/wp\/v2\/comments?post=55073"}],"version-history":[{"count":0,"href":"https:\/\/www.deberes.net\/tesis\/wp-json\/wp\/v2\/posts\/55073\/revisions"}],"wp:attachment":[{"href":"https:\/\/www.deberes.net\/tesis\/wp-json\/wp\/v2\/media?parent=55073"}],"wp:term":[{"taxonomy":"category","embeddable":true,"href":"https:\/\/www.deberes.net\/tesis\/wp-json\/wp\/v2\/categories?post=55073"},{"taxonomy":"post_tag","embeddable":true,"href":"https:\/\/www.deberes.net\/tesis\/wp-json\/wp\/v2\/tags?post=55073"}],"curies":[{"name":"wp","href":"https:\/\/api.w.org\/{rel}","templated":true}]}}