{"id":55080,"date":"2018-03-09T22:42:47","date_gmt":"2018-03-09T22:42:47","guid":{"rendered":"https:\/\/www.deberes.net\/tesis\/sin-categoria\/aspectos-temporales-de-la-representacion-de-conocimiento-en-el-sa%c2%adndrome-de-apneas-del-sueno\/"},"modified":"2018-03-09T22:42:47","modified_gmt":"2018-03-09T22:42:47","slug":"aspectos-temporales-de-la-representacion-de-conocimiento-en-el-sa%c2%adndrome-de-apneas-del-sueno","status":"publish","type":"post","link":"https:\/\/www.deberes.net\/tesis\/inteligencia-artificial\/aspectos-temporales-de-la-representacion-de-conocimiento-en-el-sa%c2%adndrome-de-apneas-del-sueno\/","title":{"rendered":"Aspectos temporales de la representaci\u00f3n de conocimiento en el s\u00edndrome de apneas del sue\u00f1o"},"content":{"rendered":"<h2>Tesis doctoral de <strong> Angel Fern\u00e1ndez Leal <\/strong><\/h2>\n<p>Esta tesis presenta el dise\u00f1o de un nuevo modelo computable para la representaci\u00f3n de informaci\u00f3n temporal y el tratamiento eficiente de la casualidad, denominado ctcn (casual temporal constraint networks), y el dise\u00f1o, implementaci\u00f3n y validaci\u00f3n de un marco de trabajo para el tratamiento de informaci\u00f3n temporal en el dominio de aplicaci\u00f3n de problemas de diagn\u00f3stico cl\u00ednico, que emplean registros biom\u00e9tricos como informaci\u00f3n b\u00e1sica. el \u00e1mbito de aplicaci\u00f3n de este trabajo es el diagn\u00f3stico del s\u00edndrome de apneas en sue\u00f1o (sas) que es un desorden respiratoria caracterizado por la ocurrencia de 5 o m\u00e1s pausas respiratorias (apneas o hipopneas) por hora de sue\u00f1o. As\u00ed, el trabajo desarrollado se ha integrado en un sistema de diagn\u00f3stico del sas para comprobar su aplicaci\u00f3n pr\u00e1ctica. el modelo para la representaci\u00f3n de informaci\u00f3n temporal propuesto: (a) permite el establecimiento de restricciones temporales cualitativas y cuantitativas entre entidades temporales (que pueden ser puntos o intervalos), (b) introduce la representaci\u00f3n de las restricciones causales que comunmente se encuentran en cualquier dominio de conocimiento, y (c) permite la representaci\u00f3n de conocimiento impreciso. la representaci\u00f3n de las restricciones causales se realiza de tal forma que permite la formalizaci\u00f3n tanto de la causalidad objetiva (comunmente aceptada como conocimiento p\u00fablico o semip\u00fablico) como de la causalidad subjetiva (conocimiento heur\u00edstico o privado) el tratamiento temporal de la informaci\u00f3n se realiza estructurando \u00e9sta, en funci\u00f3n sus caracter\u00edsticas y de la granularidad temporal, en distintos contextos de interpretaci\u00f3n enlazados entre s\u00ed mediante un mecanismo de inferencia. Este mecanismo realiza la abstracci\u00f3n vertical de dicha informaci\u00f3n, para obtener finalmente una informaci\u00f3n con un nivel de abstracci\u00f3n que permita elaborar un diagn\u00f3stico. el mecanismo de inferencia se basa en la identificaci\u00f3n de patrones de diagn\u00f3st<\/p>\n<p>&nbsp;<\/p>\n<h3>Datos acad\u00e9micos de la tesis doctoral \u00ab<strong>Aspectos temporales de la representaci\u00f3n de conocimiento en el s\u00edndrome de apneas del sue\u00f1o<\/strong>\u00ab<\/h3>\n<ul>\n<li><strong>T\u00edtulo de la tesis:<\/strong>\u00a0 Aspectos temporales de la representaci\u00f3n de conocimiento en el s\u00edndrome de apneas del sue\u00f1o <\/li>\n<li><strong>Autor:<\/strong>\u00a0 Angel Fern\u00e1ndez Leal <\/li>\n<li><strong>Universidad:<\/strong>\u00a0 A coru\u00f1a<\/li>\n<li><strong>Fecha de lectura de la tesis:<\/strong>\u00a0 19\/10\/2006<\/li>\n<\/ul>\n<p>&nbsp;<\/p>\n<h3>Direcci\u00f3n y tribunal<\/h3>\n<ul>\n<li><strong>Director de la tesis<\/strong>\n<ul>\n<li>Vicente Moret Bonillo<\/li>\n<\/ul>\n<\/li>\n<li><strong>Tribunal<\/strong>\n<ul>\n<li>Presidente del tribunal: amparo Alonso betanzos <\/li>\n<li>Manuel Vilares ferro (vocal)<\/li>\n<li> Taboada iglesias Mar\u00eda Jes\u00fas (vocal)<\/li>\n<li> Rodr\u00edguez presedo Jes\u00fas Mar\u00eda (vocal)<\/li>\n<\/ul>\n<\/li>\n<\/ul>\n<p>&nbsp;<\/p>\n","protected":false},"excerpt":{"rendered":"<p>Tesis doctoral de Angel Fern\u00e1ndez Leal Esta tesis presenta el dise\u00f1o de un nuevo modelo computable para la representaci\u00f3n de [&hellip;]<\/p>\n","protected":false},"author":1,"featured_media":0,"comment_status":"open","ping_status":"open","sticky":false,"template":"","format":"standard","meta":{"site-sidebar-layout":"default","site-content-layout":"","ast-site-content-layout":"","site-content-style":"default","site-sidebar-style":"default","ast-global-header-display":"","ast-banner-title-visibility":"","ast-main-header-display":"","ast-hfb-above-header-display":"","ast-hfb-below-header-display":"","ast-hfb-mobile-header-display":"","site-post-title":"","ast-breadcrumbs-content":"","ast-featured-img":"","footer-sml-layout":"","theme-transparent-header-meta":"","adv-header-id-meta":"","stick-header-meta":"","header-above-stick-meta":"","header-main-stick-meta":"","header-below-stick-meta":"","astra-migrate-meta-layouts":"default","ast-page-background-enabled":"default","ast-page-background-meta":{"desktop":{"background-color":"var(--ast-global-color-4)","background-image":"","background-repeat":"repeat","background-position":"center center","background-size":"auto","background-attachment":"scroll","background-type":"","background-media":"","overlay-type":"","overlay-color":"","overlay-gradient":""},"tablet":{"background-color":"","background-image":"","background-repeat":"repeat","background-position":"center center","background-size":"auto","background-attachment":"scroll","background-type":"","background-media":"","overlay-type":"","overlay-color":"","overlay-gradient":""},"mobile":{"background-color":"","background-image":"","background-repeat":"repeat","background-position":"center center","background-size":"auto","background-attachment":"scroll","background-type":"","background-media":"","overlay-type":"","overlay-color":"","overlay-gradient":""}},"ast-content-background-meta":{"desktop":{"background-color":"var(--ast-global-color-5)","background-image":"","background-repeat":"repeat","background-position":"center center","background-size":"auto","background-attachment":"scroll","background-type":"","background-media":"","overlay-type":"","overlay-color":"","overlay-gradient":""},"tablet":{"background-color":"var(--ast-global-color-5)","background-image":"","background-repeat":"repeat","background-position":"center center","background-size":"auto","background-attachment":"scroll","background-type":"","background-media":"","overlay-type":"","overlay-color":"","overlay-gradient":""},"mobile":{"background-color":"var(--ast-global-color-5)","background-image":"","background-repeat":"repeat","background-position":"center center","background-size":"auto","background-attachment":"scroll","background-type":"","background-media":"","overlay-type":"","overlay-color":"","overlay-gradient":""}},"footnotes":""},"categories":[18576,13880,2528,30390,3175],"tags":[56498,121670,40288,63534,107044,40772],"class_list":["post-55080","post","type-post","status-publish","format-standard","hentry","category-a-coruna","category-informatica","category-inteligencia-artificial","category-modelos-causales","category-sistemas-de-control-medico","tag-amparo-alonso-betanzos","tag-angel-fernandez-leal","tag-manuel-vilares-ferro","tag-rodriguez-presedo-jesus-maria","tag-taboada-iglesias-maria-jesus","tag-vicente-moret-bonillo"],"_links":{"self":[{"href":"https:\/\/www.deberes.net\/tesis\/wp-json\/wp\/v2\/posts\/55080","targetHints":{"allow":["GET"]}}],"collection":[{"href":"https:\/\/www.deberes.net\/tesis\/wp-json\/wp\/v2\/posts"}],"about":[{"href":"https:\/\/www.deberes.net\/tesis\/wp-json\/wp\/v2\/types\/post"}],"author":[{"embeddable":true,"href":"https:\/\/www.deberes.net\/tesis\/wp-json\/wp\/v2\/users\/1"}],"replies":[{"embeddable":true,"href":"https:\/\/www.deberes.net\/tesis\/wp-json\/wp\/v2\/comments?post=55080"}],"version-history":[{"count":0,"href":"https:\/\/www.deberes.net\/tesis\/wp-json\/wp\/v2\/posts\/55080\/revisions"}],"wp:attachment":[{"href":"https:\/\/www.deberes.net\/tesis\/wp-json\/wp\/v2\/media?parent=55080"}],"wp:term":[{"taxonomy":"category","embeddable":true,"href":"https:\/\/www.deberes.net\/tesis\/wp-json\/wp\/v2\/categories?post=55080"},{"taxonomy":"post_tag","embeddable":true,"href":"https:\/\/www.deberes.net\/tesis\/wp-json\/wp\/v2\/tags?post=55080"}],"curies":[{"name":"wp","href":"https:\/\/api.w.org\/{rel}","templated":true}]}}