{"id":55163,"date":"2018-03-09T22:42:51","date_gmt":"2018-03-09T22:42:51","guid":{"rendered":"https:\/\/www.deberes.net\/tesis\/sin-categoria\/distra%c2%a8s-oxidatiu-en-humans-valoracio-en-diferents-situacions-fisiola%c2%b2giques-i-patola%c2%b2giques\/"},"modified":"2018-03-09T22:42:51","modified_gmt":"2018-03-09T22:42:51","slug":"distra%c2%a8s-oxidatiu-en-humans-valoracio-en-diferents-situacions-fisiola%c2%b2giques-i-patola%c2%b2giques","status":"publish","type":"post","link":"https:\/\/www.deberes.net\/tesis\/patologia-clinica\/distra%c2%a8s-oxidatiu-en-humans-valoracio-en-diferents-situacions-fisiola%c2%b2giques-i-patola%c2%b2giques\/","title":{"rendered":"Distr\u00e9s oxidatiu en humans. valoraci\u00f3 en diferents situacions fisiol\u00f3giques i patol\u00f3giques"},"content":{"rendered":"<h2>Tesis doctoral de <strong> Marta Romeu Ferran <\/strong><\/h2>\n<p>El distr\u00e9s oxidativo es un estado del organismo provocado por un desequilibrio entre los sistemas oxidantes y antioxidantes. Estos sistemas se pueden alterar en diferentes situaciones fisiol\u00f3gicas y patol\u00f3gicas debido a los radicales libres y a las especies reactivas del ox\u00edgeno. En este trabajo, se valoran las consecuencias, desde el punto de vista fisiopatol\u00f3gico, que estas mol\u00e9culas tienen sobre el ser humano. Las situaciones patol\u00f3gicas estudiadas son la insuficiencia renal y el tratamiento con eritropoetina, la enfermedad pulmonar obstructiva cr\u00f3nica, la s\u00e9psia y el infarto agudo de miocardio. Tambi\u00e9n se ha estudiado el distr\u00e9s oxidatiu en el embarazo y el tratamiento preventivo de la anemia con hierro, el envejecimiento, el g\u00e9nero y el estr\u00e9s psicol\u00f3gico que provoca el periodo de ex\u00e1menes universitarios, junto con el efecto del estilo de vida en el estr\u00e9s oxidatiu. La hip\u00f3tesis de esta tesis supone que un modelo de puntuaci\u00f3n global basado en biomarcadores indirectos (pdo) es capaz de valorar el desequilibrio entre los sistemas prooxidantes y antioxidantes tanto en situaciones de enfermedad como fisiol\u00f3gicas, y permite detectar a qu\u00e9 es debido el desequilibrio en cada una de las situaciones fisiopatol\u00ed\u00b2giques. En primer lugar se deben definir, en la poblaci\u00f3n sana, los rangos de normalidad parar los biomarcadores que forman parte de la pdo: tbars, gsh, gssg, ratio gssg\/gsh, gst, sod, cat, gr, gpx y hem\u00f3lisis. En segundo lugar, establecer el peso de los biomarcadores en el modelo de puntuaci\u00f3n global. En tercer lugar, aplicar el modelo de puntuaci\u00f3n (pdo) en diferentes situaciones fisiol\u00f3gicas y patol\u00f3gicas en desequilibrio oxidativo, y finalmente comparar el modelo de puntuaci\u00f3n propuesto con un modelo estad\u00edstico de puntuaci\u00f3n de discriminantes. Los resultados de esta tesis permiten concluir que la pdo es un posible par\u00e1metro cl\u00ednico a tener en cuenta a la hora de evaluar el estr\u00e9s oxidativo de manera rutinaria e individual, su<\/p>\n<p>&nbsp;<\/p>\n<h3>Datos acad\u00e9micos de la tesis doctoral \u00ab<strong>Distr\u00e9s oxidatiu en humans. valoraci\u00f3 en diferents situacions fisiol\u00f3giques i patol\u00f3giques<\/strong>\u00ab<\/h3>\n<ul>\n<li><strong>T\u00edtulo de la tesis:<\/strong>\u00a0 Distr\u00e9s oxidatiu en humans. valoraci\u00f3 en diferents situacions fisiol\u00f3giques i patol\u00f3giques <\/li>\n<li><strong>Autor:<\/strong>\u00a0 Marta Romeu Ferran <\/li>\n<li><strong>Universidad:<\/strong>\u00a0 Rovira i virgili<\/li>\n<li><strong>Fecha de lectura de la tesis:<\/strong>\u00a0 25\/10\/2006<\/li>\n<\/ul>\n<p>&nbsp;<\/p>\n<h3>Direcci\u00f3n y tribunal<\/h3>\n<ul>\n<li><strong>Director de la tesis<\/strong>\n<ul>\n<li>Jorge Mallol Miron<\/li>\n<\/ul>\n<\/li>\n<li><strong>Tribunal<\/strong>\n<ul>\n<li>Presidente del tribunal: rosa Sola alberich <\/li>\n<li>Francisco Javier Sureda batlle (vocal)<\/li>\n<li>Ana Mar\u00eda Coto montes (vocal)<\/li>\n<li>merc\u00e9 Pall\u00e1s liberia (vocal)<\/li>\n<\/ul>\n<\/li>\n<\/ul>\n<p>&nbsp;<\/p>\n","protected":false},"excerpt":{"rendered":"<p>Tesis doctoral de Marta Romeu Ferran El distr\u00e9s oxidativo es un estado del organismo provocado por un desequilibrio entre los [&hellip;]<\/p>\n","protected":false},"author":1,"featured_media":0,"comment_status":"open","ping_status":"open","sticky":false,"template":"","format":"standard","meta":{"site-sidebar-layout":"default","site-content-layout":"","ast-site-content-layout":"","site-content-style":"default","site-sidebar-style":"default","ast-global-header-display":"","ast-banner-title-visibility":"","ast-main-header-display":"","ast-hfb-above-header-display":"","ast-hfb-below-header-display":"","ast-hfb-mobile-header-display":"","site-post-title":"","ast-breadcrumbs-content":"","ast-featured-img":"","footer-sml-layout":"","theme-transparent-header-meta":"","adv-header-id-meta":"","stick-header-meta":"","header-above-stick-meta":"","header-main-stick-meta":"","header-below-stick-meta":"","astra-migrate-meta-layouts":"default","ast-page-background-enabled":"default","ast-page-background-meta":{"desktop":{"background-color":"var(--ast-global-color-4)","background-image":"","background-repeat":"repeat","background-position":"center center","background-size":"auto","background-attachment":"scroll","background-type":"","background-media":"","overlay-type":"","overlay-color":"","overlay-gradient":""},"tablet":{"background-color":"","background-image":"","background-repeat":"repeat","background-position":"center center","background-size":"auto","background-attachment":"scroll","background-type":"","background-media":"","overlay-type":"","overlay-color":"","overlay-gradient":""},"mobile":{"background-color":"","background-image":"","background-repeat":"repeat","background-position":"center center","background-size":"auto","background-attachment":"scroll","background-type":"","background-media":"","overlay-type":"","overlay-color":"","overlay-gradient":""}},"ast-content-background-meta":{"desktop":{"background-color":"var(--ast-global-color-5)","background-image":"","background-repeat":"repeat","background-position":"center center","background-size":"auto","background-attachment":"scroll","background-type":"","background-media":"","overlay-type":"","overlay-color":"","overlay-gradient":""},"tablet":{"background-color":"var(--ast-global-color-5)","background-image":"","background-repeat":"repeat","background-position":"center center","background-size":"auto","background-attachment":"scroll","background-type":"","background-media":"","overlay-type":"","overlay-color":"","overlay-gradient":""},"mobile":{"background-color":"var(--ast-global-color-5)","background-image":"","background-repeat":"repeat","background-position":"center center","background-size":"auto","background-attachment":"scroll","background-type":"","background-media":"","overlay-type":"","overlay-color":"","overlay-gradient":""}},"footnotes":""},"categories":[10615,2445,957,384,18759],"tags":[25292,34322,285,121864,42245,32726],"class_list":["post-55163","post","type-post","status-publish","format-standard","hentry","category-estres","category-evaluacion-de-farmacos","category-farmacologia","category-patologia-clinica","category-rovira-i-virgili","tag-ana-maria-coto-montes","tag-francisco-javier-sureda-batlle","tag-jorge-mallol-miron","tag-marta-romeu-ferran","tag-merce-pallas-liberia","tag-rosa-sola-alberich"],"_links":{"self":[{"href":"https:\/\/www.deberes.net\/tesis\/wp-json\/wp\/v2\/posts\/55163","targetHints":{"allow":["GET"]}}],"collection":[{"href":"https:\/\/www.deberes.net\/tesis\/wp-json\/wp\/v2\/posts"}],"about":[{"href":"https:\/\/www.deberes.net\/tesis\/wp-json\/wp\/v2\/types\/post"}],"author":[{"embeddable":true,"href":"https:\/\/www.deberes.net\/tesis\/wp-json\/wp\/v2\/users\/1"}],"replies":[{"embeddable":true,"href":"https:\/\/www.deberes.net\/tesis\/wp-json\/wp\/v2\/comments?post=55163"}],"version-history":[{"count":0,"href":"https:\/\/www.deberes.net\/tesis\/wp-json\/wp\/v2\/posts\/55163\/revisions"}],"wp:attachment":[{"href":"https:\/\/www.deberes.net\/tesis\/wp-json\/wp\/v2\/media?parent=55163"}],"wp:term":[{"taxonomy":"category","embeddable":true,"href":"https:\/\/www.deberes.net\/tesis\/wp-json\/wp\/v2\/categories?post=55163"},{"taxonomy":"post_tag","embeddable":true,"href":"https:\/\/www.deberes.net\/tesis\/wp-json\/wp\/v2\/tags?post=55163"}],"curies":[{"name":"wp","href":"https:\/\/api.w.org\/{rel}","templated":true}]}}