{"id":55245,"date":"2018-03-09T22:42:58","date_gmt":"2018-03-09T22:42:58","guid":{"rendered":"https:\/\/www.deberes.net\/tesis\/sin-categoria\/las-construcciones-no-reflexivas-con-se-una-propuesta-desde-la-gramatica-del-papel-y-la-referencia\/"},"modified":"2018-03-09T22:42:58","modified_gmt":"2018-03-09T22:42:58","slug":"las-construcciones-no-reflexivas-con-se-una-propuesta-desde-la-gramatica-del-papel-y-la-referencia","status":"publish","type":"post","link":"https:\/\/www.deberes.net\/tesis\/linguistica-sincronica\/las-construcciones-no-reflexivas-con-se-una-propuesta-desde-la-gramatica-del-papel-y-la-referencia\/","title":{"rendered":"Las construcciones no reflexivas con \u00abse\u00bb. una propuesta desde la gram\u00e1tica del papel y la referencia"},"content":{"rendered":"<h2>Tesis doctoral de <strong>  Gonz\u00e1lez Vergara Carlos Eduardo <\/strong><\/h2>\n<p>Esta tesis aborda el tema de las diferentes oraciones con \u00abse\u00bb del espa\u00f1ol cuyo significado es no reflexivo, es decir, las construcciones que en la perspectiva tradicional han recibido las denominaciones de \u00abimpersonales\u00bb, \u00abpasivas\u00bb, \u00abmedias\u00bb, \u00abseudorreflexivas\u00bb y \u00abde inter\u00e9s\u00bb, entre muchos otros nombres. La investigaci\u00f3n se articula en torno a las siguientes preguntas: \u00c2\u00bfes el \u00abse\u00bb de estas oraciones la misma forma gramatical en todos sus empleos? \u00c2\u00bfsi se considera que es un \u00fanico elemento elemento, por qu\u00e9 se expresa en estructuras sint\u00e1cticas cuya interpretaci\u00f3n es tan variedad como lo atestiguan las visiones tradicionales que hablan de diferentes oraciones con \u00abse\u00bb? Y \u00c2\u00bfcu\u00e1l es la funci\u00f3n de esta part\u00edcula, qu\u00e9 informaci\u00f3n sem\u00e1ntica aporta a la oraci\u00f3n y de qu\u00e9 manera se relaciona con el resto de la estructura gramatical para producir lecturas tan distintas?  la tesis intenta dar respuesta a estas preguntas en el marco te\u00f3rico estable ido por la gram\u00e1tica del papel y la referencia (van valin y lapolla, 1997; van valin, 2005). en las conclusiones se establece que la part\u00edcula \u00abse\u00bb es la manifestaci\u00f3n morfol\u00f3gica de un fen\u00f3meno l\u00e9xico que disminuye la importancia del argumento de macrorrol actor y privilegia al argumento de macrorrol padecedor, cuando este se encuentra expresado en la representaci\u00f3n sem\u00e1ntica. esta alteraci\u00f3n de la estructura l\u00f3gica del predicado tiene como consecuencia que la jerarqu\u00eda natural de los argumentos que se hallan en ella no se manifieste de manera absoluta en la estructura sint\u00e1ctica. Este principio general se articula en forma de distintas reglas l\u00e9xicas en relaci\u00f3n con cada clase de predicado. Tales reglas, en combinaci\u00f3n con diversos conjuntos de factores sem\u00e1nticos, morfol\u00f3gicos, sint\u00e1cticos y pragm\u00e1ticos dan origen a los diferentes tipos de construcciones no reflexivas que se expresan con el morfema \u00abse\u00bb.<\/p>\n<p>&nbsp;<\/p>\n<h3>Datos acad\u00e9micos de la tesis doctoral \u00ab<strong>Las construcciones no reflexivas con \u00abse\u00bb. una propuesta desde la gram\u00e1tica del papel y la referencia<\/strong>\u00ab<\/h3>\n<ul>\n<li><strong>T\u00edtulo de la tesis:<\/strong>\u00a0 Las construcciones no reflexivas con \u00abse\u00bb. una propuesta desde la gram\u00e1tica del papel y la referencia <\/li>\n<li><strong>Autor:<\/strong>\u00a0  Gonz\u00e1lez Vergara Carlos Eduardo <\/li>\n<li><strong>Universidad:<\/strong>\u00a0 Complutense de Madrid<\/li>\n<li><strong>Fecha de lectura de la tesis:<\/strong>\u00a0 30\/10\/2006<\/li>\n<\/ul>\n<p>&nbsp;<\/p>\n<h3>Direcci\u00f3n y tribunal<\/h3>\n<ul>\n<li><strong>Director de la tesis<\/strong>\n<ul>\n<li>Ricardo Mairal Us\u00f3n<\/li>\n<\/ul>\n<\/li>\n<li><strong>Tribunal<\/strong>\n<ul>\n<li>Presidente del tribunal: ignacio Bosque mu\u00f1oz <\/li>\n<li>Mar\u00eda Brucart jos\u00e9 (vocal)<\/li>\n<li>robert D.van valin (vocal)<\/li>\n<li>olga Fern\u00e1ndez soriano (vocal)<\/li>\n<\/ul>\n<\/li>\n<\/ul>\n<p>&nbsp;<\/p>\n","protected":false},"excerpt":{"rendered":"<p>Tesis doctoral de Gonz\u00e1lez Vergara Carlos Eduardo Esta tesis aborda el tema de las diferentes oraciones con \u00abse\u00bb del espa\u00f1ol [&hellip;]<\/p>\n","protected":false},"author":1,"featured_media":0,"comment_status":"open","ping_status":"open","sticky":false,"template":"","format":"standard","meta":{"site-sidebar-layout":"default","site-content-layout":"","ast-site-content-layout":"","site-content-style":"default","site-sidebar-style":"default","ast-global-header-display":"","ast-banner-title-visibility":"","ast-main-header-display":"","ast-hfb-above-header-display":"","ast-hfb-below-header-display":"","ast-hfb-mobile-header-display":"","site-post-title":"","ast-breadcrumbs-content":"","ast-featured-img":"","footer-sml-layout":"","theme-transparent-header-meta":"","adv-header-id-meta":"","stick-header-meta":"","header-above-stick-meta":"","header-main-stick-meta":"","header-below-stick-meta":"","astra-migrate-meta-layouts":"default","ast-page-background-enabled":"default","ast-page-background-meta":{"desktop":{"background-color":"var(--ast-global-color-4)","background-image":"","background-repeat":"repeat","background-position":"center center","background-size":"auto","background-attachment":"scroll","background-type":"","background-media":"","overlay-type":"","overlay-color":"","overlay-gradient":""},"tablet":{"background-color":"","background-image":"","background-repeat":"repeat","background-position":"center center","background-size":"auto","background-attachment":"scroll","background-type":"","background-media":"","overlay-type":"","overlay-color":"","overlay-gradient":""},"mobile":{"background-color":"","background-image":"","background-repeat":"repeat","background-position":"center center","background-size":"auto","background-attachment":"scroll","background-type":"","background-media":"","overlay-type":"","overlay-color":"","overlay-gradient":""}},"ast-content-background-meta":{"desktop":{"background-color":"var(--ast-global-color-5)","background-image":"","background-repeat":"repeat","background-position":"center center","background-size":"auto","background-attachment":"scroll","background-type":"","background-media":"","overlay-type":"","overlay-color":"","overlay-gradient":""},"tablet":{"background-color":"var(--ast-global-color-5)","background-image":"","background-repeat":"repeat","background-position":"center center","background-size":"auto","background-attachment":"scroll","background-type":"","background-media":"","overlay-type":"","overlay-color":"","overlay-gradient":""},"mobile":{"background-color":"var(--ast-global-color-5)","background-image":"","background-repeat":"repeat","background-position":"center center","background-size":"auto","background-attachment":"scroll","background-type":"","background-media":"","overlay-type":"","overlay-color":"","overlay-gradient":""}},"footnotes":""},"categories":[62,3016],"tags":[122052,2543,122053,51581,2308,122054],"class_list":["post-55245","post","type-post","status-publish","format-standard","hentry","category-linguistica-sincronica","category-teoria-linguistica","tag-gonzalez-vergara-carlos-eduardo","tag-ignacio-bosque-munoz","tag-maria-brucart-jose","tag-olga-fernandez-soriano","tag-ricardo-mairal-uson","tag-robert-d-van-valin"],"_links":{"self":[{"href":"https:\/\/www.deberes.net\/tesis\/wp-json\/wp\/v2\/posts\/55245","targetHints":{"allow":["GET"]}}],"collection":[{"href":"https:\/\/www.deberes.net\/tesis\/wp-json\/wp\/v2\/posts"}],"about":[{"href":"https:\/\/www.deberes.net\/tesis\/wp-json\/wp\/v2\/types\/post"}],"author":[{"embeddable":true,"href":"https:\/\/www.deberes.net\/tesis\/wp-json\/wp\/v2\/users\/1"}],"replies":[{"embeddable":true,"href":"https:\/\/www.deberes.net\/tesis\/wp-json\/wp\/v2\/comments?post=55245"}],"version-history":[{"count":0,"href":"https:\/\/www.deberes.net\/tesis\/wp-json\/wp\/v2\/posts\/55245\/revisions"}],"wp:attachment":[{"href":"https:\/\/www.deberes.net\/tesis\/wp-json\/wp\/v2\/media?parent=55245"}],"wp:term":[{"taxonomy":"category","embeddable":true,"href":"https:\/\/www.deberes.net\/tesis\/wp-json\/wp\/v2\/categories?post=55245"},{"taxonomy":"post_tag","embeddable":true,"href":"https:\/\/www.deberes.net\/tesis\/wp-json\/wp\/v2\/tags?post=55245"}],"curies":[{"name":"wp","href":"https:\/\/api.w.org\/{rel}","templated":true}]}}