{"id":55254,"date":"2018-03-09T22:42:58","date_gmt":"2018-03-09T22:42:58","guid":{"rendered":"https:\/\/www.deberes.net\/tesis\/sin-categoria\/la-urbanizacion-de-grandes-ejes-metropolitanos-un-proyecto-de-ordenacion-para-la-ciudad-de-baja-densidad-guadalajara-mexico\/"},"modified":"2018-03-09T22:42:58","modified_gmt":"2018-03-09T22:42:58","slug":"la-urbanizacion-de-grandes-ejes-metropolitanos-un-proyecto-de-ordenacion-para-la-ciudad-de-baja-densidad-guadalajara-mexico","status":"publish","type":"post","link":"https:\/\/www.deberes.net\/tesis\/urbanismo\/la-urbanizacion-de-grandes-ejes-metropolitanos-un-proyecto-de-ordenacion-para-la-ciudad-de-baja-densidad-guadalajara-mexico\/","title":{"rendered":"La urbanizacion de grandes ejes metropolitanos, un proyecto de ordenacion para la ciudad de baja densidad, guadalajara, mexico"},"content":{"rendered":"<h2>Tesis doctoral de <strong> Mar\u00eda  Elena De La Torre Escoto <\/strong><\/h2>\n<p>La tesis doctoral \u00abla urbanizaci\u00f3n de grandes ejes metropolitanos, un proyecto de ordenaci\u00f3n para la ciudad de baja densidad, guadalajara, m\u00e9xico\u00bb de mar\u00eda elena de la torre pone el \u00e9nfasis en el soporte viario como elemento estructural del modelo de crecimiento en baja densidad. Se reconoce su riqueza proyectual y propositiva como elemento estrat\u00e9gico para la urbanizaci\u00f3n, la  ordenaci\u00f3n y significaci\u00f3n de los territorios de la baja densidad.   esta tesis se estructura desde dos lecturas: una es un marco te\u00f3rico en el que se reconoce, a lo largo de la historia, el potencial ordenador de las infraestructuras y el impacto que produce el proyecto de renovaci\u00f3n del sistema viario sobre la ciudad. Por otro lado se realiza un an\u00e1lisis general de una ciudad de baja densidad y su clasificaci\u00f3n en dos modelos de interpretaci\u00f3n: el de los \u00absectores ecol\u00f3gicos\u00bb y la estructura morfol\u00f3gica. En el proceso de evoluci\u00f3n y transformaci\u00f3n se reconoce como valor explicativo fundamental la funci\u00f3n de la infraestructura en la difusi\u00f3n del acceso al territorio. Se reconoce la fuerza del soporte infraestructural en la forma de organizar y transformar el espacio urbano.  el proyecto de urbanizaci\u00f3n de grandes ejes se plantea desde dos perspectivas: una es como la renovaci\u00f3n de estos elementos en s\u00ed mismos de acuerdo con sus atributos. El espacio urbano puede mejorarse considerablemente a trav\u00e9s de la definici\u00f3n de sus fachadas urbanas, de la configuraci\u00f3n del espacio p\u00fablico, a trav\u00e9s de organizar la movilidad y resolver las intersecciones en nodos y cruces. La otra perspectiva es la ordenaci\u00f3n de la escala metropolitana; estos elementos aseguran la conectividad interescalar por tanto presentan el potencial para ordenar el crecimiento expansivo y controlar la densificaci\u00f3n en el interior de la ciudad.  por otro lado la intervenci\u00f3n en estos espacios se plantea desde la perspectiva de proyectos urbanos integrales. Se han reconocido \u00e1reas con valor de cen<\/p>\n<p>&nbsp;<\/p>\n<h3>Datos acad\u00e9micos de la tesis doctoral \u00ab<strong>La urbanizacion de grandes ejes metropolitanos, un proyecto de ordenacion para la ciudad de baja densidad, guadalajara, mexico<\/strong>\u00ab<\/h3>\n<ul>\n<li><strong>T\u00edtulo de la tesis:<\/strong>\u00a0 La urbanizacion de grandes ejes metropolitanos, un proyecto de ordenacion para la ciudad de baja densidad, guadalajara, mexico <\/li>\n<li><strong>Autor:<\/strong>\u00a0 Mar\u00eda  Elena De La Torre Escoto <\/li>\n<li><strong>Universidad:<\/strong>\u00a0 Polit\u00e9cnica de catalunya<\/li>\n<li><strong>Fecha de lectura de la tesis:<\/strong>\u00a0 30\/10\/2006<\/li>\n<\/ul>\n<p>&nbsp;<\/p>\n<h3>Direcci\u00f3n y tribunal<\/h3>\n<ul>\n<li><strong>Director de la tesis<\/strong>\n<ul>\n<li>Juan Busquets Grau<\/li>\n<\/ul>\n<\/li>\n<li><strong>Tribunal<\/strong>\n<ul>\n<li>Presidente del tribunal: manuel De sola morales rubio <\/li>\n<li>amador Ferrer aixala (vocal)<\/li>\n<li>philippe Panerai (vocal)<\/li>\n<li>Jos\u00e9 Luis Gomez ordo\u00f1ez (vocal)<\/li>\n<\/ul>\n<\/li>\n<\/ul>\n<p>&nbsp;<\/p>\n","protected":false},"excerpt":{"rendered":"<p>Tesis doctoral de Mar\u00eda Elena De La Torre Escoto La tesis doctoral \u00abla urbanizaci\u00f3n de grandes ejes metropolitanos, un proyecto [&hellip;]<\/p>\n","protected":false},"author":1,"featured_media":0,"comment_status":"open","ping_status":"open","sticky":false,"template":"","format":"standard","meta":{"site-sidebar-layout":"default","site-content-layout":"","ast-site-content-layout":"","site-content-style":"default","site-sidebar-style":"default","ast-global-header-display":"","ast-banner-title-visibility":"","ast-main-header-display":"","ast-hfb-above-header-display":"","ast-hfb-below-header-display":"","ast-hfb-mobile-header-display":"","site-post-title":"","ast-breadcrumbs-content":"","ast-featured-img":"","footer-sml-layout":"","theme-transparent-header-meta":"","adv-header-id-meta":"","stick-header-meta":"","header-above-stick-meta":"","header-main-stick-meta":"","header-below-stick-meta":"","astra-migrate-meta-layouts":"default","ast-page-background-enabled":"default","ast-page-background-meta":{"desktop":{"background-color":"var(--ast-global-color-4)","background-image":"","background-repeat":"repeat","background-position":"center center","background-size":"auto","background-attachment":"scroll","background-type":"","background-media":"","overlay-type":"","overlay-color":"","overlay-gradient":""},"tablet":{"background-color":"","background-image":"","background-repeat":"repeat","background-position":"center center","background-size":"auto","background-attachment":"scroll","background-type":"","background-media":"","overlay-type":"","overlay-color":"","overlay-gradient":""},"mobile":{"background-color":"","background-image":"","background-repeat":"repeat","background-position":"center center","background-size":"auto","background-attachment":"scroll","background-type":"","background-media":"","overlay-type":"","overlay-color":"","overlay-gradient":""}},"ast-content-background-meta":{"desktop":{"background-color":"var(--ast-global-color-5)","background-image":"","background-repeat":"repeat","background-position":"center center","background-size":"auto","background-attachment":"scroll","background-type":"","background-media":"","overlay-type":"","overlay-color":"","overlay-gradient":""},"tablet":{"background-color":"var(--ast-global-color-5)","background-image":"","background-repeat":"repeat","background-position":"center center","background-size":"auto","background-attachment":"scroll","background-type":"","background-media":"","overlay-type":"","overlay-color":"","overlay-gradient":""},"mobile":{"background-color":"var(--ast-global-color-5)","background-image":"","background-repeat":"repeat","background-position":"center center","background-size":"auto","background-attachment":"scroll","background-type":"","background-media":"","overlay-type":"","overlay-color":"","overlay-gradient":""}},"footnotes":""},"categories":[15596,5371],"tags":[97191,41540,15681,15682,122074,122075],"class_list":["post-55254","post","type-post","status-publish","format-standard","hentry","category-politecnica-de-catalunya","category-urbanismo","tag-amador-ferrer-aixala","tag-jose-luis-gomez-ordonez","tag-juan-busquets-grau","tag-manuel-de-sola-morales-rubio","tag-maria-elena-de-la-torre-escoto","tag-philippe-panerai"],"_links":{"self":[{"href":"https:\/\/www.deberes.net\/tesis\/wp-json\/wp\/v2\/posts\/55254","targetHints":{"allow":["GET"]}}],"collection":[{"href":"https:\/\/www.deberes.net\/tesis\/wp-json\/wp\/v2\/posts"}],"about":[{"href":"https:\/\/www.deberes.net\/tesis\/wp-json\/wp\/v2\/types\/post"}],"author":[{"embeddable":true,"href":"https:\/\/www.deberes.net\/tesis\/wp-json\/wp\/v2\/users\/1"}],"replies":[{"embeddable":true,"href":"https:\/\/www.deberes.net\/tesis\/wp-json\/wp\/v2\/comments?post=55254"}],"version-history":[{"count":0,"href":"https:\/\/www.deberes.net\/tesis\/wp-json\/wp\/v2\/posts\/55254\/revisions"}],"wp:attachment":[{"href":"https:\/\/www.deberes.net\/tesis\/wp-json\/wp\/v2\/media?parent=55254"}],"wp:term":[{"taxonomy":"category","embeddable":true,"href":"https:\/\/www.deberes.net\/tesis\/wp-json\/wp\/v2\/categories?post=55254"},{"taxonomy":"post_tag","embeddable":true,"href":"https:\/\/www.deberes.net\/tesis\/wp-json\/wp\/v2\/tags?post=55254"}],"curies":[{"name":"wp","href":"https:\/\/api.w.org\/{rel}","templated":true}]}}