{"id":55288,"date":"2018-03-09T22:43:01","date_gmt":"2018-03-09T22:43:01","guid":{"rendered":"https:\/\/www.deberes.net\/tesis\/sin-categoria\/uso-del-componente-facial-para-la-expresion-de-la-modalidad-en-lengua-de-signos-espanola\/"},"modified":"2018-03-09T22:43:01","modified_gmt":"2018-03-09T22:43:01","slug":"uso-del-componente-facial-para-la-expresion-de-la-modalidad-en-lengua-de-signos-espanola","status":"publish","type":"post","link":"https:\/\/www.deberes.net\/tesis\/linguistica\/uso-del-componente-facial-para-la-expresion-de-la-modalidad-en-lengua-de-signos-espanola\/","title":{"rendered":"Uso del componente facial para la expresion de la modalidad en lengua de signos espa\u00f1ola"},"content":{"rendered":"<h2>Tesis doctoral de <strong> Silvia Iglesias Lago <\/strong><\/h2>\n<p>El objetivo de la tesis es el an\u00e1lisis de la expresi\u00f3n facial en la lengua de signos espa\u00f1ola. La expresi\u00f3n facial forma parte de la comunicaci\u00f3n no verbal de las lenguas, sin embargo, en algunas lenguas de signos, concretamente en la lengua de signos espa\u00f1ola, puede funcionar como una unidad ling\u00ed\u00bc\u00edstica fonol\u00f3gica como componente formacional de signos o como unidad pros\u00f3dica suprasegmental. En esta tesis concretamente se analiza la funci\u00f3n de la expresi\u00f3n facial en la expresi\u00f3n de significados modales y su gramaticalizaci\u00f3n.<\/p>\n<p>&nbsp;<\/p>\n<h3>Datos acad\u00e9micos de la tesis doctoral \u00ab<strong>Uso del componente facial para la expresion de la modalidad en lengua de signos espa\u00f1ola<\/strong>\u00ab<\/h3>\n<ul>\n<li><strong>T\u00edtulo de la tesis:<\/strong>\u00a0 Uso del componente facial para la expresion de la modalidad en lengua de signos espa\u00f1ola <\/li>\n<li><strong>Autor:<\/strong>\u00a0 Silvia Iglesias Lago <\/li>\n<li><strong>Universidad:<\/strong>\u00a0 Vigo<\/li>\n<li><strong>Fecha de lectura de la tesis:<\/strong>\u00a0 31\/10\/2006<\/li>\n<\/ul>\n<p>&nbsp;<\/p>\n<h3>Direcci\u00f3n y tribunal<\/h3>\n<ul>\n<li><strong>Director de la tesis<\/strong>\n<ul>\n<li>M\u00aa Carmen Cabeza Pereiro<\/li>\n<\/ul>\n<\/li>\n<li><strong>Tribunal<\/strong>\n<ul>\n<li>Presidente del tribunal: sebastia Serrano farrera <\/li>\n<li>onesimo Juncos rabadan (vocal)<\/li>\n<li>angel Herrero blanco (vocal)<\/li>\n<li>inmaculada Baez montero (vocal)<\/li>\n<\/ul>\n<\/li>\n<\/ul>\n<p>&nbsp;<\/p>\n","protected":false},"excerpt":{"rendered":"<p>Tesis doctoral de Silvia Iglesias Lago El objetivo de la tesis es el an\u00e1lisis de la expresi\u00f3n facial en la [&hellip;]<\/p>\n","protected":false},"author":1,"featured_media":0,"comment_status":"open","ping_status":"open","sticky":false,"template":"","format":"standard","meta":{"site-sidebar-layout":"default","site-content-layout":"","ast-site-content-layout":"","site-content-style":"default","site-sidebar-style":"default","ast-global-header-display":"","ast-banner-title-visibility":"","ast-main-header-display":"","ast-hfb-above-header-display":"","ast-hfb-below-header-display":"","ast-hfb-mobile-header-display":"","site-post-title":"","ast-breadcrumbs-content":"","ast-featured-img":"","footer-sml-layout":"","theme-transparent-header-meta":"","adv-header-id-meta":"","stick-header-meta":"","header-above-stick-meta":"","header-main-stick-meta":"","header-below-stick-meta":"","astra-migrate-meta-layouts":"default","ast-page-background-enabled":"default","ast-page-background-meta":{"desktop":{"background-color":"var(--ast-global-color-4)","background-image":"","background-repeat":"repeat","background-position":"center center","background-size":"auto","background-attachment":"scroll","background-type":"","background-media":"","overlay-type":"","overlay-color":"","overlay-gradient":""},"tablet":{"background-color":"","background-image":"","background-repeat":"repeat","background-position":"center center","background-size":"auto","background-attachment":"scroll","background-type":"","background-media":"","overlay-type":"","overlay-color":"","overlay-gradient":""},"mobile":{"background-color":"","background-image":"","background-repeat":"repeat","background-position":"center center","background-size":"auto","background-attachment":"scroll","background-type":"","background-media":"","overlay-type":"","overlay-color":"","overlay-gradient":""}},"ast-content-background-meta":{"desktop":{"background-color":"var(--ast-global-color-5)","background-image":"","background-repeat":"repeat","background-position":"center center","background-size":"auto","background-attachment":"scroll","background-type":"","background-media":"","overlay-type":"","overlay-color":"","overlay-gradient":""},"tablet":{"background-color":"var(--ast-global-color-5)","background-image":"","background-repeat":"repeat","background-position":"center center","background-size":"auto","background-attachment":"scroll","background-type":"","background-media":"","overlay-type":"","overlay-color":"","overlay-gradient":""},"mobile":{"background-color":"var(--ast-global-color-5)","background-image":"","background-repeat":"repeat","background-position":"center center","background-size":"auto","background-attachment":"scroll","background-type":"","background-media":"","overlay-type":"","overlay-color":"","overlay-gradient":""}},"footnotes":""},"categories":[59,18657],"tags":[52402,122153,122152,2951,19172,122151],"class_list":["post-55288","post","type-post","status-publish","format-standard","hentry","category-linguistica","category-vigo","tag-angel-herrero-blanco","tag-inmaculada-baez-montero","tag-ma-carmen-cabeza-pereiro","tag-onesimo-juncos-rabadan","tag-sebastia-serrano-farrera","tag-silvia-iglesias-lago"],"_links":{"self":[{"href":"https:\/\/www.deberes.net\/tesis\/wp-json\/wp\/v2\/posts\/55288","targetHints":{"allow":["GET"]}}],"collection":[{"href":"https:\/\/www.deberes.net\/tesis\/wp-json\/wp\/v2\/posts"}],"about":[{"href":"https:\/\/www.deberes.net\/tesis\/wp-json\/wp\/v2\/types\/post"}],"author":[{"embeddable":true,"href":"https:\/\/www.deberes.net\/tesis\/wp-json\/wp\/v2\/users\/1"}],"replies":[{"embeddable":true,"href":"https:\/\/www.deberes.net\/tesis\/wp-json\/wp\/v2\/comments?post=55288"}],"version-history":[{"count":0,"href":"https:\/\/www.deberes.net\/tesis\/wp-json\/wp\/v2\/posts\/55288\/revisions"}],"wp:attachment":[{"href":"https:\/\/www.deberes.net\/tesis\/wp-json\/wp\/v2\/media?parent=55288"}],"wp:term":[{"taxonomy":"category","embeddable":true,"href":"https:\/\/www.deberes.net\/tesis\/wp-json\/wp\/v2\/categories?post=55288"},{"taxonomy":"post_tag","embeddable":true,"href":"https:\/\/www.deberes.net\/tesis\/wp-json\/wp\/v2\/tags?post=55288"}],"curies":[{"name":"wp","href":"https:\/\/api.w.org\/{rel}","templated":true}]}}