{"id":55313,"date":"2006-03-11T00:00:00","date_gmt":"2006-03-11T00:00:00","guid":{"rendered":"https:\/\/www.deberes.net\/tesis\/sin-categoria\/preposiciones-vaca%c2%adas-del-espanol-complemento-de-regimen-preposicional\/"},"modified":"2006-03-11T00:00:00","modified_gmt":"2006-03-11T00:00:00","slug":"preposiciones-vaca%c2%adas-del-espanol-complemento-de-regimen-preposicional","status":"publish","type":"post","link":"https:\/\/www.deberes.net\/tesis\/sintaxis-y-analisis-sintactico\/preposiciones-vaca%c2%adas-del-espanol-complemento-de-regimen-preposicional\/","title":{"rendered":"Preposiciones vac\u00edas del espa\u00f1ol: complemento de r\u00e9gimen preposicional"},"content":{"rendered":"<h2>Tesis doctoral de <strong>  Jos\u00e9 Antonio  Candalija Reina <\/strong><\/h2>\n<p>Esta investigaci\u00f3n parte de la hip\u00f3tesis de que las llamadas preposiciones vac\u00edas del espa\u00f1ol, a las que se les supon\u00eda un significado nulo, est\u00e1n en realidad plenas de sentido si tenemos en cuenta su origen en determinados contextos en los que sol\u00edan ser consideradas como incoloras, es decir, los complementos de r\u00e9gimen preposicional o suplementos, seg\u00fan alarcos llorach. Para poder explicar el sentido preposicional hemos planteado una hip\u00f3tesis localista seg\u00fan la cual el significado inicial de estas preposiciones en los or\u00edgenes del espa\u00f1ol (que es de tipo espacial en la mayor\u00eda de los casos) sigue manteni\u00e9ndose en los usos nocionales o abstractos de los contextos de r\u00e9gimen, justificando as\u00ed el valor y la importancia de la preposici\u00f3n para distinguir las construcciones transitivas con complemento directo de las transitivas con r\u00e9gimen preposicional.Con el objeto de demostrar estas hip\u00f3tesis, hemos elaborado un corpus que recoge acepciones de cien verbos con sus respectivas preposiciones regidas. Para ello, hemos recopilado y digitalizado la informaci\u00f3n de diccionarios de uso, as\u00ed como etimol\u00f3gicos y latinos. Adem\u00e1s se ofrece un nutrido conjunto de ejemplos de ocurrencias contextuales de dichos verbos y preposiciones tomados de bases de datos electr\u00f3nicas y sometidos al tratamiento de programas de recuperaci\u00f3n de la investigaci\u00f3n realizados para tal menester.Asimismo, se analizan detallamente las teor\u00edas sint\u00e1ctico-sem\u00e1nticas sobre el complemento de r\u00e9gimen preposicional o suplemento en las que se afirma o se niega el sentido preposicional en relaci\u00f3n con el verbo regente. Al final, en las conclusiones hemos podido confirmar no s\u00f3lo los presupuestos iniciales de los que part\u00edamos, sino que se llegan a clasificar los verbos seg\u00fan esquemas conceptuales de base sem\u00e1ntica localista en los que incluso nuevas v\u00edas a futuras investigaciones relacionadas con las llamadas incorporaciones o amalgamas conceptuales<\/p>\n<p>&nbsp;<\/p>\n<h3>Datos acad\u00e9micos de la tesis doctoral \u00ab<strong>Preposiciones vac\u00edas del espa\u00f1ol: complemento de r\u00e9gimen preposicional<\/strong>\u00ab<\/h3>\n<ul>\n<li><strong>T\u00edtulo de la tesis:<\/strong>\u00a0 Preposiciones vac\u00edas del espa\u00f1ol: complemento de r\u00e9gimen preposicional <\/li>\n<li><strong>Autor:<\/strong>\u00a0  Jos\u00e9 Antonio  Candalija Reina <\/li>\n<li><strong>Universidad:<\/strong>\u00a0 Alicante<\/li>\n<li><strong>Fecha de lectura de la tesis:<\/strong>\u00a0 03\/11\/2006<\/li>\n<\/ul>\n<p>&nbsp;<\/p>\n<h3>Direcci\u00f3n y tribunal<\/h3>\n<ul>\n<li><strong>Director de la tesis<\/strong>\n<ul>\n<li>Jos\u00e9 Luis Cifuentes Honrubia<\/li>\n<\/ul>\n<\/li>\n<li><strong>Tribunal<\/strong>\n<ul>\n<li>Presidente del tribunal: Mar\u00eda  pilar Diez de revenga torres <\/li>\n<li> Augusto soares da silva (vocal)<\/li>\n<li>Luis Santos r\u00edo (vocal)<\/li>\n<li>josep Martines perez (vocal)<\/li>\n<\/ul>\n<\/li>\n<\/ul>\n<p>&nbsp;<\/p>\n","protected":false},"excerpt":{"rendered":"<p>Tesis doctoral de Jos\u00e9 Antonio Candalija Reina Esta investigaci\u00f3n parte de la hip\u00f3tesis de que las llamadas preposiciones vac\u00edas del [&hellip;]<\/p>\n","protected":false},"author":1,"featured_media":0,"comment_status":"open","ping_status":"open","sticky":false,"template":"","format":"standard","meta":{"site-sidebar-layout":"default","site-content-layout":"","ast-site-content-layout":"","site-content-style":"default","site-sidebar-style":"default","ast-global-header-display":"","ast-banner-title-visibility":"","ast-main-header-display":"","ast-hfb-above-header-display":"","ast-hfb-below-header-display":"","ast-hfb-mobile-header-display":"","site-post-title":"","ast-breadcrumbs-content":"","ast-featured-img":"","footer-sml-layout":"","theme-transparent-header-meta":"","adv-header-id-meta":"","stick-header-meta":"","header-above-stick-meta":"","header-main-stick-meta":"","header-below-stick-meta":"","astra-migrate-meta-layouts":"default","ast-page-background-enabled":"default","ast-page-background-meta":{"desktop":{"background-color":"var(--ast-global-color-4)","background-image":"","background-repeat":"repeat","background-position":"center center","background-size":"auto","background-attachment":"scroll","background-type":"","background-media":"","overlay-type":"","overlay-color":"","overlay-gradient":""},"tablet":{"background-color":"","background-image":"","background-repeat":"repeat","background-position":"center center","background-size":"auto","background-attachment":"scroll","background-type":"","background-media":"","overlay-type":"","overlay-color":"","overlay-gradient":""},"mobile":{"background-color":"","background-image":"","background-repeat":"repeat","background-position":"center center","background-size":"auto","background-attachment":"scroll","background-type":"","background-media":"","overlay-type":"","overlay-color":"","overlay-gradient":""}},"ast-content-background-meta":{"desktop":{"background-color":"var(--ast-global-color-5)","background-image":"","background-repeat":"repeat","background-position":"center center","background-size":"auto","background-attachment":"scroll","background-type":"","background-media":"","overlay-type":"","overlay-color":"","overlay-gradient":""},"tablet":{"background-color":"var(--ast-global-color-5)","background-image":"","background-repeat":"repeat","background-position":"center center","background-size":"auto","background-attachment":"scroll","background-type":"","background-media":"","overlay-type":"","overlay-color":"","overlay-gradient":""},"mobile":{"background-color":"var(--ast-global-color-5)","background-image":"","background-repeat":"repeat","background-position":"center center","background-size":"auto","background-attachment":"scroll","background-type":"","background-media":"","overlay-type":"","overlay-color":"","overlay-gradient":""}},"footnotes":""},"categories":[19166,2301,590,886,409],"tags":[122209,122208,19425,8293,22552,12727],"class_list":["post-55313","post","type-post","status-publish","format-standard","hentry","category-alicante","category-lexicografia","category-linguistica-historica","category-semantica","category-sintaxis-y-analisis-sintactico","tag-augusto-soares-da-silva","tag-jose-antonio-candalija-reina","tag-jose-luis-cifuentes-honrubia","tag-josep-martines-perez","tag-luis-santos-rio","tag-maria-pilar-diez-de-revenga-torres"],"_links":{"self":[{"href":"https:\/\/www.deberes.net\/tesis\/wp-json\/wp\/v2\/posts\/55313","targetHints":{"allow":["GET"]}}],"collection":[{"href":"https:\/\/www.deberes.net\/tesis\/wp-json\/wp\/v2\/posts"}],"about":[{"href":"https:\/\/www.deberes.net\/tesis\/wp-json\/wp\/v2\/types\/post"}],"author":[{"embeddable":true,"href":"https:\/\/www.deberes.net\/tesis\/wp-json\/wp\/v2\/users\/1"}],"replies":[{"embeddable":true,"href":"https:\/\/www.deberes.net\/tesis\/wp-json\/wp\/v2\/comments?post=55313"}],"version-history":[{"count":0,"href":"https:\/\/www.deberes.net\/tesis\/wp-json\/wp\/v2\/posts\/55313\/revisions"}],"wp:attachment":[{"href":"https:\/\/www.deberes.net\/tesis\/wp-json\/wp\/v2\/media?parent=55313"}],"wp:term":[{"taxonomy":"category","embeddable":true,"href":"https:\/\/www.deberes.net\/tesis\/wp-json\/wp\/v2\/categories?post=55313"},{"taxonomy":"post_tag","embeddable":true,"href":"https:\/\/www.deberes.net\/tesis\/wp-json\/wp\/v2\/tags?post=55313"}],"curies":[{"name":"wp","href":"https:\/\/api.w.org\/{rel}","templated":true}]}}