{"id":55321,"date":"2006-03-11T00:00:00","date_gmt":"2006-03-11T00:00:00","guid":{"rendered":"https:\/\/www.deberes.net\/tesis\/sin-categoria\/estudio-linga%c2%bca%c2%adstico-y-discursivo-de-documentos-privados-de-indias-siglo-xvi\/"},"modified":"2006-03-11T00:00:00","modified_gmt":"2006-03-11T00:00:00","slug":"estudio-linga%c2%bca%c2%adstico-y-discursivo-de-documentos-privados-de-indias-siglo-xvi","status":"publish","type":"post","link":"https:\/\/www.deberes.net\/tesis\/linguistica-historica\/estudio-linga%c2%bca%c2%adstico-y-discursivo-de-documentos-privados-de-indias-siglo-xvi\/","title":{"rendered":"Estudio lingu\u00edstico y discursivo de documentos privados de indias (siglo xvi)"},"content":{"rendered":"<h2>Tesis doctoral de <strong> Marta Fern\u00e1ndez Alcaide <\/strong><\/h2>\n<p>Esta tesis consta de dos partes importantes.  la primera, contenida en el segundo volumen, se corresponde con la transcripci\u00f3n y edici\u00f3n de un total de 640 cartas privadas de los espa\u00f1oles que emigraron a indias dirigidas a sus familiares en la pen\u00ednsula, fechadas en la segunda mitad del siglo xvi y procedentes de todo el territorio americano descubierto y ocupado hasta esa \u00e9poca. Para la edici\u00f3n se parti\u00f3 de otra realizada por un historiador que ofrec\u00eda problemas y que no era \u00fatil para los estudios de ling\u00ed\u00bc\u00edstica hist\u00f3rica; a pesar de ello sirvi\u00f3 para localizar los documentos en el archivo general de indias, con los que se ha preparado la nueva edici\u00f3n, que se ha organizado seg\u00fan criterios ling\u00ed\u00bc\u00edsticos, y a los que se han a\u00f1adido otros no hallados por el historiador y que era in\u00e9ditos.     la segunda parte de la tesis es la que se contiene en el primer volumen. Consta de ocho cap\u00edtulos enmarcados por la introducci\u00f3n, donde se explican por un lado las l\u00edneas de investigaci\u00f3n que se han tenido en cuenta, y, por otro, los objetivos y el m\u00e9todo de trabajo, y las conclusiones. En cuanto esos ocho cap\u00edtulos centrales, podemos dividirlos tambi\u00e9n en dos bloques y muestran un acercamiento a los textos desde lo m\u00e1s externo hasta lo m\u00e1s profundo.  en el primer bloque, correspondiente a los cap\u00edtulos del 1 al 4, se ha atendido a la ubicaci\u00f3n de los documentos, sus caracter\u00edsticas m\u00e1s externas como su estado de conservaci\u00f3n y los diversos tipos de escritura que en ellos se emplea, su autor\u00eda, la descripci\u00f3n sociol\u00f3gica de sus emisores, todo ello en el cap\u00edtulo 1, los aspectos fonol\u00f3gicos derivados de la utilizaci\u00f3n de las graf\u00edas, cap\u00edtulo 2, las caracter\u00edsticas de la edici\u00f3n y los problemas que se nos han planteado especialmente con la puntuaci\u00f3n, cap\u00edtulo 3 y, por \u00faltimo, se ha realizado un an\u00e1lisis ret\u00f3rico que se aproxima a los estudios  actuales sobre la tradiciones discursivas al querer justificar determinados rasgos lin<\/p>\n<p>&nbsp;<\/p>\n<h3>Datos acad\u00e9micos de la tesis doctoral \u00ab<strong>Estudio lingu\u00edstico y discursivo de documentos privados de indias (siglo xvi)<\/strong>\u00ab<\/h3>\n<ul>\n<li><strong>T\u00edtulo de la tesis:<\/strong>\u00a0 Estudio lingu\u00edstico y discursivo de documentos privados de indias (siglo xvi) <\/li>\n<li><strong>Autor:<\/strong>\u00a0 Marta Fern\u00e1ndez Alcaide <\/li>\n<li><strong>Universidad:<\/strong>\u00a0 Sevilla<\/li>\n<li><strong>Fecha de lectura de la tesis:<\/strong>\u00a0 03\/11\/2006<\/li>\n<\/ul>\n<p>&nbsp;<\/p>\n<h3>Direcci\u00f3n y tribunal<\/h3>\n<ul>\n<li><strong>Director de la tesis<\/strong>\n<ul>\n<li>Rafael Cano Aguilar<\/li>\n<\/ul>\n<\/li>\n<li><strong>Tribunal<\/strong>\n<ul>\n<li>Presidente del tribunal: Antonio Narbona jim\u00e9nez <\/li>\n<li>Antonio Salvador plans (vocal)<\/li>\n<li>wulf Oesterreicher (vocal)<\/li>\n<li> Carrera de la red micaela (vocal)<\/li>\n<\/ul>\n<\/li>\n<\/ul>\n<p>&nbsp;<\/p>\n","protected":false},"excerpt":{"rendered":"<p>Tesis doctoral de Marta Fern\u00e1ndez Alcaide Esta tesis consta de dos partes importantes. la primera, contenida en el segundo volumen, [&hellip;]<\/p>\n","protected":false},"author":1,"featured_media":0,"comment_status":"open","ping_status":"open","sticky":false,"template":"","format":"standard","meta":{"site-sidebar-layout":"default","site-content-layout":"","ast-site-content-layout":"","site-content-style":"default","site-sidebar-style":"default","ast-global-header-display":"","ast-banner-title-visibility":"","ast-main-header-display":"","ast-hfb-above-header-display":"","ast-hfb-below-header-display":"","ast-hfb-mobile-header-display":"","site-post-title":"","ast-breadcrumbs-content":"","ast-featured-img":"","footer-sml-layout":"","theme-transparent-header-meta":"","adv-header-id-meta":"","stick-header-meta":"","header-above-stick-meta":"","header-main-stick-meta":"","header-below-stick-meta":"","astra-migrate-meta-layouts":"default","ast-page-background-enabled":"default","ast-page-background-meta":{"desktop":{"background-color":"var(--ast-global-color-4)","background-image":"","background-repeat":"repeat","background-position":"center center","background-size":"auto","background-attachment":"scroll","background-type":"","background-media":"","overlay-type":"","overlay-color":"","overlay-gradient":""},"tablet":{"background-color":"","background-image":"","background-repeat":"repeat","background-position":"center center","background-size":"auto","background-attachment":"scroll","background-type":"","background-media":"","overlay-type":"","overlay-color":"","overlay-gradient":""},"mobile":{"background-color":"","background-image":"","background-repeat":"repeat","background-position":"center center","background-size":"auto","background-attachment":"scroll","background-type":"","background-media":"","overlay-type":"","overlay-color":"","overlay-gradient":""}},"ast-content-background-meta":{"desktop":{"background-color":"var(--ast-global-color-5)","background-image":"","background-repeat":"repeat","background-position":"center center","background-size":"auto","background-attachment":"scroll","background-type":"","background-media":"","overlay-type":"","overlay-color":"","overlay-gradient":""},"tablet":{"background-color":"var(--ast-global-color-5)","background-image":"","background-repeat":"repeat","background-position":"center center","background-size":"auto","background-attachment":"scroll","background-type":"","background-media":"","overlay-type":"","overlay-color":"","overlay-gradient":""},"mobile":{"background-color":"var(--ast-global-color-5)","background-image":"","background-repeat":"repeat","background-position":"center center","background-size":"auto","background-attachment":"scroll","background-type":"","background-media":"","overlay-type":"","overlay-color":"","overlay-gradient":""}},"footnotes":""},"categories":[636,590,10715],"tags":[21472,12726,100310,122228,12254,122229],"class_list":["post-55321","post","type-post","status-publish","format-standard","hentry","category-lengua-y-literatura","category-linguistica-historica","category-sevilla","tag-antonio-narbona-jimenez","tag-antonio-salvador-plans","tag-carrera-de-la-red-micaela","tag-marta-fernandez-alcaide","tag-rafael-cano-aguilar","tag-wulf-oesterreicher"],"_links":{"self":[{"href":"https:\/\/www.deberes.net\/tesis\/wp-json\/wp\/v2\/posts\/55321","targetHints":{"allow":["GET"]}}],"collection":[{"href":"https:\/\/www.deberes.net\/tesis\/wp-json\/wp\/v2\/posts"}],"about":[{"href":"https:\/\/www.deberes.net\/tesis\/wp-json\/wp\/v2\/types\/post"}],"author":[{"embeddable":true,"href":"https:\/\/www.deberes.net\/tesis\/wp-json\/wp\/v2\/users\/1"}],"replies":[{"embeddable":true,"href":"https:\/\/www.deberes.net\/tesis\/wp-json\/wp\/v2\/comments?post=55321"}],"version-history":[{"count":0,"href":"https:\/\/www.deberes.net\/tesis\/wp-json\/wp\/v2\/posts\/55321\/revisions"}],"wp:attachment":[{"href":"https:\/\/www.deberes.net\/tesis\/wp-json\/wp\/v2\/media?parent=55321"}],"wp:term":[{"taxonomy":"category","embeddable":true,"href":"https:\/\/www.deberes.net\/tesis\/wp-json\/wp\/v2\/categories?post=55321"},{"taxonomy":"post_tag","embeddable":true,"href":"https:\/\/www.deberes.net\/tesis\/wp-json\/wp\/v2\/tags?post=55321"}],"curies":[{"name":"wp","href":"https:\/\/api.w.org\/{rel}","templated":true}]}}