{"id":55343,"date":"2006-04-11T00:00:00","date_gmt":"2006-04-11T00:00:00","guid":{"rendered":"https:\/\/www.deberes.net\/tesis\/sin-categoria\/bartolome-perez-casas-y-la-orquesta-filarmonica-de-madrid-1915-1939\/"},"modified":"2006-04-11T00:00:00","modified_gmt":"2006-04-11T00:00:00","slug":"bartolome-perez-casas-y-la-orquesta-filarmonica-de-madrid-1915-1939","status":"publish","type":"post","link":"https:\/\/www.deberes.net\/tesis\/historia-de-la-musica\/bartolome-perez-casas-y-la-orquesta-filarmonica-de-madrid-1915-1939\/","title":{"rendered":"Bartolom\u00e9 p\u00e9rez casas y la orquesta filarm\u00f3nica de Madrid (1915-1939)"},"content":{"rendered":"<h2>Tesis doctoral de <strong> Dolores Cuadrado Caparr\u00f3s <\/strong><\/h2>\n<p>Bartolom\u00e9 p\u00e9rez casas (lorca, murcia, 1873-Madrid, 1956), creador y director titular de la orquesta filarm\u00f3nica de Madrid, representa un hito importante de la historia nuestra m\u00fasica, en la edad de plata de la cultura espa\u00f1ola. de formaci\u00f3n inicial familiar, completada con el magisterio de felipe pedrell y dedicaci\u00f3n plena al estudio de todo tipo de composiciones musicales y tratados te\u00f3ricos, alcanz\u00f3 un dominio de todos los aspectos de la m\u00fasica que fue reconocida por sus contempor\u00e1neos desde el inicio de su carrera como director de la real banda de alabarderos (1897-1911). Por su fecha de nacimiento y las ideas de pedrell, es un claro representante del nacionalismo musical, reflejado en su obra \u00c2\u00a1a mi tierra!, Suite para gran orquesta, premiada en 1905 por la real academia de bellas artes de san fernando de Madrid, con la que contribuy\u00f3 al establecimiento del sinfonismo espa\u00f1ol, que entonces comenzaba a cultivarse. p\u00e9rez casas form\u00f3 parte de asociaciones y organismos musicales participando en las m\u00e1s importantes iniciativas que propiciaron el renacimiento musical del primer tercio del siglo xx, especialmente con su labor como director de la orquesta filarm\u00f3nica de Madrid. Esta entidad fue la segunda formaci\u00f3n sinf\u00f3nica estable de Madrid, con car\u00e1cter de gran orquesta. la dedicaci\u00f3n a \u00e9sta apart\u00f3 a p\u00e9rez casas de su vertiente compositora. Sin embargo, su rigor interpretativo y el conocimiento de todos los recursos orquestales, hizo que la orquesta alcanzase prontamente una alta calidad y dominase un amplio repertorio volcado en la modernidad, basado en autores contempor\u00e1neos, tanto espa\u00f1oles que estaban en plena producci\u00f3n, como europeos. con p\u00e9rez casas al frente, la orquesta filarm\u00f3nica, entre 1915 y 1936, difundi\u00f3 la m\u00fasica por numerosos puntos de la geograf\u00eda espa\u00f1ola, en los que dio a conocer las mismas novedades que presentaba en sus temporadas madrile\u00f1as.  esta investigaci\u00f3n, utilizando medios estad\u00edsticos adecuados, ha permitido llegar a la concrecci\u00f3n del concierto y temporada tipo de la orquesta filarm\u00f3nica de Madrid en los a\u00f1os que acotan el estudio, lo que pone en evidencia las caracter\u00edsticas de su contribuci\u00f3n a la m\u00fasica espa\u00f1ola.<\/p>\n<p>&nbsp;<\/p>\n<h3>Datos acad\u00e9micos de la tesis doctoral \u00ab<strong>Bartolom\u00e9 p\u00e9rez casas y la orquesta filarm\u00f3nica de Madrid (1915-1939)<\/strong>\u00ab<\/h3>\n<ul>\n<li><strong>T\u00edtulo de la tesis:<\/strong>\u00a0 Bartolom\u00e9 p\u00e9rez casas y la orquesta filarm\u00f3nica de Madrid (1915-1939) <\/li>\n<li><strong>Autor:<\/strong>\u00a0 Dolores Cuadrado Caparr\u00f3s <\/li>\n<li><strong>Universidad:<\/strong>\u00a0 Salamanca<\/li>\n<li><strong>Fecha de lectura de la tesis:<\/strong>\u00a0 04\/11\/2006<\/li>\n<\/ul>\n<p>&nbsp;<\/p>\n<h3>Direcci\u00f3n y tribunal<\/h3>\n<ul>\n<li><strong>Director de la tesis<\/strong>\n<ul>\n<li>Jos\u00e9 Mar\u00eda Garcia Laborda<\/li>\n<\/ul>\n<\/li>\n<li><strong>Tribunal<\/strong>\n<ul>\n<li>Presidente del tribunal: ram\u00f3n Barce benito <\/li>\n<li>tom\u00e1s P\u00e9rez delgado (vocal)<\/li>\n<li>Antonio Moya tudela (vocal)<\/li>\n<li>M\u00aa rosa Calvo-manzano ruiz-horn (vocal)<\/li>\n<\/ul>\n<\/li>\n<\/ul>\n<p>&nbsp;<\/p>\n","protected":false},"excerpt":{"rendered":"<p>Tesis doctoral de Dolores Cuadrado Caparr\u00f3s Bartolom\u00e9 p\u00e9rez casas (lorca, murcia, 1873-Madrid, 1956), creador y director titular de la orquesta [&hellip;]<\/p>\n","protected":false},"author":1,"featured_media":0,"comment_status":"open","ping_status":"open","sticky":false,"template":"","format":"standard","meta":{"site-sidebar-layout":"default","site-content-layout":"","ast-site-content-layout":"","site-content-style":"default","site-sidebar-style":"default","ast-global-header-display":"","ast-banner-title-visibility":"","ast-main-header-display":"","ast-hfb-above-header-display":"","ast-hfb-below-header-display":"","ast-hfb-mobile-header-display":"","site-post-title":"","ast-breadcrumbs-content":"","ast-featured-img":"","footer-sml-layout":"","theme-transparent-header-meta":"","adv-header-id-meta":"","stick-header-meta":"","header-above-stick-meta":"","header-main-stick-meta":"","header-below-stick-meta":"","astra-migrate-meta-layouts":"default","ast-page-background-enabled":"default","ast-page-background-meta":{"desktop":{"background-color":"var(--ast-global-color-4)","background-image":"","background-repeat":"repeat","background-position":"center center","background-size":"auto","background-attachment":"scroll","background-type":"","background-media":"","overlay-type":"","overlay-color":"","overlay-gradient":""},"tablet":{"background-color":"","background-image":"","background-repeat":"repeat","background-position":"center center","background-size":"auto","background-attachment":"scroll","background-type":"","background-media":"","overlay-type":"","overlay-color":"","overlay-gradient":""},"mobile":{"background-color":"","background-image":"","background-repeat":"repeat","background-position":"center center","background-size":"auto","background-attachment":"scroll","background-type":"","background-media":"","overlay-type":"","overlay-color":"","overlay-gradient":""}},"ast-content-background-meta":{"desktop":{"background-color":"var(--ast-global-color-5)","background-image":"","background-repeat":"repeat","background-position":"center center","background-size":"auto","background-attachment":"scroll","background-type":"","background-media":"","overlay-type":"","overlay-color":"","overlay-gradient":""},"tablet":{"background-color":"var(--ast-global-color-5)","background-image":"","background-repeat":"repeat","background-position":"center center","background-size":"auto","background-attachment":"scroll","background-type":"","background-media":"","overlay-type":"","overlay-color":"","overlay-gradient":""},"mobile":{"background-color":"var(--ast-global-color-5)","background-image":"","background-repeat":"repeat","background-position":"center center","background-size":"auto","background-attachment":"scroll","background-type":"","background-media":"","overlay-type":"","overlay-color":"","overlay-gradient":""}},"footnotes":""},"categories":[7632,9132,9386],"tags":[84372,122277,49905,122278,50137,71563],"class_list":["post-55343","post","type-post","status-publish","format-standard","hentry","category-historia-de-la-musica","category-musica-y-musicologia","category-salamanca","tag-antonio-moya-tudela","tag-dolores-cuadrado-caparros","tag-jose-maria-garcia-laborda","tag-ma-rosa-calvo-manzano-ruiz-horn","tag-ramon-barce-benito","tag-tomas-perez-delgado"],"_links":{"self":[{"href":"https:\/\/www.deberes.net\/tesis\/wp-json\/wp\/v2\/posts\/55343","targetHints":{"allow":["GET"]}}],"collection":[{"href":"https:\/\/www.deberes.net\/tesis\/wp-json\/wp\/v2\/posts"}],"about":[{"href":"https:\/\/www.deberes.net\/tesis\/wp-json\/wp\/v2\/types\/post"}],"author":[{"embeddable":true,"href":"https:\/\/www.deberes.net\/tesis\/wp-json\/wp\/v2\/users\/1"}],"replies":[{"embeddable":true,"href":"https:\/\/www.deberes.net\/tesis\/wp-json\/wp\/v2\/comments?post=55343"}],"version-history":[{"count":0,"href":"https:\/\/www.deberes.net\/tesis\/wp-json\/wp\/v2\/posts\/55343\/revisions"}],"wp:attachment":[{"href":"https:\/\/www.deberes.net\/tesis\/wp-json\/wp\/v2\/media?parent=55343"}],"wp:term":[{"taxonomy":"category","embeddable":true,"href":"https:\/\/www.deberes.net\/tesis\/wp-json\/wp\/v2\/categories?post=55343"},{"taxonomy":"post_tag","embeddable":true,"href":"https:\/\/www.deberes.net\/tesis\/wp-json\/wp\/v2\/tags?post=55343"}],"curies":[{"name":"wp","href":"https:\/\/api.w.org\/{rel}","templated":true}]}}