{"id":55366,"date":"2006-06-11T00:00:00","date_gmt":"2006-06-11T00:00:00","guid":{"rendered":"https:\/\/www.deberes.net\/tesis\/sin-categoria\/efecto-del-consumo-de-tintura-de-uncaria-tomentosa-en-el-acumulo-de-calculo-dental\/"},"modified":"2006-06-11T00:00:00","modified_gmt":"2006-06-11T00:00:00","slug":"efecto-del-consumo-de-tintura-de-uncaria-tomentosa-en-el-acumulo-de-calculo-dental","status":"publish","type":"post","link":"https:\/\/www.deberes.net\/tesis\/estomatologia-y-ortodoncia\/efecto-del-consumo-de-tintura-de-uncaria-tomentosa-en-el-acumulo-de-calculo-dental\/","title":{"rendered":"\u00abefecto del consumo de tintura de uncaria tomentosa en el acumulo de c\u00e1lculo dental\u00bb"},"content":{"rendered":"<h2>Tesis doctoral de <strong> Carlos Cava Vergiu <\/strong><\/h2>\n<p>Objetivo: determinar la relaci\u00f3n que existe entre el consumo de tintura de  uncaria tomentosa y su efecto en el ac\u00famulo de c\u00e1lculo dental. material:  la muestra esta conformada por 40 pacientes de los cuales 20 ser\u00e1n consumidores de tintura de uncaria tomentosa y 20 no consumir\u00e1n nada y ser\u00e1 usado como grupo control. El rango de edad de los pacientes oscilara entre los 18 y 40 a\u00f1os. Ya que seg\u00fan estudios epidemiol\u00f3gicos el mayor porcentaje de individuos sanos oscila entre esas edades. El muestreo ser\u00e1 de tipo intencional. m\u00e9todo: determinar la relaci\u00f3n que existe entre el consumo de tintura de  uncaria tomentosa y su efecto en el ac\u00famulo de c\u00e1lculo dental. resultados:  de acuerdo  a las pruebas  estadisticas se encontro que existia relacion entre el consumo de tintura de uncaria tomentosa y el acumulo de calculo dental en los pacientes del grupo de estudio , encontrandose diferencia significativa en los periodos de 15, 30 ,y 45 dias.Siendo los valores respectivos  de p >..0,0383, 0,0098, 0,0005<\/p>\n<p>&nbsp;<\/p>\n<h3>Datos acad\u00e9micos de la tesis doctoral \u00ab<strong>\u00abefecto del consumo de tintura de uncaria tomentosa en el acumulo de c\u00e1lculo dental\u00bb<\/strong>\u00ab<\/h3>\n<ul>\n<li><strong>T\u00edtulo de la tesis:<\/strong>\u00a0 \u00abefecto del consumo de tintura de uncaria tomentosa en el acumulo de c\u00e1lculo dental\u00bb <\/li>\n<li><strong>Autor:<\/strong>\u00a0 Carlos Cava Vergiu <\/li>\n<li><strong>Universidad:<\/strong>\u00a0 Internacional de catalunya<\/li>\n<li><strong>Fecha de lectura de la tesis:<\/strong>\u00a0 06\/11\/2006<\/li>\n<\/ul>\n<p>&nbsp;<\/p>\n<h3>Direcci\u00f3n y tribunal<\/h3>\n<ul>\n<li><strong>Director de la tesis<\/strong>\n<ul>\n<li>Miquel Cortada Colomer<\/li>\n<\/ul>\n<\/li>\n<li><strong>Tribunal<\/strong>\n<ul>\n<li>Presidente del tribunal: lLuis Giner tarrida <\/li>\n<li> Marcelo rodr\u00edguez dr. \u00e1lvaro Juli\u00e1n (vocal)<\/li>\n<li> Mendoza corbeto dr. marco a. (vocal)<\/li>\n<li> Rosell bringas dr. Carlos a. (vocal)<\/li>\n<\/ul>\n<\/li>\n<\/ul>\n<p>&nbsp;<\/p>\n","protected":false},"excerpt":{"rendered":"<p>Tesis doctoral de Carlos Cava Vergiu Objetivo: determinar la relaci\u00f3n que existe entre el consumo de tintura de uncaria tomentosa [&hellip;]<\/p>\n","protected":false},"author":1,"featured_media":0,"comment_status":"open","ping_status":"open","sticky":false,"template":"","format":"standard","meta":{"site-sidebar-layout":"default","site-content-layout":"","ast-site-content-layout":"","site-content-style":"default","site-sidebar-style":"default","ast-global-header-display":"","ast-banner-title-visibility":"","ast-main-header-display":"","ast-hfb-above-header-display":"","ast-hfb-below-header-display":"","ast-hfb-mobile-header-display":"","site-post-title":"","ast-breadcrumbs-content":"","ast-featured-img":"","footer-sml-layout":"","theme-transparent-header-meta":"","adv-header-id-meta":"","stick-header-meta":"","header-above-stick-meta":"","header-main-stick-meta":"","header-below-stick-meta":"","astra-migrate-meta-layouts":"default","ast-page-background-enabled":"default","ast-page-background-meta":{"desktop":{"background-color":"var(--ast-global-color-4)","background-image":"","background-repeat":"repeat","background-position":"center center","background-size":"auto","background-attachment":"scroll","background-type":"","background-media":"","overlay-type":"","overlay-color":"","overlay-gradient":""},"tablet":{"background-color":"","background-image":"","background-repeat":"repeat","background-position":"center center","background-size":"auto","background-attachment":"scroll","background-type":"","background-media":"","overlay-type":"","overlay-color":"","overlay-gradient":""},"mobile":{"background-color":"","background-image":"","background-repeat":"repeat","background-position":"center center","background-size":"auto","background-attachment":"scroll","background-type":"","background-media":"","overlay-type":"","overlay-color":"","overlay-gradient":""}},"ast-content-background-meta":{"desktop":{"background-color":"var(--ast-global-color-5)","background-image":"","background-repeat":"repeat","background-position":"center center","background-size":"auto","background-attachment":"scroll","background-type":"","background-media":"","overlay-type":"","overlay-color":"","overlay-gradient":""},"tablet":{"background-color":"var(--ast-global-color-5)","background-image":"","background-repeat":"repeat","background-position":"center center","background-size":"auto","background-attachment":"scroll","background-type":"","background-media":"","overlay-type":"","overlay-color":"","overlay-gradient":""},"mobile":{"background-color":"var(--ast-global-color-5)","background-image":"","background-repeat":"repeat","background-position":"center center","background-size":"auto","background-attachment":"scroll","background-type":"","background-media":"","overlay-type":"","overlay-color":"","overlay-gradient":""}},"footnotes":""},"categories":[140,40818],"tags":[122323,40820,122324,122325,40821,122326],"class_list":["post-55366","post","type-post","status-publish","format-standard","hentry","category-estomatologia-y-ortodoncia","category-internacional-de-catalunya","tag-carlos-cava-vergiu","tag-lluis-giner-tarrida","tag-marcelo-rodriguez-dr-alvaro-julian","tag-mendoza-corbeto-dr-marco-a","tag-miquel-cortada-colomer","tag-rosell-bringas-dr-carlos-a"],"_links":{"self":[{"href":"https:\/\/www.deberes.net\/tesis\/wp-json\/wp\/v2\/posts\/55366","targetHints":{"allow":["GET"]}}],"collection":[{"href":"https:\/\/www.deberes.net\/tesis\/wp-json\/wp\/v2\/posts"}],"about":[{"href":"https:\/\/www.deberes.net\/tesis\/wp-json\/wp\/v2\/types\/post"}],"author":[{"embeddable":true,"href":"https:\/\/www.deberes.net\/tesis\/wp-json\/wp\/v2\/users\/1"}],"replies":[{"embeddable":true,"href":"https:\/\/www.deberes.net\/tesis\/wp-json\/wp\/v2\/comments?post=55366"}],"version-history":[{"count":0,"href":"https:\/\/www.deberes.net\/tesis\/wp-json\/wp\/v2\/posts\/55366\/revisions"}],"wp:attachment":[{"href":"https:\/\/www.deberes.net\/tesis\/wp-json\/wp\/v2\/media?parent=55366"}],"wp:term":[{"taxonomy":"category","embeddable":true,"href":"https:\/\/www.deberes.net\/tesis\/wp-json\/wp\/v2\/categories?post=55366"},{"taxonomy":"post_tag","embeddable":true,"href":"https:\/\/www.deberes.net\/tesis\/wp-json\/wp\/v2\/tags?post=55366"}],"curies":[{"name":"wp","href":"https:\/\/api.w.org\/{rel}","templated":true}]}}