{"id":55372,"date":"2006-07-11T00:00:00","date_gmt":"2006-07-11T00:00:00","guid":{"rendered":"https:\/\/www.deberes.net\/tesis\/sin-categoria\/arquitectura-representacion-e-ideologa%c2%ada-analisis-de-proyectos-para-nueva-belgrado-1947-1959\/"},"modified":"2006-07-11T00:00:00","modified_gmt":"2006-07-11T00:00:00","slug":"arquitectura-representacion-e-ideologa%c2%ada-analisis-de-proyectos-para-nueva-belgrado-1947-1959","status":"publish","type":"post","link":"https:\/\/www.deberes.net\/tesis\/teoria-analisis-y-critica-de-las-bellas-artes\/arquitectura-representacion-e-ideologa%c2%ada-analisis-de-proyectos-para-nueva-belgrado-1947-1959\/","title":{"rendered":"Arquitectura, representaci\u00f3n e ideolog\u00eda. an\u00e1lisis de proyectos para nueva belgrado. 1947-1959"},"content":{"rendered":"<h2>Tesis doctoral de <strong> Jelena Prokopljevic <\/strong><\/h2>\n<p>La tesis parte de la premisa de que la arquitectura y la ideolog\u00eda se relacionan dentro del campo general del contexto socio-cultural en un determinado momento hist\u00f3rico. El objetivo es analizar estas relaciones tomando el discurso como componente operativa que trasmite los principales temas de la ideolog\u00eda vigente. Las preguntas a las que pretende responder giran en torno a la traducci\u00f3n del mensaje ideol\u00f3gico mediante la forma urbana y arquitect\u00f3nica, si esta traducci\u00f3n se establece unilateralmente desde la ideolog\u00eda o permite la definici\u00f3n de la forma representativa como fruto de un dialogo interprofesional.   el objeto del an\u00e1lisis son los proyectos para nueva belgrado entre 1947 y 1959, la mayor\u00eda de ellos sin construir, que part\u00edan de la pretensi\u00f3n de sustituir la capital del estado existente tras la revoluci\u00f3n socialista. En estos proyectos est\u00e1 inscrito el debate de la b\u00fasqueda de una nueva forma representativa, consonante con la transformaci\u00f3n de la sociedad yugoslava, como tambi\u00e9n su importancia hist\u00f3rica.  el marco te\u00f3rico del estudio se establece alrededor de las afinidades entre una ideolog\u00eda nominalmente progresista y la correspondiente prefiguraci\u00f3n de la ciudad como funci\u00f3n y como s\u00edmbolo del progreso social. Se aplican las teor\u00edas de j. Munta\u00f1ola sobre la relaci\u00f3n dial\u00f3gica entre el proyecto, territorio y sociedad y sobre la dimensi\u00f3n ret\u00f3rica de la forma arquitect\u00f3nica, junto con el an\u00e1lisis de la ideolog\u00eda de p. Ricoeur con el \u00e9nfasis en su funci\u00f3n social que oscila entre la ideolog\u00eda y la utop\u00eda -los principios est\u00e1tico y din\u00e1mico- que moldean la realidad.  la formulaci\u00f3n del nuevo lenguaje arquitect\u00f3nico se plante\u00f3 en 1947, en la convocatoria de los concursos de ideas para el edificio del gobierno, la sede del comit\u00e9 central del partido comunista y la propuesta urban\u00edstica para la zona central de nueva belgrado. Los proyectos presentados formularon una ciudad centralizada alrededor de los principales emblemas del estado, utilizando elementos de la ciudad jard\u00edn, ciudad radiante o ciudad lineal, de escala superior al tejido existente y con el \u00e9nfasis en el funcionalismo como representante del progreso tecnol\u00f3gico. Asimismo, la forma de los principales edificios fue desarrollada de manera h\u00edbrida entre los modelos del movimiento moderno, realismo socialista y la arquitectura racionalista de belgrado de los a\u00f1os 30. El an\u00e1lisis de los proyectos premiados revela la aplicaci\u00f3n selectiva de los modelos de referencia en representaci\u00f3n de los m\u00e1s importantes temas del discurso ideol\u00f3gico: el progreso, la igualdad, el futuro y el cambio social, concluyendo que la contraposici\u00f3n de los diferentes modelos dentro de un mismo proyecto fue el punto de partida del di\u00e1logo interprofesional sobre el desarrollo del modernismo socialista yugoslavo.   un segundo corte temporal que analiza la tesis pertenece a la d\u00e9cada de los 50 cuando los emblemas urbanos fueron construidos y cuando se desarroll\u00f3 el \u00faltimo proyecto para la zona central de nueva belgrado. La pol\u00edtica de la \u00e9poca se orientaba hacia un mayor aperturismo al occidente y una latente descentralizaci\u00f3n del estado. Al cambio del discurso correspondi\u00f3 el cambio de la forma arquitect\u00f3nica hacia la vertiente monumental del estilo internacional y de la forma urbana hacia las directrices de la carta de atenas, en contradicci\u00f3n con las formas y los usos heredados. A pesar de los cambios pol\u00edticos, favorables a la descentralizaci\u00f3n de la ciudad y con mayor \u00e9nfasis en las unidades vecinales, el centro proyectado de nueva belgrado permanec\u00eda en la utop\u00eda urban\u00edstica del centro p\u00fablico dependiente de los emblemas del estado.  la tesis concluye que los cambios radicales de la forma arquitect\u00f3nica y urbana, derivados de su coherencia con el discurso vigente en un determinado momento hist\u00f3rico, comportan cambios del uso y del significado social de la forma que son, a su vez, susceptibles al desprestigio, no s\u00f3lo del proyecto arquitect\u00f3nico y urbano, sino tambi\u00e9n del modelo de referencia.<\/p>\n<p>&nbsp;<\/p>\n<h3>Datos acad\u00e9micos de la tesis doctoral \u00ab<strong>Arquitectura, representaci\u00f3n e ideolog\u00eda. an\u00e1lisis de proyectos para nueva belgrado. 1947-1959<\/strong>\u00ab<\/h3>\n<ul>\n<li><strong>T\u00edtulo de la tesis:<\/strong>\u00a0 Arquitectura, representaci\u00f3n e ideolog\u00eda. an\u00e1lisis de proyectos para nueva belgrado. 1947-1959 <\/li>\n<li><strong>Autor:<\/strong>\u00a0 Jelena Prokopljevic <\/li>\n<li><strong>Universidad:<\/strong>\u00a0 Polit\u00e9cnica de catalunya<\/li>\n<li><strong>Fecha de lectura de la tesis:<\/strong>\u00a0 07\/11\/2006<\/li>\n<\/ul>\n<p>&nbsp;<\/p>\n<h3>Direcci\u00f3n y tribunal<\/h3>\n<ul>\n<li><strong>Director de la tesis<\/strong>\n<ul>\n<li>Josep Munta\u00f1ola Thornbergs<\/li>\n<\/ul>\n<\/li>\n<li><strong>Tribunal<\/strong>\n<ul>\n<li>Presidente del tribunal: joaquim Sabat\u00e9 bel <\/li>\n<li>zaida Mux\u00ed mart\u00ednez (vocal)<\/li>\n<li>sergi Valera pertegas (vocal)<\/li>\n<li>  (vocal)<\/li>\n<\/ul>\n<\/li>\n<\/ul>\n<p>&nbsp;<\/p>\n","protected":false},"excerpt":{"rendered":"<p>Tesis doctoral de Jelena Prokopljevic La tesis parte de la premisa de que la arquitectura y la ideolog\u00eda se relacionan [&hellip;]<\/p>\n","protected":false},"author":1,"featured_media":0,"comment_status":"open","ping_status":"open","sticky":false,"template":"","format":"standard","meta":{"site-sidebar-layout":"default","site-content-layout":"","ast-site-content-layout":"","site-content-style":"default","site-sidebar-style":"default","ast-global-header-display":"","ast-banner-title-visibility":"","ast-main-header-display":"","ast-hfb-above-header-display":"","ast-hfb-below-header-display":"","ast-hfb-mobile-header-display":"","site-post-title":"","ast-breadcrumbs-content":"","ast-featured-img":"","footer-sml-layout":"","theme-transparent-header-meta":"","adv-header-id-meta":"","stick-header-meta":"","header-above-stick-meta":"","header-main-stick-meta":"","header-below-stick-meta":"","astra-migrate-meta-layouts":"default","ast-page-background-enabled":"default","ast-page-background-meta":{"desktop":{"background-color":"var(--ast-global-color-4)","background-image":"","background-repeat":"repeat","background-position":"center center","background-size":"auto","background-attachment":"scroll","background-type":"","background-media":"","overlay-type":"","overlay-color":"","overlay-gradient":""},"tablet":{"background-color":"","background-image":"","background-repeat":"repeat","background-position":"center center","background-size":"auto","background-attachment":"scroll","background-type":"","background-media":"","overlay-type":"","overlay-color":"","overlay-gradient":""},"mobile":{"background-color":"","background-image":"","background-repeat":"repeat","background-position":"center center","background-size":"auto","background-attachment":"scroll","background-type":"","background-media":"","overlay-type":"","overlay-color":"","overlay-gradient":""}},"ast-content-background-meta":{"desktop":{"background-color":"var(--ast-global-color-5)","background-image":"","background-repeat":"repeat","background-position":"center center","background-size":"auto","background-attachment":"scroll","background-type":"","background-media":"","overlay-type":"","overlay-color":"","overlay-gradient":""},"tablet":{"background-color":"var(--ast-global-color-5)","background-image":"","background-repeat":"repeat","background-position":"center center","background-size":"auto","background-attachment":"scroll","background-type":"","background-media":"","overlay-type":"","overlay-color":"","overlay-gradient":""},"mobile":{"background-color":"var(--ast-global-color-5)","background-image":"","background-repeat":"repeat","background-position":"center center","background-size":"auto","background-attachment":"scroll","background-type":"","background-media":"","overlay-type":"","overlay-color":"","overlay-gradient":""}},"footnotes":""},"categories":[4509,15596,1111,5371],"tags":[122332,15604,15638,62912,59938],"class_list":["post-55372","post","type-post","status-publish","format-standard","hentry","category-arquitectura","category-politecnica-de-catalunya","category-teoria-analisis-y-critica-de-las-bellas-artes","category-urbanismo","tag-jelena-prokopljevic","tag-joaquim-sabate-bel","tag-josep-muntanola-thornbergs","tag-sergi-valera-pertegas","tag-zaida-muxi-Martinez"],"_links":{"self":[{"href":"https:\/\/www.deberes.net\/tesis\/wp-json\/wp\/v2\/posts\/55372","targetHints":{"allow":["GET"]}}],"collection":[{"href":"https:\/\/www.deberes.net\/tesis\/wp-json\/wp\/v2\/posts"}],"about":[{"href":"https:\/\/www.deberes.net\/tesis\/wp-json\/wp\/v2\/types\/post"}],"author":[{"embeddable":true,"href":"https:\/\/www.deberes.net\/tesis\/wp-json\/wp\/v2\/users\/1"}],"replies":[{"embeddable":true,"href":"https:\/\/www.deberes.net\/tesis\/wp-json\/wp\/v2\/comments?post=55372"}],"version-history":[{"count":0,"href":"https:\/\/www.deberes.net\/tesis\/wp-json\/wp\/v2\/posts\/55372\/revisions"}],"wp:attachment":[{"href":"https:\/\/www.deberes.net\/tesis\/wp-json\/wp\/v2\/media?parent=55372"}],"wp:term":[{"taxonomy":"category","embeddable":true,"href":"https:\/\/www.deberes.net\/tesis\/wp-json\/wp\/v2\/categories?post=55372"},{"taxonomy":"post_tag","embeddable":true,"href":"https:\/\/www.deberes.net\/tesis\/wp-json\/wp\/v2\/tags?post=55372"}],"curies":[{"name":"wp","href":"https:\/\/api.w.org\/{rel}","templated":true}]}}