{"id":55383,"date":"2006-07-11T00:00:00","date_gmt":"2006-07-11T00:00:00","guid":{"rendered":"https:\/\/www.deberes.net\/tesis\/sin-categoria\/el-crecimiento-fa%c2%adsico-en-la-adolescencia-y-su-influencia-en-la-flexibilidad-y-su-medicion\/"},"modified":"2006-07-11T00:00:00","modified_gmt":"2006-07-11T00:00:00","slug":"el-crecimiento-fa%c2%adsico-en-la-adolescencia-y-su-influencia-en-la-flexibilidad-y-su-medicion","status":"publish","type":"post","link":"https:\/\/www.deberes.net\/tesis\/fisiologia-humana\/el-crecimiento-fa%c2%adsico-en-la-adolescencia-y-su-influencia-en-la-flexibilidad-y-su-medicion\/","title":{"rendered":"El crecimiento f\u00edsico en la adolescencia y su influencia en la flexibilidad y su medici\u00f3n"},"content":{"rendered":"<h2>Tesis doctoral de <strong>  Arregui Era\u00f1a Jos\u00e9 Angel <\/strong><\/h2>\n<p>La flexibilidad es una capacidad f\u00edsica b\u00e1sica y es definida como la amplitud del movimiento articular. Educativamente figura como un contenido curricular en el \u00e1rea de educaci\u00f3n f\u00edsica en el actual sistema educativo espa\u00f1ol. A la hora de evaluar el desarrollo de esta capacidad en el alumnado, se ve necesario contar con unas pruebas v\u00e1lidas al alcance del profesorado que midan la flexibilidad. Interesa tambi\u00e9n comprobar si las diferencias en el crecimiento f\u00edsico de los alumnos influyen en la flexibilidad.     este trabajo de investigaci\u00f3n pretende validar las pruebas est\u00e1ndar m\u00e1s usuales de flexibilidad y relacion\u00e1ndolas con otras pruebas cuya validez se ha demostrado (en este caso la goniometr\u00eda) y proponer unas pruebas est\u00e1ndar lineales v\u00e1lidas y de f\u00e1cil aplicaci\u00f3n en el \u00e1mbito escolar para la medici\u00f3n de la flexibilidad. Tambi\u00e9n pretende relacionar el nivel de desarrollo de la flexibilidad con las medidas antropom\u00e9tricas m\u00e1s significativas.     la metodolog\u00eda de este estudio seccional y transversal consiste, en primer lugar, en obtener los datos necesarios de una muestra de sesenta y dos sujetos varones. Estos datos consisten en 35 variables de medidas de cineantropometr\u00eda, 8 variables de pruebas est\u00e1ndar de flexibilidad de las habitualmente usadas en el \u00e1mbito escolar y veintiocho variables goniom\u00e9tricas de flexibilidad consideradas objetivas.     en el an\u00e1lisis estad\u00edstico se ha calculado las correlaciones entre medidas antropom\u00e9tricas y medidas de flexibilidad para ver la relaci\u00f3n existente entre ellas y las correlaciones entre medidas de flexibilidad goniom\u00e9tricas y medidas est\u00e1ndar lineales de flexibilidad con intenci\u00f3n de comprobar su validez. Se realizan varios an\u00e1lisis de regresi\u00f3n lineal m\u00faltiple paso a paso y de regresi\u00f3n curvil\u00ednea para explicar el funcionamiento de las variables de las pruebas est\u00e1ndar de flexibilidad con las variables cineantropom\u00e9tricas, de las variables de las pruebas goniom\u00e9tricas<\/p>\n<p>&nbsp;<\/p>\n<h3>Datos acad\u00e9micos de la tesis doctoral \u00ab<strong>El crecimiento f\u00edsico en la adolescencia y su influencia en la flexibilidad y su medici\u00f3n<\/strong>\u00ab<\/h3>\n<ul>\n<li><strong>T\u00edtulo de la tesis:<\/strong>\u00a0 El crecimiento f\u00edsico en la adolescencia y su influencia en la flexibilidad y su medici\u00f3n <\/li>\n<li><strong>Autor:<\/strong>\u00a0  Arregui Era\u00f1a Jos\u00e9 Angel <\/li>\n<li><strong>Universidad:<\/strong>\u00a0 Aut\u00f3noma de Madrid<\/li>\n<li><strong>Fecha de lectura de la tesis:<\/strong>\u00a0 07\/11\/2006<\/li>\n<\/ul>\n<p>&nbsp;<\/p>\n<h3>Direcci\u00f3n y tribunal<\/h3>\n<ul>\n<li><strong>Director de la tesis<\/strong>\n<ul>\n<li>Vicente Martinez De Haro<\/li>\n<\/ul>\n<\/li>\n<li><strong>Tribunal<\/strong>\n<ul>\n<li>Presidente del tribunal: julio cesar Legido arce <\/li>\n<li>Manuel Guillen del castillo (vocal)<\/li>\n<li>Jos\u00e9 Luis Garc\u00eda soid\u00e1n (vocal)<\/li>\n<li>amelia Ferro s\u00e1nchez (vocal)<\/li>\n<\/ul>\n<\/li>\n<\/ul>\n<p>&nbsp;<\/p>\n","protected":false},"excerpt":{"rendered":"<p>Tesis doctoral de Arregui Era\u00f1a Jos\u00e9 Angel La flexibilidad es una capacidad f\u00edsica b\u00e1sica y es definida como la amplitud [&hellip;]<\/p>\n","protected":false},"author":1,"featured_media":0,"comment_status":"open","ping_status":"open","sticky":false,"template":"","format":"standard","meta":{"site-sidebar-layout":"default","site-content-layout":"","ast-site-content-layout":"","site-content-style":"default","site-sidebar-style":"default","ast-global-header-display":"","ast-banner-title-visibility":"","ast-main-header-display":"","ast-hfb-above-header-display":"","ast-hfb-below-header-display":"","ast-hfb-mobile-header-display":"","site-post-title":"","ast-breadcrumbs-content":"","ast-featured-img":"","footer-sml-layout":"","theme-transparent-header-meta":"","adv-header-id-meta":"","stick-header-meta":"","header-above-stick-meta":"","header-main-stick-meta":"","header-below-stick-meta":"","astra-migrate-meta-layouts":"default","ast-page-background-enabled":"default","ast-page-background-meta":{"desktop":{"background-color":"var(--ast-global-color-4)","background-image":"","background-repeat":"repeat","background-position":"center center","background-size":"auto","background-attachment":"scroll","background-type":"","background-media":"","overlay-type":"","overlay-color":"","overlay-gradient":""},"tablet":{"background-color":"","background-image":"","background-repeat":"repeat","background-position":"center center","background-size":"auto","background-attachment":"scroll","background-type":"","background-media":"","overlay-type":"","overlay-color":"","overlay-gradient":""},"mobile":{"background-color":"","background-image":"","background-repeat":"repeat","background-position":"center center","background-size":"auto","background-attachment":"scroll","background-type":"","background-media":"","overlay-type":"","overlay-color":"","overlay-gradient":""}},"ast-content-background-meta":{"desktop":{"background-color":"var(--ast-global-color-5)","background-image":"","background-repeat":"repeat","background-position":"center center","background-size":"auto","background-attachment":"scroll","background-type":"","background-media":"","overlay-type":"","overlay-color":"","overlay-gradient":""},"tablet":{"background-color":"var(--ast-global-color-5)","background-image":"","background-repeat":"repeat","background-position":"center center","background-size":"auto","background-attachment":"scroll","background-type":"","background-media":"","overlay-type":"","overlay-color":"","overlay-gradient":""},"mobile":{"background-color":"var(--ast-global-color-5)","background-image":"","background-repeat":"repeat","background-position":"center center","background-size":"auto","background-attachment":"scroll","background-type":"","background-media":"","overlay-type":"","overlay-color":"","overlay-gradient":""}},"footnotes":""},"categories":[817],"tags":[45646,122366,42942,13108,42116,30644],"class_list":["post-55383","post","type-post","status-publish","format-standard","hentry","category-fisiologia-humana","tag-amelia-ferro-sanchez","tag-arregui-erana-jose-angel","tag-jose-luis-garcia-soidan","tag-julio-cesar-legido-arce","tag-manuel-guillen-del-castillo","tag-vicente-Martinez-de-haro"],"_links":{"self":[{"href":"https:\/\/www.deberes.net\/tesis\/wp-json\/wp\/v2\/posts\/55383","targetHints":{"allow":["GET"]}}],"collection":[{"href":"https:\/\/www.deberes.net\/tesis\/wp-json\/wp\/v2\/posts"}],"about":[{"href":"https:\/\/www.deberes.net\/tesis\/wp-json\/wp\/v2\/types\/post"}],"author":[{"embeddable":true,"href":"https:\/\/www.deberes.net\/tesis\/wp-json\/wp\/v2\/users\/1"}],"replies":[{"embeddable":true,"href":"https:\/\/www.deberes.net\/tesis\/wp-json\/wp\/v2\/comments?post=55383"}],"version-history":[{"count":0,"href":"https:\/\/www.deberes.net\/tesis\/wp-json\/wp\/v2\/posts\/55383\/revisions"}],"wp:attachment":[{"href":"https:\/\/www.deberes.net\/tesis\/wp-json\/wp\/v2\/media?parent=55383"}],"wp:term":[{"taxonomy":"category","embeddable":true,"href":"https:\/\/www.deberes.net\/tesis\/wp-json\/wp\/v2\/categories?post=55383"},{"taxonomy":"post_tag","embeddable":true,"href":"https:\/\/www.deberes.net\/tesis\/wp-json\/wp\/v2\/tags?post=55383"}],"curies":[{"name":"wp","href":"https:\/\/api.w.org\/{rel}","templated":true}]}}