{"id":55423,"date":"2006-10-11T00:00:00","date_gmt":"2006-10-11T00:00:00","guid":{"rendered":"https:\/\/www.deberes.net\/tesis\/sin-categoria\/desarrollo-profesional-y-necesidades-educativas-especiales-el-caso-de-maria-y-su-profesora-de-apoyo\/"},"modified":"2006-10-11T00:00:00","modified_gmt":"2006-10-11T00:00:00","slug":"desarrollo-profesional-y-necesidades-educativas-especiales-el-caso-de-maria-y-su-profesora-de-apoyo","status":"publish","type":"post","link":"https:\/\/www.deberes.net\/tesis\/metodos-educativos\/desarrollo-profesional-y-necesidades-educativas-especiales-el-caso-de-maria-y-su-profesora-de-apoyo\/","title":{"rendered":"Desarrollo profesional y necesidades educativas especiales: el caso de mar\u00eda y su profesora de apoyo."},"content":{"rendered":"<h2>Tesis doctoral de <strong> M\u00aa Del Mar Ayuela Fern\u00e1ndez <\/strong><\/h2>\n<p>El presente trabajo representa un resumen de todo lo que entendemos por trabajar  la atenci\u00f3n a la diversidad.  si establecemos que toda educaci\u00f3n tiene un mismo objetivo b\u00e1sico, el desarrollo integral de todas las capacidades humanas favoreciendo las capacidades personales y sociales, la integraci\u00f3n escolar efectiva y real (no s\u00f3lo nominal) debe constituir una de las prioridades b\u00e1sicas de la escuela. Si nuestra sociedad es plural, nuestra escuela no puede ser discriminatoria y debe enfrentarse al reto de educar en la diversidad. Todo alumno o alumna, incluso aquel con mayores dificultades de aprendizaje, es susceptible de recibir una atenci\u00f3n y adaptaci\u00f3n educativa que le permita un desarrollo integral de todas sus competencias. La sola convivencia con otro tipo de alumnado, en ese \u00ablaboratorio social\u00bb que constituye la escuela (tal como ha puesto de manifiesto el paradigma ecol\u00f3gico-contextual), es ya una actividad formativa de crucial importancia en el oproceso de socializaci\u00f3n de la persona. La integraci\u00f3n de los ni\u00f1os y ni\u00f1as con necesidades edcuativas especiales (a partir de ahora nee) puede y debe llevar consigo un examen serio y profundo.   desde esta perspectiva intentamos reponder a algunas preguntas que nos plantemos:    &#8211; \u00c2\u00bfen el contexto escolar se respetan los procesos de ense\u00f1anza-aprendizaje de cada unao de los ni\u00f1os y ni\u00f1as con nee?   &#8211; \u00c2\u00bfpor qu\u00e9 en las aulas, con los ni\u00f1os y ni\u00f1as con nee, no se llevan a cabo aprendizajes m\u00e1s significativos \u00abde la vida cotidiana\u00bb y no tan \u00abacad\u00e9micos\u00bb?   &#8211; por qu\u00e9 los ni\u00f1os y ni\u00f1as con nee se encuentran etiquetados y estigmatizados desde el contexto escolar?   &#8211; \u00c2\u00bfqu\u00e9 papel juega el aspecto social en la vida y en la educaci\u00f1on de los ni\u00f1os y ni\u00f1as con nee?   &#8211; \u00c2\u00bfqu\u00e9 procedimientos son necesarios utilizar para trabajar con los ni\u00f1os y ni\u00f1as con nee?   &#8211; cu\u00e1ndo las adaptaciones curriculares individuales (acis) que se realizan ser\u00e1n reales, flexibles y no simplemente papeles s<\/p>\n<p>&nbsp;<\/p>\n<h3>Datos acad\u00e9micos de la tesis doctoral \u00ab<strong>Desarrollo profesional y necesidades educativas especiales: el caso de mar\u00eda y su profesora de apoyo.<\/strong>\u00ab<\/h3>\n<ul>\n<li><strong>T\u00edtulo de la tesis:<\/strong>\u00a0 Desarrollo profesional y necesidades educativas especiales: el caso de mar\u00eda y su profesora de apoyo. <\/li>\n<li><strong>Autor:<\/strong>\u00a0 M\u00aa Del Mar Ayuela Fern\u00e1ndez <\/li>\n<li><strong>Universidad:<\/strong>\u00a0 Valladolid<\/li>\n<li><strong>Fecha de lectura de la tesis:<\/strong>\u00a0 10\/11\/2006<\/li>\n<\/ul>\n<p>&nbsp;<\/p>\n<h3>Direcci\u00f3n y tribunal<\/h3>\n<ul>\n<li><strong>Director de la tesis<\/strong>\n<ul>\n<li>Pilar Lacasa Diaz<\/li>\n<\/ul>\n<\/li>\n<li><strong>Tribunal<\/strong>\n<ul>\n<li>Presidente del tribunal: Jos\u00e9 Mar\u00eda Roman sanchez <\/li>\n<li>leonor Margalef Garc\u00eda (vocal)<\/li>\n<li>reyes Fiz poveda (vocal)<\/li>\n<li>Jos\u00e9 Luis Linaza iglesias (vocal)<\/li>\n<\/ul>\n<\/li>\n<\/ul>\n<p>&nbsp;<\/p>\n","protected":false},"excerpt":{"rendered":"<p>Tesis doctoral de M\u00aa Del Mar Ayuela Fern\u00e1ndez El presente trabajo representa un resumen de todo lo que entendemos por [&hellip;]<\/p>\n","protected":false},"author":1,"featured_media":0,"comment_status":"open","ping_status":"open","sticky":false,"template":"","format":"standard","meta":{"site-sidebar-layout":"default","site-content-layout":"","ast-site-content-layout":"","site-content-style":"default","site-sidebar-style":"default","ast-global-header-display":"","ast-banner-title-visibility":"","ast-main-header-display":"","ast-hfb-above-header-display":"","ast-hfb-below-header-display":"","ast-hfb-mobile-header-display":"","site-post-title":"","ast-breadcrumbs-content":"","ast-featured-img":"","footer-sml-layout":"","theme-transparent-header-meta":"","adv-header-id-meta":"","stick-header-meta":"","header-above-stick-meta":"","header-main-stick-meta":"","header-below-stick-meta":"","astra-migrate-meta-layouts":"default","ast-page-background-enabled":"default","ast-page-background-meta":{"desktop":{"background-color":"var(--ast-global-color-4)","background-image":"","background-repeat":"repeat","background-position":"center center","background-size":"auto","background-attachment":"scroll","background-type":"","background-media":"","overlay-type":"","overlay-color":"","overlay-gradient":""},"tablet":{"background-color":"","background-image":"","background-repeat":"repeat","background-position":"center center","background-size":"auto","background-attachment":"scroll","background-type":"","background-media":"","overlay-type":"","overlay-color":"","overlay-gradient":""},"mobile":{"background-color":"","background-image":"","background-repeat":"repeat","background-position":"center center","background-size":"auto","background-attachment":"scroll","background-type":"","background-media":"","overlay-type":"","overlay-color":"","overlay-gradient":""}},"ast-content-background-meta":{"desktop":{"background-color":"var(--ast-global-color-5)","background-image":"","background-repeat":"repeat","background-position":"center center","background-size":"auto","background-attachment":"scroll","background-type":"","background-media":"","overlay-type":"","overlay-color":"","overlay-gradient":""},"tablet":{"background-color":"var(--ast-global-color-5)","background-image":"","background-repeat":"repeat","background-position":"center center","background-size":"auto","background-attachment":"scroll","background-type":"","background-media":"","overlay-type":"","overlay-color":"","overlay-gradient":""},"mobile":{"background-color":"var(--ast-global-color-5)","background-image":"","background-repeat":"repeat","background-position":"center center","background-size":"auto","background-attachment":"scroll","background-type":"","background-media":"","overlay-type":"","overlay-color":"","overlay-gradient":""}},"footnotes":""},"categories":[5173,6920,7302,8934,12451],"tags":[30229,5139,122452,122451,25988,28743],"class_list":["post-55423","post","type-post","status-publish","format-standard","hentry","category-metodos-educativos","category-problemas-de-aprendizaje","category-procesos-cognitivos","category-profesion-y-situacion-del-profesorado","category-valladolid","tag-jose-luis-linaza-iglesias","tag-jose-maria-roman-sanchez","tag-leonor-margalef-garcia","tag-ma-del-mar-ayuela-fernandez","tag-pilar-lacasa-diaz","tag-reyes-fiz-poveda"],"_links":{"self":[{"href":"https:\/\/www.deberes.net\/tesis\/wp-json\/wp\/v2\/posts\/55423","targetHints":{"allow":["GET"]}}],"collection":[{"href":"https:\/\/www.deberes.net\/tesis\/wp-json\/wp\/v2\/posts"}],"about":[{"href":"https:\/\/www.deberes.net\/tesis\/wp-json\/wp\/v2\/types\/post"}],"author":[{"embeddable":true,"href":"https:\/\/www.deberes.net\/tesis\/wp-json\/wp\/v2\/users\/1"}],"replies":[{"embeddable":true,"href":"https:\/\/www.deberes.net\/tesis\/wp-json\/wp\/v2\/comments?post=55423"}],"version-history":[{"count":0,"href":"https:\/\/www.deberes.net\/tesis\/wp-json\/wp\/v2\/posts\/55423\/revisions"}],"wp:attachment":[{"href":"https:\/\/www.deberes.net\/tesis\/wp-json\/wp\/v2\/media?parent=55423"}],"wp:term":[{"taxonomy":"category","embeddable":true,"href":"https:\/\/www.deberes.net\/tesis\/wp-json\/wp\/v2\/categories?post=55423"},{"taxonomy":"post_tag","embeddable":true,"href":"https:\/\/www.deberes.net\/tesis\/wp-json\/wp\/v2\/tags?post=55423"}],"curies":[{"name":"wp","href":"https:\/\/api.w.org\/{rel}","templated":true}]}}