{"id":55426,"date":"2006-10-11T00:00:00","date_gmt":"2006-10-11T00:00:00","guid":{"rendered":"https:\/\/www.deberes.net\/tesis\/sin-categoria\/proyeccion-del-sistema-espanol-de-derecho-interregional-sobre-el-derecho-civil-foral-guipuzcoano\/"},"modified":"2006-10-11T00:00:00","modified_gmt":"2006-10-11T00:00:00","slug":"proyeccion-del-sistema-espanol-de-derecho-interregional-sobre-el-derecho-civil-foral-guipuzcoano","status":"publish","type":"post","link":"https:\/\/www.deberes.net\/tesis\/derecho-internacional\/proyeccion-del-sistema-espanol-de-derecho-interregional-sobre-el-derecho-civil-foral-guipuzcoano\/","title":{"rendered":"Proyecci\u00f3n del sistema espa\u00f1ol de derecho interregional sobre el derecho civil foral guipuzcoano"},"content":{"rendered":"<h2>Tesis doctoral de <strong> Nerea Magallon Elosegui <\/strong><\/h2>\n<p>El pa\u00eds vasco est\u00e1 formado por tres territorios hist\u00f3ricos en los que se manifiestan determinadas particularidades de derecho en materia civil, unidas b\u00e1sicamente al derecho de familia y derecho de sucesiones, que han convivido y conviven con el  derecho civil tradicionalmente llamado com\u00fan. La raz\u00f3n principal de tal diversidad tiene su origen en la diferente evoluci\u00f3n hist\u00f3rica que han seguido las provincias vacas, organizadas por instituciones y \u00f3rganos de gobierno privativos de cada una de ellas.  en el pa\u00eds vasco no ha existido un derecho civil aplicable a todo el territorio sino tres ordenamientos especiales con distintos \u00e1mbitos de vigencia, habituados a convivir a nivel local, entre ellos y frente al derecho civil com\u00fan: el derecho vizcaino, el derecho ayales, y las costumbres guipuzcoanas.     como consecuencia de esta diversidad la singular situaci\u00f3n de ordenamiento complejo o compuesto desde el punto de vista territorial que caracteriza el sistema jur\u00eddico espa\u00f1ol se acent\u00faa en la comunidad aut\u00f3noma vasca, donde se multiplica el pluralismo jur\u00eddico y la potencial manifestaci\u00f3n de situaciones jur\u00eddicas conectadas con m\u00e1s de un ordenamiento a nivel local, dando lugar a la aparici\u00f3n de lo que cabe denominar conflictos de leyes interlocales.     estos elementos justifican el marco en el que se encuadra el presente estudio y su ubicaci\u00f3n dentro de la dimensi\u00f3n interna espa\u00f1ola de derecho internacional privado o derecho interregional. Y determinan el objeto de la misma, provocando la necesidad de analizar la competencia del legislador vasco para dictar, como algo inherente a su competencia para conservar, modificar y desarrollar el derecho civil propio a que se refiere el art\u00edculo 149.1.8 de la constituci\u00f3n espa\u00f1ola y en virtud de la necesidad de fijar el \u00e1mbito territorial de vigencia de los asubordenamientos vascos, normas de resoluci\u00f3n de los conflictos de leyes aplicables en un nivel ad intra, tal y como introdujo el articu<\/p>\n<p>&nbsp;<\/p>\n<h3>Datos acad\u00e9micos de la tesis doctoral \u00ab<strong>Proyecci\u00f3n del sistema espa\u00f1ol de derecho interregional sobre el derecho civil foral guipuzcoano<\/strong>\u00ab<\/h3>\n<ul>\n<li><strong>T\u00edtulo de la tesis:<\/strong>\u00a0 Proyecci\u00f3n del sistema espa\u00f1ol de derecho interregional sobre el derecho civil foral guipuzcoano <\/li>\n<li><strong>Autor:<\/strong>\u00a0 Nerea Magallon Elosegui <\/li>\n<li><strong>Universidad:<\/strong>\u00a0 Pa\u00eds vasco\/euskal herriko unibertsitatea<\/li>\n<li><strong>Fecha de lectura de la tesis:<\/strong>\u00a0 10\/11\/2006<\/li>\n<\/ul>\n<p>&nbsp;<\/p>\n<h3>Direcci\u00f3n y tribunal<\/h3>\n<ul>\n<li><strong>Director de la tesis<\/strong>\n<ul>\n<li>Juan  Jose Alvarez Rubio<\/li>\n<\/ul>\n<\/li>\n<li><strong>Tribunal<\/strong>\n<ul>\n<li>Presidente del tribunal: julio diego Gonz\u00e1lez campos <\/li>\n<li>Jos\u00e9 Carlos Fernandez rozas (vocal)<\/li>\n<li>alegria Borras rodriguez (vocal)<\/li>\n<li>Elena Zabalo escudero (vocal)<\/li>\n<\/ul>\n<\/li>\n<\/ul>\n<p>&nbsp;<\/p>\n","protected":false},"excerpt":{"rendered":"<p>Tesis doctoral de Nerea Magallon Elosegui El pa\u00eds vasco est\u00e1 formado por tres territorios hist\u00f3ricos en los que se manifiestan [&hellip;]<\/p>\n","protected":false},"author":1,"featured_media":0,"comment_status":"open","ping_status":"open","sticky":false,"template":"","format":"standard","meta":{"site-sidebar-layout":"default","site-content-layout":"","ast-site-content-layout":"","site-content-style":"default","site-sidebar-style":"default","ast-global-header-display":"","ast-banner-title-visibility":"","ast-main-header-display":"","ast-hfb-above-header-display":"","ast-hfb-below-header-display":"","ast-hfb-mobile-header-display":"","site-post-title":"","ast-breadcrumbs-content":"","ast-featured-img":"","footer-sml-layout":"","theme-transparent-header-meta":"","adv-header-id-meta":"","stick-header-meta":"","header-above-stick-meta":"","header-main-stick-meta":"","header-below-stick-meta":"","astra-migrate-meta-layouts":"default","ast-page-background-enabled":"default","ast-page-background-meta":{"desktop":{"background-color":"var(--ast-global-color-4)","background-image":"","background-repeat":"repeat","background-position":"center center","background-size":"auto","background-attachment":"scroll","background-type":"","background-media":"","overlay-type":"","overlay-color":"","overlay-gradient":""},"tablet":{"background-color":"","background-image":"","background-repeat":"repeat","background-position":"center center","background-size":"auto","background-attachment":"scroll","background-type":"","background-media":"","overlay-type":"","overlay-color":"","overlay-gradient":""},"mobile":{"background-color":"","background-image":"","background-repeat":"repeat","background-position":"center center","background-size":"auto","background-attachment":"scroll","background-type":"","background-media":"","overlay-type":"","overlay-color":"","overlay-gradient":""}},"ast-content-background-meta":{"desktop":{"background-color":"var(--ast-global-color-5)","background-image":"","background-repeat":"repeat","background-position":"center center","background-size":"auto","background-attachment":"scroll","background-type":"","background-media":"","overlay-type":"","overlay-color":"","overlay-gradient":""},"tablet":{"background-color":"var(--ast-global-color-5)","background-image":"","background-repeat":"repeat","background-position":"center center","background-size":"auto","background-attachment":"scroll","background-type":"","background-media":"","overlay-type":"","overlay-color":"","overlay-gradient":""},"mobile":{"background-color":"var(--ast-global-color-5)","background-image":"","background-repeat":"repeat","background-position":"center center","background-size":"auto","background-attachment":"scroll","background-type":"","background-media":"","overlay-type":"","overlay-color":"","overlay-gradient":""}},"footnotes":""},"categories":[1211,3894,12909],"tags":[19871,28940,6577,36503,8886,122459],"class_list":["post-55426","post","type-post","status-publish","format-standard","hentry","category-derecho-internacional","category-derecho-privado","category-pais-vasco-euskal-herriko-unibertsitatea","tag-alegria-borras-rodriguez","tag-elena-zabalo-escudero","tag-jose-carlos-fernandez-rozas","tag-juan-jose-alvarez-rubio","tag-julio-diego-gonzalez-campos","tag-nerea-magallon-elosegui"],"_links":{"self":[{"href":"https:\/\/www.deberes.net\/tesis\/wp-json\/wp\/v2\/posts\/55426","targetHints":{"allow":["GET"]}}],"collection":[{"href":"https:\/\/www.deberes.net\/tesis\/wp-json\/wp\/v2\/posts"}],"about":[{"href":"https:\/\/www.deberes.net\/tesis\/wp-json\/wp\/v2\/types\/post"}],"author":[{"embeddable":true,"href":"https:\/\/www.deberes.net\/tesis\/wp-json\/wp\/v2\/users\/1"}],"replies":[{"embeddable":true,"href":"https:\/\/www.deberes.net\/tesis\/wp-json\/wp\/v2\/comments?post=55426"}],"version-history":[{"count":0,"href":"https:\/\/www.deberes.net\/tesis\/wp-json\/wp\/v2\/posts\/55426\/revisions"}],"wp:attachment":[{"href":"https:\/\/www.deberes.net\/tesis\/wp-json\/wp\/v2\/media?parent=55426"}],"wp:term":[{"taxonomy":"category","embeddable":true,"href":"https:\/\/www.deberes.net\/tesis\/wp-json\/wp\/v2\/categories?post=55426"},{"taxonomy":"post_tag","embeddable":true,"href":"https:\/\/www.deberes.net\/tesis\/wp-json\/wp\/v2\/tags?post=55426"}],"curies":[{"name":"wp","href":"https:\/\/api.w.org\/{rel}","templated":true}]}}