{"id":5548,"date":"1995-01-01T00:00:00","date_gmt":"1995-01-01T00:00:00","guid":{"rendered":"https:\/\/www.deberes.net\/tesis\/1995\/01\/01\/aproximacion-pragmatico-discursiva-a-las-formulas-perifrasticas-de-relativo\/"},"modified":"1995-01-01T00:00:00","modified_gmt":"1995-01-01T00:00:00","slug":"aproximacion-pragmatico-discursiva-a-las-formulas-perifrasticas-de-relativo","status":"publish","type":"post","link":"https:\/\/www.deberes.net\/tesis\/linguistica\/aproximacion-pragmatico-discursiva-a-las-formulas-perifrasticas-de-relativo\/","title":{"rendered":"Aproximacion pragmatico-discursiva a las formulas perifrasticas de relativo."},"content":{"rendered":"<h2>Tesis doctoral de <strong> Rosario Alonso Raya <\/strong><\/h2>\n<p>En este trabajo nos ocupamos del comportamiento pragmatico discursivo de las formulas perifrasticas de relativo y, sobre esta base, hemos explicado los aspectos mas controvertidos de su funcionamiento sintactico y sus peculiaridades morfologicas.En este sentido, comenzamos por los problemas de concordancia que presenta el verbo ser con el segmento enfatizado, genero y numero del articulo que aparece en la oracion de relativo, y posibilidades de focalizacion que ofrecen estas estructuras, asi como su inclusion en el ambito del esquema atributivo, que hemos formulado en el marco de la gramatica funcional dikeana.Respecto de los aspectos pragmatico discursivos mas rese\u00f1ables de estas formulas hemos estudiado la implicatura de exhaustividad, el efecto de contraste derivado de este status, la presuposicion de existencia que presenta la clausula de relativo y su condicion de frase no referencial\/generica.  por ultimo, hemos propuesto una clasificacion de las fprs atendiendo al tipo de informacion que muestra cada uno de sus segmentos, al orden en el que aparecen y a su comportamiento en el discurso.<\/p>\n<p>&nbsp;<\/p>\n<h3>Datos acad\u00e9micos de la tesis doctoral \u00ab<strong>Aproximacion pragmatico-discursiva a las formulas perifrasticas de relativo.<\/strong>\u00ab<\/h3>\n<ul>\n<li><strong>T\u00edtulo de la tesis:<\/strong>\u00a0 Aproximacion pragmatico-discursiva a las formulas perifrasticas de relativo. <\/li>\n<li><strong>Autor:<\/strong>\u00a0 Rosario Alonso Raya <\/li>\n<li><strong>Universidad:<\/strong>\u00a0 Granada<\/li>\n<li><strong>Fecha de lectura de la tesis:<\/strong>\u00a0 01\/01\/1995<\/li>\n<\/ul>\n<p>&nbsp;<\/p>\n<h3>Direcci\u00f3n y tribunal<\/h3>\n<ul>\n<li><strong>Director de la tesis<\/strong>\n<ul>\n<li>Jenaro Ortega Olivares<\/li>\n<\/ul>\n<\/li>\n<li><strong>Tribunal<\/strong>\n<ul>\n<li>Presidente del tribunal: Salvador Guti\u00e9rrez Ord\u00f3\u00f1ez <\/li>\n<li>Antonio Garrido Moraga (vocal)<\/li>\n<li>Lourdes Diaz Rodriguez (vocal)<\/li>\n<li> Garc\u00eda Marcos Francisco Joaqu\u00edn (vocal)<\/li>\n<\/ul>\n<\/li>\n<\/ul>\n<p>&nbsp;<\/p>\n","protected":false},"excerpt":{"rendered":"<p>Tesis doctoral de Rosario Alonso Raya En este trabajo nos ocupamos del comportamiento pragmatico discursivo de las formulas perifrasticas de [&hellip;]<\/p>\n","protected":false},"author":1,"featured_media":0,"comment_status":"open","ping_status":"open","sticky":false,"template":"","format":"standard","meta":{"site-sidebar-layout":"default","site-content-layout":"","ast-site-content-layout":"","site-content-style":"default","site-sidebar-style":"default","ast-global-header-display":"","ast-banner-title-visibility":"","ast-main-header-display":"","ast-hfb-above-header-display":"","ast-hfb-below-header-display":"","ast-hfb-mobile-header-display":"","site-post-title":"","ast-breadcrumbs-content":"","ast-featured-img":"","footer-sml-layout":"","theme-transparent-header-meta":"","adv-header-id-meta":"","stick-header-meta":"","header-above-stick-meta":"","header-main-stick-meta":"","header-below-stick-meta":"","astra-migrate-meta-layouts":"default","ast-page-background-enabled":"default","ast-page-background-meta":{"desktop":{"background-color":"var(--ast-global-color-4)","background-image":"","background-repeat":"repeat","background-position":"center center","background-size":"auto","background-attachment":"scroll","background-type":"","background-media":"","overlay-type":"","overlay-color":"","overlay-gradient":""},"tablet":{"background-color":"","background-image":"","background-repeat":"repeat","background-position":"center center","background-size":"auto","background-attachment":"scroll","background-type":"","background-media":"","overlay-type":"","overlay-color":"","overlay-gradient":""},"mobile":{"background-color":"","background-image":"","background-repeat":"repeat","background-position":"center center","background-size":"auto","background-attachment":"scroll","background-type":"","background-media":"","overlay-type":"","overlay-color":"","overlay-gradient":""}},"ast-content-background-meta":{"desktop":{"background-color":"var(--ast-global-color-5)","background-image":"","background-repeat":"repeat","background-position":"center center","background-size":"auto","background-attachment":"scroll","background-type":"","background-media":"","overlay-type":"","overlay-color":"","overlay-gradient":""},"tablet":{"background-color":"var(--ast-global-color-5)","background-image":"","background-repeat":"repeat","background-position":"center center","background-size":"auto","background-attachment":"scroll","background-type":"","background-media":"","overlay-type":"","overlay-color":"","overlay-gradient":""},"mobile":{"background-color":"var(--ast-global-color-5)","background-image":"","background-repeat":"repeat","background-position":"center center","background-size":"auto","background-attachment":"scroll","background-type":"","background-media":"","overlay-type":"","overlay-color":"","overlay-gradient":""}},"footnotes":""},"categories":[59,62],"tags":[21709,21710,3519,3520,21708,3018],"class_list":["post-5548","post","type-post","status-publish","format-standard","hentry","category-linguistica","category-linguistica-sincronica","tag-antonio-garrido-moraga","tag-garcia-marcos-francisco-joaquin","tag-jenaro-ortega-olivares","tag-lourdes-diaz-rodriguez","tag-rosario-alonso-raya","tag-salvador-gutierrez-ordonez"],"_links":{"self":[{"href":"https:\/\/www.deberes.net\/tesis\/wp-json\/wp\/v2\/posts\/5548","targetHints":{"allow":["GET"]}}],"collection":[{"href":"https:\/\/www.deberes.net\/tesis\/wp-json\/wp\/v2\/posts"}],"about":[{"href":"https:\/\/www.deberes.net\/tesis\/wp-json\/wp\/v2\/types\/post"}],"author":[{"embeddable":true,"href":"https:\/\/www.deberes.net\/tesis\/wp-json\/wp\/v2\/users\/1"}],"replies":[{"embeddable":true,"href":"https:\/\/www.deberes.net\/tesis\/wp-json\/wp\/v2\/comments?post=5548"}],"version-history":[{"count":0,"href":"https:\/\/www.deberes.net\/tesis\/wp-json\/wp\/v2\/posts\/5548\/revisions"}],"wp:attachment":[{"href":"https:\/\/www.deberes.net\/tesis\/wp-json\/wp\/v2\/media?parent=5548"}],"wp:term":[{"taxonomy":"category","embeddable":true,"href":"https:\/\/www.deberes.net\/tesis\/wp-json\/wp\/v2\/categories?post=5548"},{"taxonomy":"post_tag","embeddable":true,"href":"https:\/\/www.deberes.net\/tesis\/wp-json\/wp\/v2\/tags?post=5548"}],"curies":[{"name":"wp","href":"https:\/\/api.w.org\/{rel}","templated":true}]}}