{"id":55511,"date":"2018-03-09T22:43:12","date_gmt":"2018-03-09T22:43:12","guid":{"rendered":"https:\/\/www.deberes.net\/tesis\/sin-categoria\/la-barona%c2%ada-de-fraga-su-progresiva-integracion-a-aragon-1387-1458\/"},"modified":"2018-03-09T22:43:12","modified_gmt":"2018-03-09T22:43:12","slug":"la-barona%c2%ada-de-fraga-su-progresiva-integracion-a-aragon-1387-1458","status":"publish","type":"post","link":"https:\/\/www.deberes.net\/tesis\/historia-medieval\/la-barona%c2%ada-de-fraga-su-progresiva-integracion-a-aragon-1387-1458\/","title":{"rendered":"La baron\u00edade fraga: su progresiva integraci\u00f3n a arag\u00f3n (1387-1458)"},"content":{"rendered":"<h2>Tesis doctoral de <strong> Joaquim Salleras Clair\u00f3 <\/strong><\/h2>\n<p>Esta tesis presenta la evoluci\u00f3n hist\u00f3rica del castillo y villa de fraga, sus lugares y aldeas constituyentes de su baron\u00eda, en los reinados de juan i, a juan ii, ambos reyes de la corona de arag\u00f3n.  Con las fuentes aportadas confirma la integraci\u00f3n al reino de arag\u00f3n, segreg\u00e1ndose de catalu\u00f1a, dejando el r\u00edo cinca de ser frontera entre ambos territorios. Presenta la evoluci\u00f3n dmeogr\u00e1fica de dicha baronia para los siglos xiv y xv, noticias de las tres comunidades religiosas de la villa de fragqa, los estamentos privilegiados, y la especial delincuencia manifestada en este periodo. Ofrece asimismo una descripci\u00f3n del sistema fiscal utilizado en dicha baron\u00eda y los or\u00edgenes de su deuda censal.<\/p>\n<p>&nbsp;<\/p>\n<h3>Datos acad\u00e9micos de la tesis doctoral \u00ab<strong>La baron\u00edade fraga: su progresiva integraci\u00f3n a arag\u00f3n (1387-1458)<\/strong>\u00ab<\/h3>\n<ul>\n<li><strong>T\u00edtulo de la tesis:<\/strong>\u00a0 La baron\u00edade fraga: su progresiva integraci\u00f3n a arag\u00f3n (1387-1458) <\/li>\n<li><strong>Autor:<\/strong>\u00a0 Joaquim Salleras Clair\u00f3 <\/li>\n<li><strong>Universidad:<\/strong>\u00a0 Barcelona<\/li>\n<li><strong>Fecha de lectura de la tesis:<\/strong>\u00a0 17\/11\/2006<\/li>\n<\/ul>\n<p>&nbsp;<\/p>\n<h3>Direcci\u00f3n y tribunal<\/h3>\n<ul>\n<li><strong>Director de la tesis<\/strong>\n<ul>\n<li>Prim Bertran Roige<\/li>\n<\/ul>\n<\/li>\n<li><strong>Tribunal<\/strong>\n<ul>\n<li>Presidente del tribunal: salvador Claramunt rodriguez <\/li>\n<li>esteban Sarasa sanchez (vocal)<\/li>\n<li>josefina Mutge vives (vocal)<\/li>\n<li> Corral lafuente Jos\u00e9 l. (vocal)<\/li>\n<\/ul>\n<\/li>\n<\/ul>\n<p>&nbsp;<\/p>\n","protected":false},"excerpt":{"rendered":"<p>Tesis doctoral de Joaquim Salleras Clair\u00f3 Esta tesis presenta la evoluci\u00f3n hist\u00f3rica del castillo y villa de fraga, sus lugares [&hellip;]<\/p>\n","protected":false},"author":1,"featured_media":0,"comment_status":"open","ping_status":"open","sticky":false,"template":"","format":"standard","meta":{"site-sidebar-layout":"default","site-content-layout":"","ast-site-content-layout":"","site-content-style":"default","site-sidebar-style":"default","ast-global-header-display":"","ast-banner-title-visibility":"","ast-main-header-display":"","ast-hfb-above-header-display":"","ast-hfb-below-header-display":"","ast-hfb-mobile-header-display":"","site-post-title":"","ast-breadcrumbs-content":"","ast-featured-img":"","footer-sml-layout":"","theme-transparent-header-meta":"","adv-header-id-meta":"","stick-header-meta":"","header-above-stick-meta":"","header-main-stick-meta":"","header-below-stick-meta":"","astra-migrate-meta-layouts":"default","ast-page-background-enabled":"default","ast-page-background-meta":{"desktop":{"background-color":"var(--ast-global-color-4)","background-image":"","background-repeat":"repeat","background-position":"center center","background-size":"auto","background-attachment":"scroll","background-type":"","background-media":"","overlay-type":"","overlay-color":"","overlay-gradient":""},"tablet":{"background-color":"","background-image":"","background-repeat":"repeat","background-position":"center center","background-size":"auto","background-attachment":"scroll","background-type":"","background-media":"","overlay-type":"","overlay-color":"","overlay-gradient":""},"mobile":{"background-color":"","background-image":"","background-repeat":"repeat","background-position":"center center","background-size":"auto","background-attachment":"scroll","background-type":"","background-media":"","overlay-type":"","overlay-color":"","overlay-gradient":""}},"ast-content-background-meta":{"desktop":{"background-color":"var(--ast-global-color-5)","background-image":"","background-repeat":"repeat","background-position":"center center","background-size":"auto","background-attachment":"scroll","background-type":"","background-media":"","overlay-type":"","overlay-color":"","overlay-gradient":""},"tablet":{"background-color":"var(--ast-global-color-5)","background-image":"","background-repeat":"repeat","background-position":"center center","background-size":"auto","background-attachment":"scroll","background-type":"","background-media":"","overlay-type":"","overlay-color":"","overlay-gradient":""},"mobile":{"background-color":"var(--ast-global-color-5)","background-image":"","background-repeat":"repeat","background-position":"center center","background-size":"auto","background-attachment":"scroll","background-type":"","background-media":"","overlay-type":"","overlay-color":"","overlay-gradient":""}},"footnotes":""},"categories":[951,119],"tags":[122650,44450,122649,19882,91652,3088],"class_list":["post-55511","post","type-post","status-publish","format-standard","hentry","category-barcelona","category-historia-medieval","tag-corral-lafuente-jose-l","tag-esteban-sarasa-sanchez","tag-joaquim-salleras-clairo","tag-josefina-mutge-vives","tag-prim-bertran-roige","tag-salvador-claramunt-rodriguez"],"_links":{"self":[{"href":"https:\/\/www.deberes.net\/tesis\/wp-json\/wp\/v2\/posts\/55511","targetHints":{"allow":["GET"]}}],"collection":[{"href":"https:\/\/www.deberes.net\/tesis\/wp-json\/wp\/v2\/posts"}],"about":[{"href":"https:\/\/www.deberes.net\/tesis\/wp-json\/wp\/v2\/types\/post"}],"author":[{"embeddable":true,"href":"https:\/\/www.deberes.net\/tesis\/wp-json\/wp\/v2\/users\/1"}],"replies":[{"embeddable":true,"href":"https:\/\/www.deberes.net\/tesis\/wp-json\/wp\/v2\/comments?post=55511"}],"version-history":[{"count":0,"href":"https:\/\/www.deberes.net\/tesis\/wp-json\/wp\/v2\/posts\/55511\/revisions"}],"wp:attachment":[{"href":"https:\/\/www.deberes.net\/tesis\/wp-json\/wp\/v2\/media?parent=55511"}],"wp:term":[{"taxonomy":"category","embeddable":true,"href":"https:\/\/www.deberes.net\/tesis\/wp-json\/wp\/v2\/categories?post=55511"},{"taxonomy":"post_tag","embeddable":true,"href":"https:\/\/www.deberes.net\/tesis\/wp-json\/wp\/v2\/tags?post=55511"}],"curies":[{"name":"wp","href":"https:\/\/api.w.org\/{rel}","templated":true}]}}