{"id":55516,"date":"2018-03-09T22:43:12","date_gmt":"2018-03-09T22:43:12","guid":{"rendered":"https:\/\/www.deberes.net\/tesis\/sin-categoria\/globalizacion-neoliberal-y-exclusion-el-caso-de-chiapas\/"},"modified":"2018-03-09T22:43:12","modified_gmt":"2018-03-09T22:43:12","slug":"globalizacion-neoliberal-y-exclusion-el-caso-de-chiapas","status":"publish","type":"post","link":"https:\/\/www.deberes.net\/tesis\/santiago-de-compostela\/globalizacion-neoliberal-y-exclusion-el-caso-de-chiapas\/","title":{"rendered":"Globalizaci\u00f3n neoliberal y exclusi\u00f3n: el caso de chiapas"},"content":{"rendered":"<h2>Tesis doctoral de <strong>  L\u00f3pez Ar\u00e9valo Jorge  Alberto <\/strong><\/h2>\n<p>Esta tesis trata de establecer cu\u00e1les son los efectos que el proceso de globalizaci\u00f3n ejerce en regiones perif\u00e9ricas de escaso o muy bajo nivel de desarrollo econ\u00f3mico, como es el caso de chiapas, el estado m\u00e1s pobre de m\u00e9xico y el que exhibe los peores indicadores de bienestar como la renta promedio por habitante de todo el pa\u00eds, situaci\u00f3n que se ve agravada en los municipios que tienen mayor poblaci\u00f3n aborigen.     el estudio del debate sobre la globalizaci\u00f3n, nos llev\u00f3 a la necesidad de profundizar en el an\u00e1lisis del comportamiento econ\u00f3mico de chiapas, tratando de analizar de qu\u00e9 forma se procesaban internamente las tendencias de la globalizaci\u00f3n en una entidad donde el grueso de la poblaci\u00f3n econ\u00f3micamente activa se dedica a actividades agropecuarias, donde se tiene un sector manufacturero sumamente artesanal y, adem\u00e1s, en el sector industrial, las dos industrias p\u00fablicas m\u00e1s importantes de m\u00e9xico hab\u00edan desempe\u00f1ado un papel significativo, c\u00f3mo el caso de petr\u00f3leos mexicanos (pemex) y la comisi\u00f3n federal de electricidad (cfe).<\/p>\n<p>&nbsp;<\/p>\n<h3>Datos acad\u00e9micos de la tesis doctoral \u00ab<strong>Globalizaci\u00f3n neoliberal y exclusi\u00f3n: el caso de chiapas<\/strong>\u00ab<\/h3>\n<ul>\n<li><strong>T\u00edtulo de la tesis:<\/strong>\u00a0 Globalizaci\u00f3n neoliberal y exclusi\u00f3n: el caso de chiapas <\/li>\n<li><strong>Autor:<\/strong>\u00a0  L\u00f3pez Ar\u00e9valo Jorge  Alberto <\/li>\n<li><strong>Universidad:<\/strong>\u00a0 Santiago de compostela<\/li>\n<li><strong>Fecha de lectura de la tesis:<\/strong>\u00a0 17\/11\/2006<\/li>\n<\/ul>\n<p>&nbsp;<\/p>\n<h3>Direcci\u00f3n y tribunal<\/h3>\n<ul>\n<li><strong>Director de la tesis<\/strong>\n<ul>\n<li>\u00f3scar Rodil Marz\u00e1bal<\/li>\n<\/ul>\n<\/li>\n<li><strong>Tribunal<\/strong>\n<ul>\n<li>Presidente del tribunal: Carlos Berzosa alonso Martinez <\/li>\n<li> Garcia menendez Jos\u00e9 ramon (vocal)<\/li>\n<li>Javier Mart\u00ednez peinado (vocal)<\/li>\n<li>ram\u00f3n Y\u00e1\u00f1ez brage (vocal)<\/li>\n<\/ul>\n<\/li>\n<\/ul>\n<p>&nbsp;<\/p>\n","protected":false},"excerpt":{"rendered":"<p>Tesis doctoral de L\u00f3pez Ar\u00e9valo Jorge Alberto Esta tesis trata de establecer cu\u00e1les son los efectos que el proceso de [&hellip;]<\/p>\n","protected":false},"author":1,"featured_media":0,"comment_status":"open","ping_status":"open","sticky":false,"template":"","format":"standard","meta":{"site-sidebar-layout":"default","site-content-layout":"","ast-site-content-layout":"","site-content-style":"default","site-sidebar-style":"default","ast-global-header-display":"","ast-banner-title-visibility":"","ast-main-header-display":"","ast-hfb-above-header-display":"","ast-hfb-below-header-display":"","ast-hfb-mobile-header-display":"","site-post-title":"","ast-breadcrumbs-content":"","ast-featured-img":"","footer-sml-layout":"","theme-transparent-header-meta":"","adv-header-id-meta":"","stick-header-meta":"","header-above-stick-meta":"","header-main-stick-meta":"","header-below-stick-meta":"","astra-migrate-meta-layouts":"default","ast-page-background-enabled":"default","ast-page-background-meta":{"desktop":{"background-color":"var(--ast-global-color-4)","background-image":"","background-repeat":"repeat","background-position":"center center","background-size":"auto","background-attachment":"scroll","background-type":"","background-media":"","overlay-type":"","overlay-color":"","overlay-gradient":""},"tablet":{"background-color":"","background-image":"","background-repeat":"repeat","background-position":"center center","background-size":"auto","background-attachment":"scroll","background-type":"","background-media":"","overlay-type":"","overlay-color":"","overlay-gradient":""},"mobile":{"background-color":"","background-image":"","background-repeat":"repeat","background-position":"center center","background-size":"auto","background-attachment":"scroll","background-type":"","background-media":"","overlay-type":"","overlay-color":"","overlay-gradient":""}},"ast-content-background-meta":{"desktop":{"background-color":"var(--ast-global-color-5)","background-image":"","background-repeat":"repeat","background-position":"center center","background-size":"auto","background-attachment":"scroll","background-type":"","background-media":"","overlay-type":"","overlay-color":"","overlay-gradient":""},"tablet":{"background-color":"var(--ast-global-color-5)","background-image":"","background-repeat":"repeat","background-position":"center center","background-size":"auto","background-attachment":"scroll","background-type":"","background-media":"","overlay-type":"","overlay-color":"","overlay-gradient":""},"mobile":{"background-color":"var(--ast-global-color-5)","background-image":"","background-repeat":"repeat","background-position":"center center","background-size":"auto","background-attachment":"scroll","background-type":"","background-media":"","overlay-type":"","overlay-color":"","overlay-gradient":""}},"footnotes":""},"categories":[13381,18365,977],"tags":[892,122665,6387,122663,122664,107487],"class_list":["post-55516","post","type-post","status-publish","format-standard","hentry","category-integracion-economica","category-politica-economica-internacional","category-santiago-de-compostela","tag-carlos-berzosa-alonso-Martinez","tag-garcia-menendez-jose-ramon","tag-javier-Martinez-peinado","tag-lopez-arevalo-jorge-alberto","tag-oscar-rodil-marzabal","tag-ramon-yanez-brage"],"_links":{"self":[{"href":"https:\/\/www.deberes.net\/tesis\/wp-json\/wp\/v2\/posts\/55516","targetHints":{"allow":["GET"]}}],"collection":[{"href":"https:\/\/www.deberes.net\/tesis\/wp-json\/wp\/v2\/posts"}],"about":[{"href":"https:\/\/www.deberes.net\/tesis\/wp-json\/wp\/v2\/types\/post"}],"author":[{"embeddable":true,"href":"https:\/\/www.deberes.net\/tesis\/wp-json\/wp\/v2\/users\/1"}],"replies":[{"embeddable":true,"href":"https:\/\/www.deberes.net\/tesis\/wp-json\/wp\/v2\/comments?post=55516"}],"version-history":[{"count":0,"href":"https:\/\/www.deberes.net\/tesis\/wp-json\/wp\/v2\/posts\/55516\/revisions"}],"wp:attachment":[{"href":"https:\/\/www.deberes.net\/tesis\/wp-json\/wp\/v2\/media?parent=55516"}],"wp:term":[{"taxonomy":"category","embeddable":true,"href":"https:\/\/www.deberes.net\/tesis\/wp-json\/wp\/v2\/categories?post=55516"},{"taxonomy":"post_tag","embeddable":true,"href":"https:\/\/www.deberes.net\/tesis\/wp-json\/wp\/v2\/tags?post=55516"}],"curies":[{"name":"wp","href":"https:\/\/api.w.org\/{rel}","templated":true}]}}