{"id":55522,"date":"2018-03-09T22:43:12","date_gmt":"2018-03-09T22:43:12","guid":{"rendered":"https:\/\/www.deberes.net\/tesis\/sin-categoria\/analisis-de-la-eficacia-de-un-programa-de-intervencion-psicologico-para-va%c2%adctimas-de-violencia-domestica\/"},"modified":"2018-03-09T22:43:12","modified_gmt":"2018-03-09T22:43:12","slug":"analisis-de-la-eficacia-de-un-programa-de-intervencion-psicologico-para-va%c2%adctimas-de-violencia-domestica","status":"publish","type":"post","link":"https:\/\/www.deberes.net\/tesis\/sin-categoria\/analisis-de-la-eficacia-de-un-programa-de-intervencion-psicologico-para-va%c2%adctimas-de-violencia-domestica\/","title":{"rendered":"An\u00e1lisis de la eficacia de un programa de intervenci\u00f3n psicol\u00f3gico para v\u00edctimas de violencia dom\u00e9stica"},"content":{"rendered":"<h2>Tesis doctoral de <strong> Mar\u00eda Arinero Garc\u00eda <\/strong><\/h2>\n<p>Este trabajo parte de un estudio general de la violencia para centrarse en el maltrato dom\u00e9stico como una manifestaci\u00f3n m\u00e1s de la conducta violenta de los individuos. Se analiza, su epidemiolog\u00eda, caracter\u00edsticas y componentes b\u00e1sicos; sus repercusiones sociales f\u00edsicas y, de modo especial, psicol\u00f3gicas, as\u00ed como la respuesta de instituciones y recursos disponibles a nivel jur\u00eddico, social m\u00e9dico y psicol\u00f3gico.     la violencia dom\u00e9stica produce graves consecuencias en la salud emocional delas v\u00edctimas. Se  ha descrito la presencia s\u00edntomas de ansiedad, depresi\u00f3n, sentimientos de baja autoestima, problemas de sue\u00f1o, consumo de sustancias,  etc. As\u00ed como cuadros psicopatol\u00f3gicos 8 e.G. Trastorno de estr\u00e9s psotraum\u00e1tico -tept-, o depresi\u00f3n), que provocan un alto malestar psicol\u00f3gico y son responsables de problemas de adaptaci\u00f3n social.     esta tesis doctoral desarrolla un programa de tratamiento ajustado al as v\u00edctimas de violencia dom\u00e9stica que, sin llegar a cumplir un tept, presentan evidentes signos de malestar psicol\u00f3gico (s\u00edntomas postraum\u00e1ticos aislados, sintomatolog\u00eda asociada, s\u00edntomas y depresivos, de ansiedad, bajo autoestima, psicopatol\u00f3gicos, problemas con la expresi\u00f3n de la ira, y problemas de adaptaci\u00f3n psicosocial). Se determina la eficacia diferencial de esta intervenci\u00f3n analizando sus componentes fundamentales y el formato de aplicaci\u00f3n, tras uno, tres, seis y doce meses de seguimiento.     se desarrollaron dos fases. En la primera fase, se analiz\u00f3 la eficacia en funci\u00f3n de los componentes. Se aplic\u00f3 el programa de tratamiento en formato grupal a una muestra de 53 de ellas recibieron la intervenci\u00f3n incluyendo entrenamiento en habilidades de comunicaci\u00f3n, y las 28 restantes, con exposici\u00f3n. Se encontr\u00f3 que \u00e9sta \u00faltima resultaba m\u00e1s eficaz en la mejora de los s\u00edntomas postraumaticos, asociados y psicosociales, a corto y largo plazo.     en la segunda parte, se compar\u00f3 la eficacia de este progra<\/p>\n<p>&nbsp;<\/p>\n<h3>Datos acad\u00e9micos de la tesis doctoral \u00ab<strong>An\u00e1lisis de la eficacia de un programa de intervenci\u00f3n psicol\u00f3gico para v\u00edctimas de violencia dom\u00e9stica<\/strong>\u00ab<\/h3>\n<ul>\n<li><strong>T\u00edtulo de la tesis:<\/strong>\u00a0 An\u00e1lisis de la eficacia de un programa de intervenci\u00f3n psicol\u00f3gico para v\u00edctimas de violencia dom\u00e9stica <\/li>\n<li><strong>Autor:<\/strong>\u00a0 Mar\u00eda Arinero Garc\u00eda <\/li>\n<li><strong>Universidad:<\/strong>\u00a0 Complutense de Madrid<\/li>\n<li><strong>Fecha de lectura de la tesis:<\/strong>\u00a0 17\/11\/2006<\/li>\n<\/ul>\n<p>&nbsp;<\/p>\n<h3>Direcci\u00f3n y tribunal<\/h3>\n<ul>\n<li><strong>Director de la tesis<\/strong>\n<ul>\n<li>Mar\u00eda Crespo L\u00f3pez<\/li>\n<\/ul>\n<\/li>\n<li><strong>Tribunal<\/strong>\n<ul>\n<li>Presidente del tribunal: Francisco j. Labrador encinas <\/li>\n<li>Miguel angel Vallejo pareja (vocal)<\/li>\n<li>paz De corral  gargallo (vocal)<\/li>\n<li>amalio Blanco abarca (vocal)<\/li>\n<\/ul>\n<\/li>\n<\/ul>\n<p>&nbsp;<\/p>\n","protected":false},"excerpt":{"rendered":"<p>Tesis doctoral de Mar\u00eda Arinero Garc\u00eda Este trabajo parte de un estudio general de la violencia para centrarse en el [&hellip;]<\/p>\n","protected":false},"author":1,"featured_media":0,"comment_status":"open","ping_status":"open","sticky":false,"template":"","format":"standard","meta":{"site-sidebar-layout":"default","site-content-layout":"","ast-site-content-layout":"","site-content-style":"default","site-sidebar-style":"default","ast-global-header-display":"","ast-banner-title-visibility":"","ast-main-header-display":"","ast-hfb-above-header-display":"","ast-hfb-below-header-display":"","ast-hfb-mobile-header-display":"","site-post-title":"","ast-breadcrumbs-content":"","ast-featured-img":"","footer-sml-layout":"","theme-transparent-header-meta":"","adv-header-id-meta":"","stick-header-meta":"","header-above-stick-meta":"","header-main-stick-meta":"","header-below-stick-meta":"","astra-migrate-meta-layouts":"default","ast-page-background-enabled":"default","ast-page-background-meta":{"desktop":{"background-color":"var(--ast-global-color-4)","background-image":"","background-repeat":"repeat","background-position":"center center","background-size":"auto","background-attachment":"scroll","background-type":"","background-media":"","overlay-type":"","overlay-color":"","overlay-gradient":""},"tablet":{"background-color":"","background-image":"","background-repeat":"repeat","background-position":"center center","background-size":"auto","background-attachment":"scroll","background-type":"","background-media":"","overlay-type":"","overlay-color":"","overlay-gradient":""},"mobile":{"background-color":"","background-image":"","background-repeat":"repeat","background-position":"center center","background-size":"auto","background-attachment":"scroll","background-type":"","background-media":"","overlay-type":"","overlay-color":"","overlay-gradient":""}},"ast-content-background-meta":{"desktop":{"background-color":"var(--ast-global-color-5)","background-image":"","background-repeat":"repeat","background-position":"center center","background-size":"auto","background-attachment":"scroll","background-type":"","background-media":"","overlay-type":"","overlay-color":"","overlay-gradient":""},"tablet":{"background-color":"var(--ast-global-color-5)","background-image":"","background-repeat":"repeat","background-position":"center center","background-size":"auto","background-attachment":"scroll","background-type":"","background-media":"","overlay-type":"","overlay-color":"","overlay-gradient":""},"mobile":{"background-color":"var(--ast-global-color-5)","background-image":"","background-repeat":"repeat","background-position":"center center","background-size":"auto","background-attachment":"scroll","background-type":"","background-media":"","overlay-type":"","overlay-color":"","overlay-gradient":""}},"footnotes":""},"categories":[4264,1],"tags":[7128,5287,122672,62406,7306,13549],"class_list":["post-55522","post","type-post","status-publish","format-standard","hentry","category-asesoramiento-y-orientacion-psicologicas","category-sin-categoria","tag-amalio-blanco-abarca","tag-francisco-j-labrador-encinas","tag-maria-arinero-garcia","tag-maria-crespo-lopez","tag-miguel-angel-vallejo-pareja","tag-paz-de-corral-gargallo"],"_links":{"self":[{"href":"https:\/\/www.deberes.net\/tesis\/wp-json\/wp\/v2\/posts\/55522","targetHints":{"allow":["GET"]}}],"collection":[{"href":"https:\/\/www.deberes.net\/tesis\/wp-json\/wp\/v2\/posts"}],"about":[{"href":"https:\/\/www.deberes.net\/tesis\/wp-json\/wp\/v2\/types\/post"}],"author":[{"embeddable":true,"href":"https:\/\/www.deberes.net\/tesis\/wp-json\/wp\/v2\/users\/1"}],"replies":[{"embeddable":true,"href":"https:\/\/www.deberes.net\/tesis\/wp-json\/wp\/v2\/comments?post=55522"}],"version-history":[{"count":0,"href":"https:\/\/www.deberes.net\/tesis\/wp-json\/wp\/v2\/posts\/55522\/revisions"}],"wp:attachment":[{"href":"https:\/\/www.deberes.net\/tesis\/wp-json\/wp\/v2\/media?parent=55522"}],"wp:term":[{"taxonomy":"category","embeddable":true,"href":"https:\/\/www.deberes.net\/tesis\/wp-json\/wp\/v2\/categories?post=55522"},{"taxonomy":"post_tag","embeddable":true,"href":"https:\/\/www.deberes.net\/tesis\/wp-json\/wp\/v2\/tags?post=55522"}],"curies":[{"name":"wp","href":"https:\/\/api.w.org\/{rel}","templated":true}]}}