{"id":55553,"date":"2018-03-09T22:43:15","date_gmt":"2018-03-09T22:43:15","guid":{"rendered":"https:\/\/www.deberes.net\/tesis\/sin-categoria\/la-experiencia-del-saber-en-tuca%c2%addides-metodo-y-finalidad-en-la-indagacion-de-la-aguerra-del-peloponesoa\/"},"modified":"2018-03-09T22:43:15","modified_gmt":"2018-03-09T22:43:15","slug":"la-experiencia-del-saber-en-tuca%c2%addides-metodo-y-finalidad-en-la-indagacion-de-la-aguerra-del-peloponesoa","status":"publish","type":"post","link":"https:\/\/www.deberes.net\/tesis\/historia-de-la-guerra\/la-experiencia-del-saber-en-tuca%c2%addides-metodo-y-finalidad-en-la-indagacion-de-la-aguerra-del-peloponesoa\/","title":{"rendered":"La experiencia del saber en tuc\u00eddides. m\u00e9todo y finalidad en la indagaci\u00f3n de la \u00c2\u00bfguerra del peloponeso\u00c2\u00bf"},"content":{"rendered":"<h2>Tesis doctoral de <strong> Francisco Jose Casas Restrepo <\/strong><\/h2>\n<p>La historia de la guerra del peloponeso, escrita por el historiador ateniense tuc\u00eddides, es un ejemplo muy destacado de averiguaci\u00f3n, escritura y narraci\u00f3n hist\u00f3rica. Para efectuar las dos \u00faltimas operaciones, se debe llevar previamente a cabo la averiguaci\u00f3n de algunos hechos concretos y particulares, operaci\u00f3n que a su vez, s\u00f3lo se puede realizar recordando estos \u00faltimos, rescat\u00e1ndolos del olvido. Pero no se trata de hechos corrientes y sin importancia, sino de aquellos cuyas caracter\u00edsticas les vienen dadas por dos notas fundamentales: importancia y fiabilidad, las cuales juegan un papel de primer orden en la antig\u00ed\u00bcedad, cuando se trata de la averiguaci\u00f3n del pasado y del presente humanos, averiguaci\u00f3n que llevan a cabo tres disciplinas emparentadas y afines entre s\u00ed, pero no iguales: historia, arqueolog\u00eda y cronolog\u00eda.<\/p>\n<p>&nbsp;<\/p>\n<h3>Datos acad\u00e9micos de la tesis doctoral \u00ab<strong>La experiencia del saber en tuc\u00eddides. m\u00e9todo y finalidad en la indagaci\u00f3n de la \u00c2\u00bfguerra del peloponeso\u00c2\u00bf<\/strong>\u00ab<\/h3>\n<ul>\n<li><strong>T\u00edtulo de la tesis:<\/strong>\u00a0 La experiencia del saber en tuc\u00eddides. m\u00e9todo y finalidad en la indagaci\u00f3n de la \u00c2\u00bfguerra del peloponeso\u00c2\u00bf <\/li>\n<li><strong>Autor:<\/strong>\u00a0 Francisco Jose Casas Restrepo <\/li>\n<li><strong>Universidad:<\/strong>\u00a0 Salamanca<\/li>\n<li><strong>Fecha de lectura de la tesis:<\/strong>\u00a0 17\/11\/2006<\/li>\n<\/ul>\n<p>&nbsp;<\/p>\n<h3>Direcci\u00f3n y tribunal<\/h3>\n<ul>\n<li><strong>Director de la tesis<\/strong>\n<ul>\n<li>Pablo Garc\u00eda Castillo<\/li>\n<\/ul>\n<\/li>\n<li><strong>Tribunal<\/strong>\n<ul>\n<li>Presidente del tribunal: cirilo Florez Miguel <\/li>\n<li>Juan  Carlos Iglesias zoido (vocal)<\/li>\n<li>Francisco Cort\u00e9s gabaudan (vocal)<\/li>\n<li>Luis Andres marcos (vocal)<\/li>\n<\/ul>\n<\/li>\n<\/ul>\n<p>&nbsp;<\/p>\n","protected":false},"excerpt":{"rendered":"<p>Tesis doctoral de Francisco Jose Casas Restrepo La historia de la guerra del peloponeso, escrita por el historiador ateniense tuc\u00eddides, [&hellip;]<\/p>\n","protected":false},"author":1,"featured_media":0,"comment_status":"open","ping_status":"open","sticky":false,"template":"","format":"standard","meta":{"site-sidebar-layout":"default","site-content-layout":"","ast-site-content-layout":"","site-content-style":"default","site-sidebar-style":"default","ast-global-header-display":"","ast-banner-title-visibility":"","ast-main-header-display":"","ast-hfb-above-header-display":"","ast-hfb-below-header-display":"","ast-hfb-mobile-header-display":"","site-post-title":"","ast-breadcrumbs-content":"","ast-featured-img":"","footer-sml-layout":"","theme-transparent-header-meta":"","adv-header-id-meta":"","stick-header-meta":"","header-above-stick-meta":"","header-main-stick-meta":"","header-below-stick-meta":"","astra-migrate-meta-layouts":"default","ast-page-background-enabled":"default","ast-page-background-meta":{"desktop":{"background-color":"var(--ast-global-color-4)","background-image":"","background-repeat":"repeat","background-position":"center center","background-size":"auto","background-attachment":"scroll","background-type":"","background-media":"","overlay-type":"","overlay-color":"","overlay-gradient":""},"tablet":{"background-color":"","background-image":"","background-repeat":"repeat","background-position":"center center","background-size":"auto","background-attachment":"scroll","background-type":"","background-media":"","overlay-type":"","overlay-color":"","overlay-gradient":""},"mobile":{"background-color":"","background-image":"","background-repeat":"repeat","background-position":"center center","background-size":"auto","background-attachment":"scroll","background-type":"","background-media":"","overlay-type":"","overlay-color":"","overlay-gradient":""}},"ast-content-background-meta":{"desktop":{"background-color":"var(--ast-global-color-5)","background-image":"","background-repeat":"repeat","background-position":"center center","background-size":"auto","background-attachment":"scroll","background-type":"","background-media":"","overlay-type":"","overlay-color":"","overlay-gradient":""},"tablet":{"background-color":"var(--ast-global-color-5)","background-image":"","background-repeat":"repeat","background-position":"center center","background-size":"auto","background-attachment":"scroll","background-type":"","background-media":"","overlay-type":"","overlay-color":"","overlay-gradient":""},"mobile":{"background-color":"var(--ast-global-color-5)","background-image":"","background-repeat":"repeat","background-position":"center center","background-size":"auto","background-attachment":"scroll","background-type":"","background-media":"","overlay-type":"","overlay-color":"","overlay-gradient":""}},"footnotes":""},"categories":[569,413,9386],"tags":[5346,9813,122744,122745,64761,25673],"class_list":["post-55553","post","type-post","status-publish","format-standard","hentry","category-historia-antigua","category-historia-de-la-guerra","category-salamanca","tag-cirilo-florez-miguel","tag-francisco-cortes-gabaudan","tag-francisco-jose-casas-restrepo","tag-juan-carlos-iglesias-zoido","tag-luis-andres-marcos","tag-pablo-garcia-castillo"],"_links":{"self":[{"href":"https:\/\/www.deberes.net\/tesis\/wp-json\/wp\/v2\/posts\/55553","targetHints":{"allow":["GET"]}}],"collection":[{"href":"https:\/\/www.deberes.net\/tesis\/wp-json\/wp\/v2\/posts"}],"about":[{"href":"https:\/\/www.deberes.net\/tesis\/wp-json\/wp\/v2\/types\/post"}],"author":[{"embeddable":true,"href":"https:\/\/www.deberes.net\/tesis\/wp-json\/wp\/v2\/users\/1"}],"replies":[{"embeddable":true,"href":"https:\/\/www.deberes.net\/tesis\/wp-json\/wp\/v2\/comments?post=55553"}],"version-history":[{"count":0,"href":"https:\/\/www.deberes.net\/tesis\/wp-json\/wp\/v2\/posts\/55553\/revisions"}],"wp:attachment":[{"href":"https:\/\/www.deberes.net\/tesis\/wp-json\/wp\/v2\/media?parent=55553"}],"wp:term":[{"taxonomy":"category","embeddable":true,"href":"https:\/\/www.deberes.net\/tesis\/wp-json\/wp\/v2\/categories?post=55553"},{"taxonomy":"post_tag","embeddable":true,"href":"https:\/\/www.deberes.net\/tesis\/wp-json\/wp\/v2\/tags?post=55553"}],"curies":[{"name":"wp","href":"https:\/\/api.w.org\/{rel}","templated":true}]}}