{"id":55584,"date":"2018-03-09T22:43:19","date_gmt":"2018-03-09T22:43:19","guid":{"rendered":"https:\/\/www.deberes.net\/tesis\/sin-categoria\/estudio-prospectivo-del-metabolismo-mineral-y-oseo-en-pacientes-con-infeccion-por-el-virus-de-la-inmunodeficiencia-humana\/"},"modified":"2018-03-09T22:43:19","modified_gmt":"2018-03-09T22:43:19","slug":"estudio-prospectivo-del-metabolismo-mineral-y-oseo-en-pacientes-con-infeccion-por-el-virus-de-la-inmunodeficiencia-humana","status":"publish","type":"post","link":"https:\/\/www.deberes.net\/tesis\/osteopatologia\/estudio-prospectivo-del-metabolismo-mineral-y-oseo-en-pacientes-con-infeccion-por-el-virus-de-la-inmunodeficiencia-humana\/","title":{"rendered":"Estudio prospectivo del metabolismo mineral y oseo en pacientes con infeccion por el virus de la inmunodeficiencia humana"},"content":{"rendered":"<h2>Tesis doctoral de <strong> Sharona Azriel Mira <\/strong><\/h2>\n<p>La infecci\u00f3n por el vih ha adquirido en el \u00faltimo siglo proporciones epid\u00e9micas. A ra\u00edz de la introducci\u00f3n del tratamiento antirretroviral de gran actividad(targa) en 1997, la situaci\u00f3n cl\u00ednica de los pacientes con infecci\u00f3n por el vih cambi\u00f3 dr\u00e1sticamente, con un descenso significativo de la morbimotalidad asociada a esta enfermedad. El aumento de la supervivencia la convierte en una enfermedad cr\u00f3nica, surgiendo complicaciones hasta ahora no descritas en esta poblaci\u00f3n. Entre las morbilidades descritas en los \u00faltimos 7 a\u00f1os, es necesario resaltar las alteraciones del metabolismo mineral y \u00f3seo. La preValencia de osteopenia y osteoporosis en estos pacientes es muy elevada, a pesar de la relativa juventud, y as\u00ed se ha confirmado en este estudio, tanto por criterios densitom\u00e9tricos t-score como z-score. Se han medido 5 localizaciones \u00f3seas y las regiones m\u00e1s afectadas son la cadera y la columna lumbar, tanto el hueso cortinal como trabecular. Los varones tienen un mayor riesgo de osteopenia a nivel del radio. Se desconoce la etiopatogenia de esta complicaci\u00f3n metab\u00f3lica, postul\u00e1ndose diferentes teor\u00edas. En el estudio realizado no se ha observado asociaci\u00f3n entre la osteopenia y el tratamiento antirretroviral ni con la propia infecci\u00f3n v\u00edrica. Por el contrario, los factores cl\u00e1sicos relacionados con baja masa \u00f3sea adquieren un papel m\u00e1s importante en su desarrollo. En concreto, los par\u00e1metros antropom\u00e9tricos y de composici\u00f3n corporal se relacionan con la osteopenia de los pacientes con infecci\u00f3n por el vih. Asimismo, se ha descrito un remodelado \u00f3seo incrementado, que se mantiene estable durante el seguimiento. La preValencia de hipovitaminosis d es muy elevado en este grupo poblacional. No se ha demostrado asociaci\u00f3n entre la osteopenia y los marcadores de remodelado \u00f3seo. A lo largo del seguimiento a los 12 y 24 meses, no se ha objetivado p\u00e9rdida de masa \u00f3sea en la cohorte.<\/p>\n<p>&nbsp;<\/p>\n<h3>Datos acad\u00e9micos de la tesis doctoral \u00ab<strong>Estudio prospectivo del metabolismo mineral y oseo en pacientes con infeccion por el virus de la inmunodeficiencia humana<\/strong>\u00ab<\/h3>\n<ul>\n<li><strong>T\u00edtulo de la tesis:<\/strong>\u00a0 Estudio prospectivo del metabolismo mineral y oseo en pacientes con infeccion por el virus de la inmunodeficiencia humana <\/li>\n<li><strong>Autor:<\/strong>\u00a0 Sharona Azriel Mira <\/li>\n<li><strong>Universidad:<\/strong>\u00a0 Aut\u00f3noma de Madrid<\/li>\n<li><strong>Fecha de lectura de la tesis:<\/strong>\u00a0 20\/11\/2006<\/li>\n<\/ul>\n<p>&nbsp;<\/p>\n<h3>Direcci\u00f3n y tribunal<\/h3>\n<ul>\n<li><strong>Director de la tesis<\/strong>\n<ul>\n<li>Federico Hewkins Carranza<\/li>\n<\/ul>\n<\/li>\n<li><strong>Tribunal<\/strong>\n<ul>\n<li>Presidente del tribunal: fernando Escobar jimenez <\/li>\n<li>angel Del palacio (vocal)<\/li>\n<li>Santiago Moreno (vocal)<\/li>\n<li>Jos\u00e9 Manuel Hernandez (vocal)<\/li>\n<\/ul>\n<\/li>\n<\/ul>\n<p>&nbsp;<\/p>\n","protected":false},"excerpt":{"rendered":"<p>Tesis doctoral de Sharona Azriel Mira La infecci\u00f3n por el vih ha adquirido en el \u00faltimo siglo proporciones epid\u00e9micas. A [&hellip;]<\/p>\n","protected":false},"author":1,"featured_media":0,"comment_status":"open","ping_status":"open","sticky":false,"template":"","format":"standard","meta":{"site-sidebar-layout":"default","site-content-layout":"","ast-site-content-layout":"","site-content-style":"default","site-sidebar-style":"default","ast-global-header-display":"","ast-banner-title-visibility":"","ast-main-header-display":"","ast-hfb-above-header-display":"","ast-hfb-below-header-display":"","ast-hfb-mobile-header-display":"","site-post-title":"","ast-breadcrumbs-content":"","ast-featured-img":"","footer-sml-layout":"","theme-transparent-header-meta":"","adv-header-id-meta":"","stick-header-meta":"","header-above-stick-meta":"","header-main-stick-meta":"","header-below-stick-meta":"","astra-migrate-meta-layouts":"default","ast-page-background-enabled":"default","ast-page-background-meta":{"desktop":{"background-color":"var(--ast-global-color-4)","background-image":"","background-repeat":"repeat","background-position":"center center","background-size":"auto","background-attachment":"scroll","background-type":"","background-media":"","overlay-type":"","overlay-color":"","overlay-gradient":""},"tablet":{"background-color":"","background-image":"","background-repeat":"repeat","background-position":"center center","background-size":"auto","background-attachment":"scroll","background-type":"","background-media":"","overlay-type":"","overlay-color":"","overlay-gradient":""},"mobile":{"background-color":"","background-image":"","background-repeat":"repeat","background-position":"center center","background-size":"auto","background-attachment":"scroll","background-type":"","background-media":"","overlay-type":"","overlay-color":"","overlay-gradient":""}},"ast-content-background-meta":{"desktop":{"background-color":"var(--ast-global-color-5)","background-image":"","background-repeat":"repeat","background-position":"center center","background-size":"auto","background-attachment":"scroll","background-type":"","background-media":"","overlay-type":"","overlay-color":"","overlay-gradient":""},"tablet":{"background-color":"var(--ast-global-color-5)","background-image":"","background-repeat":"repeat","background-position":"center center","background-size":"auto","background-attachment":"scroll","background-type":"","background-media":"","overlay-type":"","overlay-color":"","overlay-gradient":""},"mobile":{"background-color":"var(--ast-global-color-5)","background-image":"","background-repeat":"repeat","background-position":"center center","background-size":"auto","background-attachment":"scroll","background-type":"","background-media":"","overlay-type":"","overlay-color":"","overlay-gradient":""}},"footnotes":""},"categories":[213],"tags":[122813,122812,21702,122815,122814,122811],"class_list":["post-55584","post","type-post","status-publish","format-standard","hentry","category-osteopatologia","tag-angel-del-palacio","tag-federico-hewkins-carranza","tag-fernando-escobar-jimenez","tag-jose-manuel-hernandez","tag-santiago-moreno","tag-sharona-azriel-mira"],"_links":{"self":[{"href":"https:\/\/www.deberes.net\/tesis\/wp-json\/wp\/v2\/posts\/55584","targetHints":{"allow":["GET"]}}],"collection":[{"href":"https:\/\/www.deberes.net\/tesis\/wp-json\/wp\/v2\/posts"}],"about":[{"href":"https:\/\/www.deberes.net\/tesis\/wp-json\/wp\/v2\/types\/post"}],"author":[{"embeddable":true,"href":"https:\/\/www.deberes.net\/tesis\/wp-json\/wp\/v2\/users\/1"}],"replies":[{"embeddable":true,"href":"https:\/\/www.deberes.net\/tesis\/wp-json\/wp\/v2\/comments?post=55584"}],"version-history":[{"count":0,"href":"https:\/\/www.deberes.net\/tesis\/wp-json\/wp\/v2\/posts\/55584\/revisions"}],"wp:attachment":[{"href":"https:\/\/www.deberes.net\/tesis\/wp-json\/wp\/v2\/media?parent=55584"}],"wp:term":[{"taxonomy":"category","embeddable":true,"href":"https:\/\/www.deberes.net\/tesis\/wp-json\/wp\/v2\/categories?post=55584"},{"taxonomy":"post_tag","embeddable":true,"href":"https:\/\/www.deberes.net\/tesis\/wp-json\/wp\/v2\/tags?post=55584"}],"curies":[{"name":"wp","href":"https:\/\/api.w.org\/{rel}","templated":true}]}}