{"id":55594,"date":"2018-03-09T22:43:19","date_gmt":"2018-03-09T22:43:19","guid":{"rendered":"https:\/\/www.deberes.net\/tesis\/sin-categoria\/relaciones-pola%c2%adtico-diplomaticas-entre-espana-y-estados-unidos-1963-1970\/"},"modified":"2018-03-09T22:43:19","modified_gmt":"2018-03-09T22:43:19","slug":"relaciones-pola%c2%adtico-diplomaticas-entre-espana-y-estados-unidos-1963-1970","status":"publish","type":"post","link":"https:\/\/www.deberes.net\/tesis\/historia-de-paises\/relaciones-pola%c2%adtico-diplomaticas-entre-espana-y-estados-unidos-1963-1970\/","title":{"rendered":"Relaciones pol\u00edtico-diplom\u00e1ticas entre espa\u00f1a y estados unidos (1963-1970)"},"content":{"rendered":"<h2>Tesis doctoral de <strong>  Hoyo Barbolla Ana Del <\/strong><\/h2>\n<p>En esta tesis se aborda la evoluci\u00f3n de la relaci\u00f3n politico-diplom\u00e1tica entre espa\u00f1a y ee.Uu., De 1963 a 1970. En ella se analizan aspectos como las sucesivas negociaciones para la renovaci\u00f3n del convenio defensivo (inicialmente suscrito en 1953), o el crucial papel desempe\u00f1ado por la \u00abconexi\u00f3n\u00bb con washington en la pol\u00edtica exterior espa\u00f1ola de aquel periodo.  esta investigaci\u00f3n se ocupa igualmente en los v\u00ednculos entre la pol\u00edtica nacional espa\u00f1ola y la relaci\u00f3n Madrid-washington. Sus p\u00e1ginas ilustran que dicha relaci\u00f3n se caracteriz\u00f3 en aquellos a\u00f1os por el clima de desencuentro generado por la negativa estadounidense a replantear el \u00abcontrato\u00bb de 1953. el ascendente del nexo con washington en la pol\u00edtica de castiella queda patente en relaci\u00f3n con asuntos como la cee, la otan, gibraltar o el sahara. Pese al relativamente escaso inter\u00e9s de la administraci\u00f3n estadounidense por la pol\u00edtica espa\u00f1ola, la sombra de la relaci\u00f3n con ee.Uu, tuvo cierto influjo en la pol\u00edtica nacional de aquella etapa.<\/p>\n<p>&nbsp;<\/p>\n<h3>Datos acad\u00e9micos de la tesis doctoral \u00ab<strong>Relaciones pol\u00edtico-diplom\u00e1ticas entre espa\u00f1a y estados unidos (1963-1970)<\/strong>\u00ab<\/h3>\n<ul>\n<li><strong>T\u00edtulo de la tesis:<\/strong>\u00a0 Relaciones pol\u00edtico-diplom\u00e1ticas entre espa\u00f1a y estados unidos (1963-1970) <\/li>\n<li><strong>Autor:<\/strong>\u00a0  Hoyo Barbolla Ana Del <\/li>\n<li><strong>Universidad:<\/strong>\u00a0 Complutense de Madrid<\/li>\n<li><strong>Fecha de lectura de la tesis:<\/strong>\u00a0 21\/11\/2006<\/li>\n<\/ul>\n<p>&nbsp;<\/p>\n<h3>Direcci\u00f3n y tribunal<\/h3>\n<ul>\n<li><strong>Director de la tesis<\/strong>\n<ul>\n<li>Juan  Pablo Fusi Aizpurua<\/li>\n<\/ul>\n<\/li>\n<li><strong>Tribunal<\/strong>\n<ul>\n<li>Presidente del tribunal: Juan  Carlos Pereira casta\u00f1ares <\/li>\n<li>florentino Portero (vocal)<\/li>\n<li> Lyn hilton stow silvia (vocal)<\/li>\n<li>montserrat Huguet santos (vocal)<\/li>\n<\/ul>\n<\/li>\n<\/ul>\n<p>&nbsp;<\/p>\n","protected":false},"excerpt":{"rendered":"<p>Tesis doctoral de Hoyo Barbolla Ana Del En esta tesis se aborda la evoluci\u00f3n de la relaci\u00f3n politico-diplom\u00e1tica entre espa\u00f1a [&hellip;]<\/p>\n","protected":false},"author":1,"featured_media":0,"comment_status":"open","ping_status":"open","sticky":false,"template":"","format":"standard","meta":{"site-sidebar-layout":"default","site-content-layout":"","ast-site-content-layout":"","site-content-style":"default","site-sidebar-style":"default","ast-global-header-display":"","ast-banner-title-visibility":"","ast-main-header-display":"","ast-hfb-above-header-display":"","ast-hfb-below-header-display":"","ast-hfb-mobile-header-display":"","site-post-title":"","ast-breadcrumbs-content":"","ast-featured-img":"","footer-sml-layout":"","theme-transparent-header-meta":"","adv-header-id-meta":"","stick-header-meta":"","header-above-stick-meta":"","header-main-stick-meta":"","header-below-stick-meta":"","astra-migrate-meta-layouts":"default","ast-page-background-enabled":"default","ast-page-background-meta":{"desktop":{"background-color":"var(--ast-global-color-4)","background-image":"","background-repeat":"repeat","background-position":"center center","background-size":"auto","background-attachment":"scroll","background-type":"","background-media":"","overlay-type":"","overlay-color":"","overlay-gradient":""},"tablet":{"background-color":"","background-image":"","background-repeat":"repeat","background-position":"center center","background-size":"auto","background-attachment":"scroll","background-type":"","background-media":"","overlay-type":"","overlay-color":"","overlay-gradient":""},"mobile":{"background-color":"","background-image":"","background-repeat":"repeat","background-position":"center center","background-size":"auto","background-attachment":"scroll","background-type":"","background-media":"","overlay-type":"","overlay-color":"","overlay-gradient":""}},"ast-content-background-meta":{"desktop":{"background-color":"var(--ast-global-color-5)","background-image":"","background-repeat":"repeat","background-position":"center center","background-size":"auto","background-attachment":"scroll","background-type":"","background-media":"","overlay-type":"","overlay-color":"","overlay-gradient":""},"tablet":{"background-color":"var(--ast-global-color-5)","background-image":"","background-repeat":"repeat","background-position":"center center","background-size":"auto","background-attachment":"scroll","background-type":"","background-media":"","overlay-type":"","overlay-color":"","overlay-gradient":""},"mobile":{"background-color":"var(--ast-global-color-5)","background-image":"","background-repeat":"repeat","background-position":"center center","background-size":"auto","background-attachment":"scroll","background-type":"","background-media":"","overlay-type":"","overlay-color":"","overlay-gradient":""}},"footnotes":""},"categories":[1816,15343,639],"tags":[122834,122833,6905,6662,122835,84495],"class_list":["post-55594","post","type-post","status-publish","format-standard","hentry","category-historia-contemporanea","category-historia-de-las-relaciones-internacionales","category-historia-de-paises","tag-florentino-portero","tag-hoyo-barbolla-ana-del","tag-juan-carlos-pereira-castanares","tag-juan-pablo-fusi-aizpurua","tag-lyn-hilton-stow-silvia","tag-montserrat-huguet-santos"],"_links":{"self":[{"href":"https:\/\/www.deberes.net\/tesis\/wp-json\/wp\/v2\/posts\/55594","targetHints":{"allow":["GET"]}}],"collection":[{"href":"https:\/\/www.deberes.net\/tesis\/wp-json\/wp\/v2\/posts"}],"about":[{"href":"https:\/\/www.deberes.net\/tesis\/wp-json\/wp\/v2\/types\/post"}],"author":[{"embeddable":true,"href":"https:\/\/www.deberes.net\/tesis\/wp-json\/wp\/v2\/users\/1"}],"replies":[{"embeddable":true,"href":"https:\/\/www.deberes.net\/tesis\/wp-json\/wp\/v2\/comments?post=55594"}],"version-history":[{"count":0,"href":"https:\/\/www.deberes.net\/tesis\/wp-json\/wp\/v2\/posts\/55594\/revisions"}],"wp:attachment":[{"href":"https:\/\/www.deberes.net\/tesis\/wp-json\/wp\/v2\/media?parent=55594"}],"wp:term":[{"taxonomy":"category","embeddable":true,"href":"https:\/\/www.deberes.net\/tesis\/wp-json\/wp\/v2\/categories?post=55594"},{"taxonomy":"post_tag","embeddable":true,"href":"https:\/\/www.deberes.net\/tesis\/wp-json\/wp\/v2\/tags?post=55594"}],"curies":[{"name":"wp","href":"https:\/\/api.w.org\/{rel}","templated":true}]}}