{"id":55597,"date":"2018-03-09T22:43:19","date_gmt":"2018-03-09T22:43:19","guid":{"rendered":"https:\/\/www.deberes.net\/tesis\/sin-categoria\/el-uso-de-neologismos-en-la-prensa\/"},"modified":"2018-03-09T22:43:19","modified_gmt":"2018-03-09T22:43:19","slug":"el-uso-de-neologismos-en-la-prensa","status":"publish","type":"post","link":"https:\/\/www.deberes.net\/tesis\/linguistica\/el-uso-de-neologismos-en-la-prensa\/","title":{"rendered":"El uso de neologismos en la prensa"},"content":{"rendered":"<h2>Tesis doctoral de <strong> Laura Esteban Asencio <\/strong><\/h2>\n<p>El principal objetivo de esta investigaci\u00f3n se centra en el estudio de la neolog\u00eda y dentro de ella el estudio se reduce a los medios de comunicaci\u00f3n escritos pues en ellos podemos comprobar con mayor transparencia el uso de la lengua en la vida cotidiana. La estructura interna del trabajo comienza con la exposici\u00f3n en el cap\u00edtulo uno del panorama te\u00f3rico en el que se encuentra la neolog\u00eda. en el segundo delos cap\u00edtulos se describe la metodolog\u00eda aplicada a la recopilaci\u00f3n de los t\u00e9rminos y la estructura que conforma cada ficha terminol\u00f3gica. El cap\u00edtulo tercero contiene el an\u00e1lisis de todos los procesos usados y encontrados en los glosarios que conforman el corpus y comparamos los neologismos de nuestra base de datos con los que aparecen en otras como el corpus de referencia del espa\u00f1ol actual, y el diccionario de voces del uso actual en sus dos ediciones, para aportar las posibles razones de la real academia espa\u00f1ola para no incluirlos en su direcci\u00f3n.  finalmente se ofrece una breve conclusi\u00f3n en la que se muestran los resultados m\u00e1s importantes de la investigaci\u00f3n. Como ap\u00e9ndice ofrecemos la base de datos con todas las fichas de los neologismos con las que hemos trabajado y en los que nos hemos basado (formato asciii). Para una posible consulta m\u00e1s r\u00e1pida y c\u00f3moda hemos a\u00f1adido el corpus en soporte electr\u00f3nico (cdrom).<\/p>\n<p>&nbsp;<\/p>\n<h3>Datos acad\u00e9micos de la tesis doctoral \u00ab<strong>El uso de neologismos en la prensa<\/strong>\u00ab<\/h3>\n<ul>\n<li><strong>T\u00edtulo de la tesis:<\/strong>\u00a0 El uso de neologismos en la prensa <\/li>\n<li><strong>Autor:<\/strong>\u00a0 Laura Esteban Asencio <\/li>\n<li><strong>Universidad:<\/strong>\u00a0 M\u00e1laga<\/li>\n<li><strong>Fecha de lectura de la tesis:<\/strong>\u00a0 21\/11\/2006<\/li>\n<\/ul>\n<p>&nbsp;<\/p>\n<h3>Direcci\u00f3n y tribunal<\/h3>\n<ul>\n<li><strong>Director de la tesis<\/strong>\n<ul>\n<li>Juan  Andr\u00e9s Villena Ponsoda<\/li>\n<\/ul>\n<\/li>\n<li><strong>Tribunal<\/strong>\n<ul>\n<li>Presidente del tribunal:  De molina redondo  Jos\u00e9 andres <\/li>\n<li>dolores Azorin fernandez (vocal)<\/li>\n<li>Jes\u00fas Pena seijas (vocal)<\/li>\n<li>Francisco Diaz montesinos (vocal)<\/li>\n<\/ul>\n<\/li>\n<\/ul>\n<p>&nbsp;<\/p>\n","protected":false},"excerpt":{"rendered":"<p>Tesis doctoral de Laura Esteban Asencio El principal objetivo de esta investigaci\u00f3n se centra en el estudio de la neolog\u00eda [&hellip;]<\/p>\n","protected":false},"author":1,"featured_media":0,"comment_status":"open","ping_status":"open","sticky":false,"template":"","format":"standard","meta":{"site-sidebar-layout":"default","site-content-layout":"","ast-site-content-layout":"","site-content-style":"default","site-sidebar-style":"default","ast-global-header-display":"","ast-banner-title-visibility":"","ast-main-header-display":"","ast-hfb-above-header-display":"","ast-hfb-below-header-display":"","ast-hfb-mobile-header-display":"","site-post-title":"","ast-breadcrumbs-content":"","ast-featured-img":"","footer-sml-layout":"","theme-transparent-header-meta":"","adv-header-id-meta":"","stick-header-meta":"","header-above-stick-meta":"","header-main-stick-meta":"","header-below-stick-meta":"","astra-migrate-meta-layouts":"default","ast-page-background-enabled":"default","ast-page-background-meta":{"desktop":{"background-color":"var(--ast-global-color-4)","background-image":"","background-repeat":"repeat","background-position":"center center","background-size":"auto","background-attachment":"scroll","background-type":"","background-media":"","overlay-type":"","overlay-color":"","overlay-gradient":""},"tablet":{"background-color":"","background-image":"","background-repeat":"repeat","background-position":"center center","background-size":"auto","background-attachment":"scroll","background-type":"","background-media":"","overlay-type":"","overlay-color":"","overlay-gradient":""},"mobile":{"background-color":"","background-image":"","background-repeat":"repeat","background-position":"center center","background-size":"auto","background-attachment":"scroll","background-type":"","background-media":"","overlay-type":"","overlay-color":"","overlay-gradient":""}},"ast-content-background-meta":{"desktop":{"background-color":"var(--ast-global-color-5)","background-image":"","background-repeat":"repeat","background-position":"center center","background-size":"auto","background-attachment":"scroll","background-type":"","background-media":"","overlay-type":"","overlay-color":"","overlay-gradient":""},"tablet":{"background-color":"var(--ast-global-color-5)","background-image":"","background-repeat":"repeat","background-position":"center center","background-size":"auto","background-attachment":"scroll","background-type":"","background-media":"","overlay-type":"","overlay-color":"","overlay-gradient":""},"mobile":{"background-color":"var(--ast-global-color-5)","background-image":"","background-repeat":"repeat","background-position":"center center","background-size":"auto","background-attachment":"scroll","background-type":"","background-media":"","overlay-type":"","overlay-color":"","overlay-gradient":""}},"footnotes":""},"categories":[59,7834],"tags":[1517,19423,39378,2542,7988,122840],"class_list":["post-55597","post","type-post","status-publish","format-standard","hentry","category-linguistica","category-malaga","tag-de-molina-redondo-jose-andres","tag-dolores-azorin-fernandez","tag-francisco-diaz-montesinos","tag-jesus-pena-seijas","tag-juan-andres-villena-ponsoda","tag-laura-esteban-asencio"],"_links":{"self":[{"href":"https:\/\/www.deberes.net\/tesis\/wp-json\/wp\/v2\/posts\/55597","targetHints":{"allow":["GET"]}}],"collection":[{"href":"https:\/\/www.deberes.net\/tesis\/wp-json\/wp\/v2\/posts"}],"about":[{"href":"https:\/\/www.deberes.net\/tesis\/wp-json\/wp\/v2\/types\/post"}],"author":[{"embeddable":true,"href":"https:\/\/www.deberes.net\/tesis\/wp-json\/wp\/v2\/users\/1"}],"replies":[{"embeddable":true,"href":"https:\/\/www.deberes.net\/tesis\/wp-json\/wp\/v2\/comments?post=55597"}],"version-history":[{"count":0,"href":"https:\/\/www.deberes.net\/tesis\/wp-json\/wp\/v2\/posts\/55597\/revisions"}],"wp:attachment":[{"href":"https:\/\/www.deberes.net\/tesis\/wp-json\/wp\/v2\/media?parent=55597"}],"wp:term":[{"taxonomy":"category","embeddable":true,"href":"https:\/\/www.deberes.net\/tesis\/wp-json\/wp\/v2\/categories?post=55597"},{"taxonomy":"post_tag","embeddable":true,"href":"https:\/\/www.deberes.net\/tesis\/wp-json\/wp\/v2\/tags?post=55597"}],"curies":[{"name":"wp","href":"https:\/\/api.w.org\/{rel}","templated":true}]}}