{"id":55630,"date":"2018-03-09T22:43:19","date_gmt":"2018-03-09T22:43:19","guid":{"rendered":"https:\/\/www.deberes.net\/tesis\/sin-categoria\/programa-de-formacion-y-desarrollo-profesional-de-directivos-en-una-entidad-financiera-en-expansion\/"},"modified":"2018-03-09T22:43:19","modified_gmt":"2018-03-09T22:43:19","slug":"programa-de-formacion-y-desarrollo-profesional-de-directivos-en-una-entidad-financiera-en-expansion","status":"publish","type":"post","link":"https:\/\/www.deberes.net\/tesis\/formacion-profesional\/programa-de-formacion-y-desarrollo-profesional-de-directivos-en-una-entidad-financiera-en-expansion\/","title":{"rendered":"Programa de formaci\u00f3n y desarrollo profesional de directivos en una entidad financiera en expansi\u00f3n"},"content":{"rendered":"<h2>Tesis doctoral de <strong>  D\u00edez Granell Jos\u00e9 Valent\u00edn <\/strong><\/h2>\n<p>Aplicaci\u00f3n de un programa de formaci\u00f3n y desarrollo profesional, de dos a\u00f1os de duraci\u00f3n, llevado a cabo con el soporte de diez procedimientos, regidos por una serie de personas intervinientes en el mismo y del que se obtienen la capacitaci\u00f3n para el desempe\u00f1o de una funci\u00f3n.  la metodolog\u00eda se ha fundamentado en la evaluaci\u00f3n de programas de educaci\u00f3n no formal, desde una perspectiva, preferentemente, cualitativa y basada en la investigaci\u00f3n-acci\u00f3n.<\/p>\n<p>&nbsp;<\/p>\n<h3>Datos acad\u00e9micos de la tesis doctoral \u00ab<strong>Programa de formaci\u00f3n y desarrollo profesional de directivos en una entidad financiera en expansi\u00f3n<\/strong>\u00ab<\/h3>\n<ul>\n<li><strong>T\u00edtulo de la tesis:<\/strong>\u00a0 Programa de formaci\u00f3n y desarrollo profesional de directivos en una entidad financiera en expansi\u00f3n <\/li>\n<li><strong>Autor:<\/strong>\u00a0  D\u00edez Granell Jos\u00e9 Valent\u00edn <\/li>\n<li><strong>Universidad:<\/strong>\u00a0 Universitat de val\u00e9ncia (estudi general)<\/li>\n<li><strong>Fecha de lectura de la tesis:<\/strong>\u00a0 23\/11\/2006<\/li>\n<\/ul>\n<p>&nbsp;<\/p>\n<h3>Direcci\u00f3n y tribunal<\/h3>\n<ul>\n<li><strong>Director de la tesis<\/strong>\n<ul>\n<li>Juan Esc\u00e1mez S\u00e1nchez<\/li>\n<\/ul>\n<\/li>\n<li><strong>Tribunal<\/strong>\n<ul>\n<li>Presidente del tribunal: Jos\u00e9 manuel Touri\u00f1an l\u00f3pez <\/li>\n<li>agustin Domingo moratalla (vocal)<\/li>\n<li> De Miguel fern\u00e1ndez enrique (vocal)<\/li>\n<li>gonzalo Jover olmeda (vocal)<\/li>\n<\/ul>\n<\/li>\n<\/ul>\n<p>&nbsp;<\/p>\n","protected":false},"excerpt":{"rendered":"<p>Tesis doctoral de D\u00edez Granell Jos\u00e9 Valent\u00edn Aplicaci\u00f3n de un programa de formaci\u00f3n y desarrollo profesional, de dos a\u00f1os de [&hellip;]<\/p>\n","protected":false},"author":1,"featured_media":0,"comment_status":"open","ping_status":"open","sticky":false,"template":"","format":"standard","meta":{"site-sidebar-layout":"default","site-content-layout":"","ast-site-content-layout":"","site-content-style":"default","site-sidebar-style":"default","ast-global-header-display":"","ast-banner-title-visibility":"","ast-main-header-display":"","ast-hfb-above-header-display":"","ast-hfb-below-header-display":"","ast-hfb-mobile-header-display":"","site-post-title":"","ast-breadcrumbs-content":"","ast-featured-img":"","footer-sml-layout":"","theme-transparent-header-meta":"","adv-header-id-meta":"","stick-header-meta":"","header-above-stick-meta":"","header-main-stick-meta":"","header-below-stick-meta":"","astra-migrate-meta-layouts":"default","ast-page-background-enabled":"default","ast-page-background-meta":{"desktop":{"background-color":"var(--ast-global-color-4)","background-image":"","background-repeat":"repeat","background-position":"center center","background-size":"auto","background-attachment":"scroll","background-type":"","background-media":"","overlay-type":"","overlay-color":"","overlay-gradient":""},"tablet":{"background-color":"","background-image":"","background-repeat":"repeat","background-position":"center center","background-size":"auto","background-attachment":"scroll","background-type":"","background-media":"","overlay-type":"","overlay-color":"","overlay-gradient":""},"mobile":{"background-color":"","background-image":"","background-repeat":"repeat","background-position":"center center","background-size":"auto","background-attachment":"scroll","background-type":"","background-media":"","overlay-type":"","overlay-color":"","overlay-gradient":""}},"ast-content-background-meta":{"desktop":{"background-color":"var(--ast-global-color-5)","background-image":"","background-repeat":"repeat","background-position":"center center","background-size":"auto","background-attachment":"scroll","background-type":"","background-media":"","overlay-type":"","overlay-color":"","overlay-gradient":""},"tablet":{"background-color":"var(--ast-global-color-5)","background-image":"","background-repeat":"repeat","background-position":"center center","background-size":"auto","background-attachment":"scroll","background-type":"","background-media":"","overlay-type":"","overlay-color":"","overlay-gradient":""},"mobile":{"background-color":"var(--ast-global-color-5)","background-image":"","background-repeat":"repeat","background-position":"center center","background-size":"auto","background-attachment":"scroll","background-type":"","background-media":"","overlay-type":"","overlay-color":"","overlay-gradient":""}},"footnotes":""},"categories":[1183,7611],"tags":[35669,10562,122908,18266,21547,10327],"class_list":["post-55630","post","type-post","status-publish","format-standard","hentry","category-formacion-profesional","category-organizacion-y-direccion-de-las-instituciones-educativas","tag-agustin-domingo-moratalla","tag-de-miguel-fernandez-enrique","tag-diez-granell-jose-valentin","tag-gonzalo-jover-olmeda","tag-jose-manuel-tourinan-lopez","tag-juan-escamez-sanchez"],"_links":{"self":[{"href":"https:\/\/www.deberes.net\/tesis\/wp-json\/wp\/v2\/posts\/55630","targetHints":{"allow":["GET"]}}],"collection":[{"href":"https:\/\/www.deberes.net\/tesis\/wp-json\/wp\/v2\/posts"}],"about":[{"href":"https:\/\/www.deberes.net\/tesis\/wp-json\/wp\/v2\/types\/post"}],"author":[{"embeddable":true,"href":"https:\/\/www.deberes.net\/tesis\/wp-json\/wp\/v2\/users\/1"}],"replies":[{"embeddable":true,"href":"https:\/\/www.deberes.net\/tesis\/wp-json\/wp\/v2\/comments?post=55630"}],"version-history":[{"count":0,"href":"https:\/\/www.deberes.net\/tesis\/wp-json\/wp\/v2\/posts\/55630\/revisions"}],"wp:attachment":[{"href":"https:\/\/www.deberes.net\/tesis\/wp-json\/wp\/v2\/media?parent=55630"}],"wp:term":[{"taxonomy":"category","embeddable":true,"href":"https:\/\/www.deberes.net\/tesis\/wp-json\/wp\/v2\/categories?post=55630"},{"taxonomy":"post_tag","embeddable":true,"href":"https:\/\/www.deberes.net\/tesis\/wp-json\/wp\/v2\/tags?post=55630"}],"curies":[{"name":"wp","href":"https:\/\/api.w.org\/{rel}","templated":true}]}}