{"id":55682,"date":"2018-03-09T22:43:23","date_gmt":"2018-03-09T22:43:23","guid":{"rendered":"https:\/\/www.deberes.net\/tesis\/sin-categoria\/frontera-y-lengua-en-el-alto-ebro-siglos-viii-xi\/"},"modified":"2018-03-09T22:43:23","modified_gmt":"2018-03-09T22:43:23","slug":"frontera-y-lengua-en-el-alto-ebro-siglos-viii-xi","status":"publish","type":"post","link":"https:\/\/www.deberes.net\/tesis\/historia-medieval\/frontera-y-lengua-en-el-alto-ebro-siglos-viii-xi\/","title":{"rendered":"Frontera y lengua en el alto ebro. siglos viii-xi"},"content":{"rendered":"<h2>Tesis doctoral de <strong> David Nichol\u00e1s Scott Peterson <\/strong><\/h2>\n<p>A ra\u00edz de los acontecimientos pol\u00edticomilitares de la primera mitad del siglo viii, en el espacio bureba &#8211; rioja, corredor que tradicionalmente ha comunicado el valle del ebro con el noroeste peninsular, se erigi\u00f3 una frontera que perdurar\u00eda durante aproximadamente tres siglos. Esta frontera pol\u00edtica, que dividir\u00eda primero el reino de asturias de al-andalus, y despu\u00e9s castilla de navarra, tendr\u00eda tambi\u00e9n implicaciones y manifestaciones culturales, religiosas y \u00e9tnicas, y es apreciable no s\u00f3lo a partir de la fragmentada cron\u00edstica y diplom\u00e1tica del periodo, sino tambi\u00e9n gracias a diversos registros onom\u00e1sticos, sobre todo la toponimia. As\u00ed se resalta la importancia que tuvieron los oscuros acontecimientos del siglo viii incluso en zonas que pronto se quedar\u00edan excluidas de, o perif\u00e9ricas a, al-andalus, y muchos aspectos de la posterior historia de castilla y de \u00e1lava, de navarra y de la rioja s\u00f3lo se entienden con referencia a un periodo que dar\u00eda origen, por ejemplo, a la onom\u00e1stica sem\u00edtica que se observa despu\u00e9s en castilla (y en le\u00f3n) y a la toponimia vasca que abunda en  la sierra de la demanda.<\/p>\n<p>&nbsp;<\/p>\n<h3>Datos acad\u00e9micos de la tesis doctoral \u00ab<strong>Frontera y lengua en el alto ebro. siglos viii-xi<\/strong>\u00ab<\/h3>\n<ul>\n<li><strong>T\u00edtulo de la tesis:<\/strong>\u00a0 Frontera y lengua en el alto ebro. siglos viii-xi <\/li>\n<li><strong>Autor:<\/strong>\u00a0 David Nichol\u00e1s Scott Peterson <\/li>\n<li><strong>Universidad:<\/strong>\u00a0 Burgos<\/li>\n<li><strong>Fecha de lectura de la tesis:<\/strong>\u00a0 24\/11\/2006<\/li>\n<\/ul>\n<p>&nbsp;<\/p>\n<h3>Direcci\u00f3n y tribunal<\/h3>\n<ul>\n<li><strong>Director de la tesis<\/strong>\n<ul>\n<li> Garc\u00eda Gonz\u00e1lez Juan  Jos\u00e9<\/li>\n<\/ul>\n<\/li>\n<li><strong>Tribunal<\/strong>\n<ul>\n<li>Presidente del tribunal: Jos\u00e9 \u00e1ngel Garc\u00eda de cort\u00e1zar ruiz de aguirre <\/li>\n<li>eduardo Manzano moreno (vocal)<\/li>\n<li>henrique Kn\u00ed\u00b6rr borr\u00e1s (vocal)<\/li>\n<li> Pastor d\u00edaz de garayo ernesto (vocal)<\/li>\n<\/ul>\n<\/li>\n<\/ul>\n<p>&nbsp;<\/p>\n","protected":false},"excerpt":{"rendered":"<p>Tesis doctoral de David Nichol\u00e1s Scott Peterson A ra\u00edz de los acontecimientos pol\u00edticomilitares de la primera mitad del siglo viii, [&hellip;]<\/p>\n","protected":false},"author":1,"featured_media":0,"comment_status":"open","ping_status":"open","sticky":false,"template":"","format":"standard","meta":{"site-sidebar-layout":"default","site-content-layout":"","ast-site-content-layout":"","site-content-style":"default","site-sidebar-style":"default","ast-global-header-display":"","ast-banner-title-visibility":"","ast-main-header-display":"","ast-hfb-above-header-display":"","ast-hfb-below-header-display":"","ast-hfb-mobile-header-display":"","site-post-title":"","ast-breadcrumbs-content":"","ast-featured-img":"","footer-sml-layout":"","theme-transparent-header-meta":"","adv-header-id-meta":"","stick-header-meta":"","header-above-stick-meta":"","header-main-stick-meta":"","header-below-stick-meta":"","astra-migrate-meta-layouts":"default","ast-page-background-enabled":"default","ast-page-background-meta":{"desktop":{"background-color":"var(--ast-global-color-4)","background-image":"","background-repeat":"repeat","background-position":"center center","background-size":"auto","background-attachment":"scroll","background-type":"","background-media":"","overlay-type":"","overlay-color":"","overlay-gradient":""},"tablet":{"background-color":"","background-image":"","background-repeat":"repeat","background-position":"center center","background-size":"auto","background-attachment":"scroll","background-type":"","background-media":"","overlay-type":"","overlay-color":"","overlay-gradient":""},"mobile":{"background-color":"","background-image":"","background-repeat":"repeat","background-position":"center center","background-size":"auto","background-attachment":"scroll","background-type":"","background-media":"","overlay-type":"","overlay-color":"","overlay-gradient":""}},"ast-content-background-meta":{"desktop":{"background-color":"var(--ast-global-color-5)","background-image":"","background-repeat":"repeat","background-position":"center center","background-size":"auto","background-attachment":"scroll","background-type":"","background-media":"","overlay-type":"","overlay-color":"","overlay-gradient":""},"tablet":{"background-color":"var(--ast-global-color-5)","background-image":"","background-repeat":"repeat","background-position":"center center","background-size":"auto","background-attachment":"scroll","background-type":"","background-media":"","overlay-type":"","overlay-color":"","overlay-gradient":""},"mobile":{"background-color":"var(--ast-global-color-5)","background-image":"","background-repeat":"repeat","background-position":"center center","background-size":"auto","background-attachment":"scroll","background-type":"","background-media":"","overlay-type":"","overlay-color":"","overlay-gradient":""}},"footnotes":""},"categories":[37674,119],"tags":[123018,123019,28388,123020,642,28385],"class_list":["post-55682","post","type-post","status-publish","format-standard","hentry","category-burgos","category-historia-medieval","tag-david-nicholas-scott-peterson","tag-eduardo-manzano-moreno","tag-garcia-gonzalez-juan-jose","tag-henrique-knirr-borras","tag-jose-angel-garcia-de-cortazar-ruiz-de-aguirre","tag-pastor-diaz-de-garayo-ernesto"],"_links":{"self":[{"href":"https:\/\/www.deberes.net\/tesis\/wp-json\/wp\/v2\/posts\/55682","targetHints":{"allow":["GET"]}}],"collection":[{"href":"https:\/\/www.deberes.net\/tesis\/wp-json\/wp\/v2\/posts"}],"about":[{"href":"https:\/\/www.deberes.net\/tesis\/wp-json\/wp\/v2\/types\/post"}],"author":[{"embeddable":true,"href":"https:\/\/www.deberes.net\/tesis\/wp-json\/wp\/v2\/users\/1"}],"replies":[{"embeddable":true,"href":"https:\/\/www.deberes.net\/tesis\/wp-json\/wp\/v2\/comments?post=55682"}],"version-history":[{"count":0,"href":"https:\/\/www.deberes.net\/tesis\/wp-json\/wp\/v2\/posts\/55682\/revisions"}],"wp:attachment":[{"href":"https:\/\/www.deberes.net\/tesis\/wp-json\/wp\/v2\/media?parent=55682"}],"wp:term":[{"taxonomy":"category","embeddable":true,"href":"https:\/\/www.deberes.net\/tesis\/wp-json\/wp\/v2\/categories?post=55682"},{"taxonomy":"post_tag","embeddable":true,"href":"https:\/\/www.deberes.net\/tesis\/wp-json\/wp\/v2\/tags?post=55682"}],"curies":[{"name":"wp","href":"https:\/\/api.w.org\/{rel}","templated":true}]}}