{"id":55699,"date":"2018-03-09T22:43:23","date_gmt":"2018-03-09T22:43:23","guid":{"rendered":"https:\/\/www.deberes.net\/tesis\/sin-categoria\/eduardo-westerdahl-y-la-expresion-de-una-epoca-1926-1932\/"},"modified":"2018-03-09T22:43:23","modified_gmt":"2018-03-09T22:43:23","slug":"eduardo-westerdahl-y-la-expresion-de-una-epoca-1926-1932","status":"publish","type":"post","link":"https:\/\/www.deberes.net\/tesis\/ciencias-de-las-artes-y-las-letras\/eduardo-westerdahl-y-la-expresion-de-una-epoca-1926-1932\/","title":{"rendered":"Eduardo westerdahl y la expresi\u00f3n de una epoca, 1926-1932"},"content":{"rendered":"<h2>Tesis doctoral de <strong> Patricia Toubes Gonz\u00e1lez <\/strong><\/h2>\n<p>An\u00e1lisis de la producci\u00f3n ensay\u00edstica y po\u00e9tica de eduardo wsterdahl en el periodo de 1926 a 1936, y proyecci\u00f3n de esos elementos te\u00f3ricos a las diversas fundaciones de la vanguardia en canarias (en especial la revista gaceta de arte) y sus repercusiones en el desarrollo de la vanguardia insular en lo que toca a la arquitectura, la literatura, las artes y el paisaje.<\/p>\n<p>&nbsp;<\/p>\n<h3>Datos acad\u00e9micos de la tesis doctoral \u00ab<strong>Eduardo westerdahl y la expresi\u00f3n de una epoca, 1926-1932<\/strong>\u00ab<\/h3>\n<ul>\n<li><strong>T\u00edtulo de la tesis:<\/strong>\u00a0 Eduardo westerdahl y la expresi\u00f3n de una epoca, 1926-1932 <\/li>\n<li><strong>Autor:<\/strong>\u00a0 Patricia Toubes Gonz\u00e1lez <\/li>\n<li><strong>Universidad:<\/strong>\u00a0 La laguna<\/li>\n<li><strong>Fecha de lectura de la tesis:<\/strong>\u00a0 26\/11\/2006<\/li>\n<\/ul>\n<p>&nbsp;<\/p>\n<h3>Direcci\u00f3n y tribunal<\/h3>\n<ul>\n<li><strong>Director de la tesis<\/strong>\n<ul>\n<li> P\u00e9rez Corrales Jos\u00e9 Miguel<\/li>\n<\/ul>\n<\/li>\n<li><strong>Tribunal<\/strong>\n<ul>\n<li>Presidente del tribunal: perfecto esteban Cuadrado fernandez <\/li>\n<li>Juli\u00e1n Bravo vega (vocal)<\/li>\n<li> Palenzuela borges nilo Francisco (vocal)<\/li>\n<li> Palmero samerin Manuel Luis (vocal)<\/li>\n<\/ul>\n<\/li>\n<\/ul>\n<p>&nbsp;<\/p>\n","protected":false},"excerpt":{"rendered":"<p>Tesis doctoral de Patricia Toubes Gonz\u00e1lez An\u00e1lisis de la producci\u00f3n ensay\u00edstica y po\u00e9tica de eduardo wsterdahl en el periodo de [&hellip;]<\/p>\n","protected":false},"author":1,"featured_media":0,"comment_status":"open","ping_status":"open","sticky":false,"template":"","format":"standard","meta":{"site-sidebar-layout":"default","site-content-layout":"","ast-site-content-layout":"","site-content-style":"default","site-sidebar-style":"default","ast-global-header-display":"","ast-banner-title-visibility":"","ast-main-header-display":"","ast-hfb-above-header-display":"","ast-hfb-below-header-display":"","ast-hfb-mobile-header-display":"","site-post-title":"","ast-breadcrumbs-content":"","ast-featured-img":"","footer-sml-layout":"","theme-transparent-header-meta":"","adv-header-id-meta":"","stick-header-meta":"","header-above-stick-meta":"","header-main-stick-meta":"","header-below-stick-meta":"","astra-migrate-meta-layouts":"default","ast-page-background-enabled":"default","ast-page-background-meta":{"desktop":{"background-color":"var(--ast-global-color-4)","background-image":"","background-repeat":"repeat","background-position":"center center","background-size":"auto","background-attachment":"scroll","background-type":"","background-media":"","overlay-type":"","overlay-color":"","overlay-gradient":""},"tablet":{"background-color":"","background-image":"","background-repeat":"repeat","background-position":"center center","background-size":"auto","background-attachment":"scroll","background-type":"","background-media":"","overlay-type":"","overlay-color":"","overlay-gradient":""},"mobile":{"background-color":"","background-image":"","background-repeat":"repeat","background-position":"center center","background-size":"auto","background-attachment":"scroll","background-type":"","background-media":"","overlay-type":"","overlay-color":"","overlay-gradient":""}},"ast-content-background-meta":{"desktop":{"background-color":"var(--ast-global-color-5)","background-image":"","background-repeat":"repeat","background-position":"center center","background-size":"auto","background-attachment":"scroll","background-type":"","background-media":"","overlay-type":"","overlay-color":"","overlay-gradient":""},"tablet":{"background-color":"var(--ast-global-color-5)","background-image":"","background-repeat":"repeat","background-position":"center center","background-size":"auto","background-attachment":"scroll","background-type":"","background-media":"","overlay-type":"","overlay-color":"","overlay-gradient":""},"mobile":{"background-color":"var(--ast-global-color-5)","background-image":"","background-repeat":"repeat","background-position":"center center","background-size":"auto","background-attachment":"scroll","background-type":"","background-media":"","overlay-type":"","overlay-color":"","overlay-gradient":""}},"footnotes":""},"categories":[147,9915,628],"tags":[106192,123059,123060,123057,123058,54366],"class_list":["post-55699","post","type-post","status-publish","format-standard","hentry","category-ciencias-de-las-artes-y-las-letras","category-la-laguna","category-teoria-analisis-y-critica-literarios","tag-julian-bravo-vega","tag-palenzuela-borges-nilo-francisco","tag-palmero-samerin-manuel-luis","tag-patricia-toubes-gonzalez","tag-perez-corrales-jose-miguel","tag-perfecto-esteban-cuadrado-fernandez"],"_links":{"self":[{"href":"https:\/\/www.deberes.net\/tesis\/wp-json\/wp\/v2\/posts\/55699","targetHints":{"allow":["GET"]}}],"collection":[{"href":"https:\/\/www.deberes.net\/tesis\/wp-json\/wp\/v2\/posts"}],"about":[{"href":"https:\/\/www.deberes.net\/tesis\/wp-json\/wp\/v2\/types\/post"}],"author":[{"embeddable":true,"href":"https:\/\/www.deberes.net\/tesis\/wp-json\/wp\/v2\/users\/1"}],"replies":[{"embeddable":true,"href":"https:\/\/www.deberes.net\/tesis\/wp-json\/wp\/v2\/comments?post=55699"}],"version-history":[{"count":0,"href":"https:\/\/www.deberes.net\/tesis\/wp-json\/wp\/v2\/posts\/55699\/revisions"}],"wp:attachment":[{"href":"https:\/\/www.deberes.net\/tesis\/wp-json\/wp\/v2\/media?parent=55699"}],"wp:term":[{"taxonomy":"category","embeddable":true,"href":"https:\/\/www.deberes.net\/tesis\/wp-json\/wp\/v2\/categories?post=55699"},{"taxonomy":"post_tag","embeddable":true,"href":"https:\/\/www.deberes.net\/tesis\/wp-json\/wp\/v2\/tags?post=55699"}],"curies":[{"name":"wp","href":"https:\/\/api.w.org\/{rel}","templated":true}]}}