{"id":55711,"date":"2018-03-09T22:43:26","date_gmt":"2018-03-09T22:43:26","guid":{"rendered":"https:\/\/www.deberes.net\/tesis\/sin-categoria\/pobreza-urbana-y-exclusion-espacial-en-el-area-metropolitana-de-bilbao-1990-2000\/"},"modified":"2018-03-09T22:43:26","modified_gmt":"2018-03-09T22:43:26","slug":"pobreza-urbana-y-exclusion-espacial-en-el-area-metropolitana-de-bilbao-1990-2000","status":"publish","type":"post","link":"https:\/\/www.deberes.net\/tesis\/sociologia-urbana\/pobreza-urbana-y-exclusion-espacial-en-el-area-metropolitana-de-bilbao-1990-2000\/","title":{"rendered":"Pobreza urbana y exclusi\u00f3n espacial en el \u00e1rea metropolitana de bilbao, 1990-2000"},"content":{"rendered":"<h2>Tesis doctoral de <strong>  Mart\u00ednez Monje Pedro Manuel <\/strong><\/h2>\n<p>Este estudio trata de las causas y de las consecuencias que originan la pobreza y la exclusi\u00f3n social, y m\u00e1s exactamente, de los factores que explican la exclusi\u00f3n espacial en las \u00e1reas urbanas de los pa\u00edses capitalistas avanzados, tomando como caso para su an\u00e1lisis el area metropolitana de bilbao.     la l\u00ednea fundamental de argumentaci\u00f3n se basa en el hecho de que la desigualdad social existente en la comunidad aut\u00f3noma del pa\u00eds vasco ha aumentado en los a\u00f1os noventa, a pesar de una coyuntura favorable en la que la renta media tambi\u00e9n ha aumentado, de manera que se est\u00e1 produciendo un proceso de polarizaci\u00f3n social. Este proceso, a su vez, est\u00e1 dando lugar en le \u00e1rea metropolitana de bilbao, a la concentraci\u00f3n de las situaciones de pobreza y exclusi\u00f3n social.     desde un punto de vista espacial, tal polarizaci\u00f3n social se ha reflejado en una diferencia sustancial en cuanto a la concentraci\u00f3n de la pobreza entre las m\u00e1rgenes de la r\u00eda del nervi\u00f3n, margen derecha y margen izquierda. As\u00ed mismo, el r\u00e9gimen de bienestar y las pol\u00edticas p\u00fablicas desarrolladas en esta etapa post-welfarism y las nuevas formas de governance en las ciudades, est\u00e1n dando lugar a que se desarrollen procesos de exclusi\u00f3n espacial en los barrios con mayores problemas de privaci\u00f3n, lo cual se refleja fundamentalmente, en el aislamiento institucional, como muestra el an\u00e1lisis de caso de bilbao la vieja.     el estudio se estructura en una primera parte con la clarificaci\u00f3n y definici\u00f3n del concepto de exclusi\u00f3n social as\u00ed como del concepto de exclusi\u00f3n espacial, argumentando la especificidad de este concepto frente al de exclusi\u00f3n social. Para poner a prueba la hip\u00f3tesis de la exclusi\u00f3n espacial se establece un modelo de an\u00e1lisis basado en los paradigmas de la exclusi\u00f3n social de hilary silver, la tesis de la polarizaci\u00f3n social y los tipos de reg\u00edmenes de bienestar.<\/p>\n<p>&nbsp;<\/p>\n<h3>Datos acad\u00e9micos de la tesis doctoral \u00ab<strong>Pobreza urbana y exclusi\u00f3n espacial en el \u00e1rea metropolitana de bilbao, 1990-2000<\/strong>\u00ab<\/h3>\n<ul>\n<li><strong>T\u00edtulo de la tesis:<\/strong>\u00a0 Pobreza urbana y exclusi\u00f3n espacial en el \u00e1rea metropolitana de bilbao, 1990-2000 <\/li>\n<li><strong>Autor:<\/strong>\u00a0  Mart\u00ednez Monje Pedro Manuel <\/li>\n<li><strong>Universidad:<\/strong>\u00a0 Pa\u00eds vasco\/euskal herriko unibertsitatea<\/li>\n<li><strong>Fecha de lectura de la tesis:<\/strong>\u00a0 27\/11\/2006<\/li>\n<\/ul>\n<p>&nbsp;<\/p>\n<h3>Direcci\u00f3n y tribunal<\/h3>\n<ul>\n<li><strong>Director de la tesis<\/strong>\n<ul>\n<li>aranguren Qui\u00f1ones L\u00f3pez<\/li>\n<\/ul>\n<\/li>\n<li><strong>Tribunal<\/strong>\n<ul>\n<li>Presidente del tribunal: victor Urrutia abaigar <\/li>\n<li>joan Subirats humet (vocal)<\/li>\n<li>Jes\u00fas Arpal poblador (vocal)<\/li>\n<li>constanza Tobio soler (vocal)<\/li>\n<\/ul>\n<\/li>\n<\/ul>\n<p>&nbsp;<\/p>\n","protected":false},"excerpt":{"rendered":"<p>Tesis doctoral de Mart\u00ednez Monje Pedro Manuel Este estudio trata de las causas y de las consecuencias que originan la [&hellip;]<\/p>\n","protected":false},"author":1,"featured_media":0,"comment_status":"open","ping_status":"open","sticky":false,"template":"","format":"standard","meta":{"site-sidebar-layout":"default","site-content-layout":"","ast-site-content-layout":"","site-content-style":"default","site-sidebar-style":"default","ast-global-header-display":"","ast-banner-title-visibility":"","ast-main-header-display":"","ast-hfb-above-header-display":"","ast-hfb-below-header-display":"","ast-hfb-mobile-header-display":"","site-post-title":"","ast-breadcrumbs-content":"","ast-featured-img":"","footer-sml-layout":"","theme-transparent-header-meta":"","adv-header-id-meta":"","stick-header-meta":"","header-above-stick-meta":"","header-main-stick-meta":"","header-below-stick-meta":"","astra-migrate-meta-layouts":"default","ast-page-background-enabled":"default","ast-page-background-meta":{"desktop":{"background-color":"var(--ast-global-color-4)","background-image":"","background-repeat":"repeat","background-position":"center center","background-size":"auto","background-attachment":"scroll","background-type":"","background-media":"","overlay-type":"","overlay-color":"","overlay-gradient":""},"tablet":{"background-color":"","background-image":"","background-repeat":"repeat","background-position":"center center","background-size":"auto","background-attachment":"scroll","background-type":"","background-media":"","overlay-type":"","overlay-color":"","overlay-gradient":""},"mobile":{"background-color":"","background-image":"","background-repeat":"repeat","background-position":"center center","background-size":"auto","background-attachment":"scroll","background-type":"","background-media":"","overlay-type":"","overlay-color":"","overlay-gradient":""}},"ast-content-background-meta":{"desktop":{"background-color":"var(--ast-global-color-5)","background-image":"","background-repeat":"repeat","background-position":"center center","background-size":"auto","background-attachment":"scroll","background-type":"","background-media":"","overlay-type":"","overlay-color":"","overlay-gradient":""},"tablet":{"background-color":"var(--ast-global-color-5)","background-image":"","background-repeat":"repeat","background-position":"center center","background-size":"auto","background-attachment":"scroll","background-type":"","background-media":"","overlay-type":"","overlay-color":"","overlay-gradient":""},"mobile":{"background-color":"var(--ast-global-color-5)","background-image":"","background-repeat":"repeat","background-position":"center center","background-size":"auto","background-attachment":"scroll","background-type":"","background-media":"","overlay-type":"","overlay-color":"","overlay-gradient":""}},"footnotes":""},"categories":[55023,22018,12909,23864,5468],"tags":[42917,5472,22856,4177,123085,5471],"class_list":["post-55711","post","type-post","status-publish","format-standard","hentry","category-barrios-degradados","category-bienestar-social","category-pais-vasco-euskal-herriko-unibertsitatea","category-pobreza","category-sociologia-urbana","tag-aranguren-quinones-lopez","tag-constanza-tobio-soler","tag-jesus-arpal-poblador","tag-joan-subirats-humet","tag-Martinez-monje-pedro-manuel","tag-victor-urrutia-abaigar"],"_links":{"self":[{"href":"https:\/\/www.deberes.net\/tesis\/wp-json\/wp\/v2\/posts\/55711","targetHints":{"allow":["GET"]}}],"collection":[{"href":"https:\/\/www.deberes.net\/tesis\/wp-json\/wp\/v2\/posts"}],"about":[{"href":"https:\/\/www.deberes.net\/tesis\/wp-json\/wp\/v2\/types\/post"}],"author":[{"embeddable":true,"href":"https:\/\/www.deberes.net\/tesis\/wp-json\/wp\/v2\/users\/1"}],"replies":[{"embeddable":true,"href":"https:\/\/www.deberes.net\/tesis\/wp-json\/wp\/v2\/comments?post=55711"}],"version-history":[{"count":0,"href":"https:\/\/www.deberes.net\/tesis\/wp-json\/wp\/v2\/posts\/55711\/revisions"}],"wp:attachment":[{"href":"https:\/\/www.deberes.net\/tesis\/wp-json\/wp\/v2\/media?parent=55711"}],"wp:term":[{"taxonomy":"category","embeddable":true,"href":"https:\/\/www.deberes.net\/tesis\/wp-json\/wp\/v2\/categories?post=55711"},{"taxonomy":"post_tag","embeddable":true,"href":"https:\/\/www.deberes.net\/tesis\/wp-json\/wp\/v2\/tags?post=55711"}],"curies":[{"name":"wp","href":"https:\/\/api.w.org\/{rel}","templated":true}]}}