{"id":5576,"date":"1995-01-01T00:00:00","date_gmt":"1995-01-01T00:00:00","guid":{"rendered":"https:\/\/www.deberes.net\/tesis\/1995\/01\/01\/estudio-de-las-adquisiciones-fonologicas-analisis-acustico-de-la-evolucion-del-fonema-r\/"},"modified":"1995-01-01T00:00:00","modified_gmt":"1995-01-01T00:00:00","slug":"estudio-de-las-adquisiciones-fonologicas-analisis-acustico-de-la-evolucion-del-fonema-r","status":"publish","type":"post","link":"https:\/\/www.deberes.net\/tesis\/linguistica\/estudio-de-las-adquisiciones-fonologicas-analisis-acustico-de-la-evolucion-del-fonema-r\/","title":{"rendered":"Estudio de las adquisiciones fonologicas: analisis acustico de la evolucion del fonema \/r\/."},"content":{"rendered":"<h2>Tesis doctoral de <strong> Gloria Carballo Garc\u00eda <\/strong><\/h2>\n<p>En la primera parte de esta memoria se han llevado a cabo dos estudios sobre la adquisicion y desarrollo fonologico de una muestra de habla constituida por 416 ni\u00f1os granadinos con edades entre 2.6 y 6.6 a\u00f1os (52 ni\u00f1os en cada grupo de ocho niveles de edad, separados entre si por periodos de seis meses). Primeramente se ha considerado la identificacion de los procesos fonologicos de simplificacion del habla de stampe-ingram y comprobado su caracter universalista en el sentido de ohala.  despues, se ha estudiado la produccion de los dieciocho fonemas simples, doce grupos consonanticos y cinco diptongos de nuestro idioma con respecto al orden de adquisicion, tipos de error, edad de adquisicion de sonidos, variables edad y sexo y fonemas que reemplazan al sonido erroneamente pronunciado. Tales variables se comparan con los datos de adquisicion de otros trabajos de habla espa\u00f1ola e inglesa, siempre que ha sido posible, finalmente, en la segunda parte se ha realizado un analisis acustico-perceptivo de un fonema especifico (el fonema vibrante multiple) en un conjunto mas reducido de 45 ni\u00f1os incluidos en cinco grupos diferentes segun su pronunciacion del fonema \/r\/, estudiando el comportamiento de once variables acusticas de caracter espectral y temporal: frecuencia y amplitud de los tres primeros formantes, razon c-v, numero de periodos de apertura y oclusion, duracion total de la consonante, y duracion del primer periodo de apertura.<\/p>\n<p>&nbsp;<\/p>\n<h3>Datos acad\u00e9micos de la tesis doctoral \u00ab<strong>Estudio de las adquisiciones fonologicas: analisis acustico de la evolucion del fonema \/r\/.<\/strong>\u00ab<\/h3>\n<ul>\n<li><strong>T\u00edtulo de la tesis:<\/strong>\u00a0 Estudio de las adquisiciones fonologicas: analisis acustico de la evolucion del fonema \/r\/. <\/li>\n<li><strong>Autor:<\/strong>\u00a0 Gloria Carballo Garc\u00eda <\/li>\n<li><strong>Universidad:<\/strong>\u00a0 Granada<\/li>\n<li><strong>Fecha de lectura de la tesis:<\/strong>\u00a0 01\/01\/1995<\/li>\n<\/ul>\n<p>&nbsp;<\/p>\n<h3>Direcci\u00f3n y tribunal<\/h3>\n<ul>\n<li><strong>Director de la tesis<\/strong>\n<ul>\n<li>Elvira Mendoza Lara<\/li>\n<\/ul>\n<\/li>\n<li><strong>Tribunal<\/strong>\n<ul>\n<li>Presidente del tribunal: Jaime Vila Castellar <\/li>\n<li>Victoria Marrero Aguilar (vocal)<\/li>\n<li>\u00e1ngel Aguilar Alonso (vocal)<\/li>\n<li>Silvia Defior Citoler (vocal)<\/li>\n<\/ul>\n<\/li>\n<\/ul>\n<p>&nbsp;<\/p>\n","protected":false},"excerpt":{"rendered":"<p>Tesis doctoral de Gloria Carballo Garc\u00eda En la primera parte de esta memoria se han llevado a cabo dos estudios [&hellip;]<\/p>\n","protected":false},"author":1,"featured_media":0,"comment_status":"open","ping_status":"open","sticky":false,"template":"","format":"standard","meta":{"site-sidebar-layout":"default","site-content-layout":"","ast-site-content-layout":"","site-content-style":"default","site-sidebar-style":"default","ast-global-header-display":"","ast-banner-title-visibility":"","ast-main-header-display":"","ast-hfb-above-header-display":"","ast-hfb-below-header-display":"","ast-hfb-mobile-header-display":"","site-post-title":"","ast-breadcrumbs-content":"","ast-featured-img":"","footer-sml-layout":"","theme-transparent-header-meta":"","adv-header-id-meta":"","stick-header-meta":"","header-above-stick-meta":"","header-main-stick-meta":"","header-below-stick-meta":"","astra-migrate-meta-layouts":"default","ast-page-background-enabled":"default","ast-page-background-meta":{"desktop":{"background-color":"var(--ast-global-color-4)","background-image":"","background-repeat":"repeat","background-position":"center center","background-size":"auto","background-attachment":"scroll","background-type":"","background-media":"","overlay-type":"","overlay-color":"","overlay-gradient":""},"tablet":{"background-color":"","background-image":"","background-repeat":"repeat","background-position":"center center","background-size":"auto","background-attachment":"scroll","background-type":"","background-media":"","overlay-type":"","overlay-color":"","overlay-gradient":""},"mobile":{"background-color":"","background-image":"","background-repeat":"repeat","background-position":"center center","background-size":"auto","background-attachment":"scroll","background-type":"","background-media":"","overlay-type":"","overlay-color":"","overlay-gradient":""}},"ast-content-background-meta":{"desktop":{"background-color":"var(--ast-global-color-5)","background-image":"","background-repeat":"repeat","background-position":"center center","background-size":"auto","background-attachment":"scroll","background-type":"","background-media":"","overlay-type":"","overlay-color":"","overlay-gradient":""},"tablet":{"background-color":"var(--ast-global-color-5)","background-image":"","background-repeat":"repeat","background-position":"center center","background-size":"auto","background-attachment":"scroll","background-type":"","background-media":"","overlay-type":"","overlay-color":"","overlay-gradient":""},"mobile":{"background-color":"var(--ast-global-color-5)","background-image":"","background-repeat":"repeat","background-position":"center center","background-size":"auto","background-attachment":"scroll","background-type":"","background-media":"","overlay-type":"","overlay-color":"","overlay-gradient":""}},"footnotes":""},"categories":[59,60,14221,21799,324,970],"tags":[8753,21801,21800,4169,4269,21802],"class_list":["post-5576","post","type-post","status-publish","format-standard","hentry","category-linguistica","category-linguistica-aplicada","category-patologia-del-lenguaje","category-patologia-y-correccion-del-lenguaje","category-psicologia","category-psicologia-del-nino-y-del-adolescente","tag-angel-aguilar-alonso","tag-elvira-mendoza-lara","tag-gloria-carballo-garcia","tag-jaime-vila-castellar","tag-silvia-defior-citoler","tag-victoria-marrero-aguilar"],"_links":{"self":[{"href":"https:\/\/www.deberes.net\/tesis\/wp-json\/wp\/v2\/posts\/5576","targetHints":{"allow":["GET"]}}],"collection":[{"href":"https:\/\/www.deberes.net\/tesis\/wp-json\/wp\/v2\/posts"}],"about":[{"href":"https:\/\/www.deberes.net\/tesis\/wp-json\/wp\/v2\/types\/post"}],"author":[{"embeddable":true,"href":"https:\/\/www.deberes.net\/tesis\/wp-json\/wp\/v2\/users\/1"}],"replies":[{"embeddable":true,"href":"https:\/\/www.deberes.net\/tesis\/wp-json\/wp\/v2\/comments?post=5576"}],"version-history":[{"count":0,"href":"https:\/\/www.deberes.net\/tesis\/wp-json\/wp\/v2\/posts\/5576\/revisions"}],"wp:attachment":[{"href":"https:\/\/www.deberes.net\/tesis\/wp-json\/wp\/v2\/media?parent=5576"}],"wp:term":[{"taxonomy":"category","embeddable":true,"href":"https:\/\/www.deberes.net\/tesis\/wp-json\/wp\/v2\/categories?post=5576"},{"taxonomy":"post_tag","embeddable":true,"href":"https:\/\/www.deberes.net\/tesis\/wp-json\/wp\/v2\/tags?post=5576"}],"curies":[{"name":"wp","href":"https:\/\/api.w.org\/{rel}","templated":true}]}}