{"id":55907,"date":"2006-05-12T00:00:00","date_gmt":"2006-05-12T00:00:00","guid":{"rendered":"https:\/\/www.deberes.net\/tesis\/sin-categoria\/educacion-para-una-ciudadana%c2%ada-democratica-e-intercultural-en-colombia\/"},"modified":"2006-05-12T00:00:00","modified_gmt":"2006-05-12T00:00:00","slug":"educacion-para-una-ciudadana%c2%ada-democratica-e-intercultural-en-colombia","status":"publish","type":"post","link":"https:\/\/www.deberes.net\/tesis\/barcelona\/educacion-para-una-ciudadana%c2%ada-democratica-e-intercultural-en-colombia\/","title":{"rendered":"Educaci\u00f3n para una ciudadan\u00edademocr\u00e1tica e intercultural en colombia"},"content":{"rendered":"<h2>Tesis doctoral de <strong>  S\u00e1nchez Fontalvo Iv\u00e1n Manuel <\/strong><\/h2>\n<p>El problema que aborda la tesis, es la formaci\u00f3n del profesorado de b\u00e1sica secundaria y media acad\u00e9mica de dos instituciones educativas del \u00e1rea metropolitana del distrito de santa marta en colombia, ubicadas en contextos diversos culturalmente pero con claros signos de marginalidad socioecon\u00f3mica. Para que desarrollen una educaci\u00f3n que contribuya a la construcci\u00f3n de la ciudadan\u00eda democr\u00e1tica e intercultural. Desarrollar esta formaic\u00f3n del profesorado, requiri\u00f3 previamente la detecci\u00f3n y an\u00e1lisis de sus necesidades formativas en relaci\u00f3n a la dimensiones que subyacen al tema que nos ocupa, y de esta forma elaboramos un programa de formaic\u00f3n lo m\u00e1s ajustado posible a sus intereses y expectativas, el cual aplicamos, evaluamos y mejoramos.     planteamos los siguientes objetivos:     1,- analizar las necesidades formativas del profesorado de b\u00e1sica secundaria y media acad\u00e9mica que elabora en instituciones educativas ubicadas en contextos multiculturales y con problemas de desigualdad e injusticia social, en relaci\u00f3n a las dimensiones que subyacen ala ciudadan\u00eda democr\u00e1tica e intercultural.     2,- elaborar un programa de formaic\u00f3n del profesorado de b\u00e1sica secundaria y media acad\u00e9mica que permita contribuir desde las instituciones educativas en la construcci\u00f3n de una ciudadan\u00eda democr\u00e1tica e intercultural en colombia, partiendo de las necesidades formativas detectadas.     3,- realizar una investigaci\u00f3n evaluativa participativa del programa de formaci\u00f3n del profesorado de b\u00e1sica secundaria y media acad\u00e9mica en educaci\u00f3n para una ciudadan\u00eda democr\u00e1tica e intercultural en colombia.     para desarrollar los objetivos realizamos un diagn\u00f3stico de necesidades formativas y una investigaci\u00f3n evaluativa de car\u00e1cter participativo de un programa de formaci\u00f3n permanente del profesorado. Desde la anterior perspectiva, nuestro dise\u00f1o metodol\u00f3gico esta compuesto pro las siguientes fases:     * fase 1: estudio diagn\u00f3stico.     *<\/p>\n<p>&nbsp;<\/p>\n<h3>Datos acad\u00e9micos de la tesis doctoral \u00ab<strong>Educaci\u00f3n para una ciudadan\u00edademocr\u00e1tica e intercultural en colombia<\/strong>\u00ab<\/h3>\n<ul>\n<li><strong>T\u00edtulo de la tesis:<\/strong>\u00a0 Educaci\u00f3n para una ciudadan\u00edademocr\u00e1tica e intercultural en colombia <\/li>\n<li><strong>Autor:<\/strong>\u00a0  S\u00e1nchez Fontalvo Iv\u00e1n Manuel <\/li>\n<li><strong>Universidad:<\/strong>\u00a0 Barcelona<\/li>\n<li><strong>Fecha de lectura de la tesis:<\/strong>\u00a0 05\/12\/2006<\/li>\n<\/ul>\n<p>&nbsp;<\/p>\n<h3>Direcci\u00f3n y tribunal<\/h3>\n<ul>\n<li><strong>Director de la tesis<\/strong>\n<ul>\n<li>Margarita Bartolom\u00e9 Pina<\/li>\n<\/ul>\n<\/li>\n<li><strong>Tribunal<\/strong>\n<ul>\n<li>Presidente del tribunal: Mar\u00eda \u00e1ngeles Mar\u00edn Gracia <\/li>\n<li> Palaudarias Mart\u00ed Jospe Miguel (vocal)<\/li>\n<li>Encarnaci\u00f3n Soriano Ayayla (vocal)<\/li>\n<li>Paloma Gonz\u00e1lez Aguado (vocal)<\/li>\n<\/ul>\n<\/li>\n<\/ul>\n<p>&nbsp;<\/p>\n","protected":false},"excerpt":{"rendered":"<p>Tesis doctoral de S\u00e1nchez Fontalvo Iv\u00e1n Manuel El problema que aborda la tesis, es la formaci\u00f3n del profesorado de b\u00e1sica [&hellip;]<\/p>\n","protected":false},"author":1,"featured_media":0,"comment_status":"open","ping_status":"open","sticky":false,"template":"","format":"standard","meta":{"site-sidebar-layout":"default","site-content-layout":"","ast-site-content-layout":"","site-content-style":"default","site-sidebar-style":"default","ast-global-header-display":"","ast-banner-title-visibility":"","ast-main-header-display":"","ast-hfb-above-header-display":"","ast-hfb-below-header-display":"","ast-hfb-mobile-header-display":"","site-post-title":"","ast-breadcrumbs-content":"","ast-featured-img":"","footer-sml-layout":"","theme-transparent-header-meta":"","adv-header-id-meta":"","stick-header-meta":"","header-above-stick-meta":"","header-main-stick-meta":"","header-below-stick-meta":"","astra-migrate-meta-layouts":"default","ast-page-background-enabled":"default","ast-page-background-meta":{"desktop":{"background-color":"var(--ast-global-color-4)","background-image":"","background-repeat":"repeat","background-position":"center center","background-size":"auto","background-attachment":"scroll","background-type":"","background-media":"","overlay-type":"","overlay-color":"","overlay-gradient":""},"tablet":{"background-color":"","background-image":"","background-repeat":"repeat","background-position":"center center","background-size":"auto","background-attachment":"scroll","background-type":"","background-media":"","overlay-type":"","overlay-color":"","overlay-gradient":""},"mobile":{"background-color":"","background-image":"","background-repeat":"repeat","background-position":"center center","background-size":"auto","background-attachment":"scroll","background-type":"","background-media":"","overlay-type":"","overlay-color":"","overlay-gradient":""}},"ast-content-background-meta":{"desktop":{"background-color":"var(--ast-global-color-5)","background-image":"","background-repeat":"repeat","background-position":"center center","background-size":"auto","background-attachment":"scroll","background-type":"","background-media":"","overlay-type":"","overlay-color":"","overlay-gradient":""},"tablet":{"background-color":"var(--ast-global-color-5)","background-image":"","background-repeat":"repeat","background-position":"center center","background-size":"auto","background-attachment":"scroll","background-type":"","background-media":"","overlay-type":"","overlay-color":"","overlay-gradient":""},"mobile":{"background-color":"var(--ast-global-color-5)","background-image":"","background-repeat":"repeat","background-position":"center center","background-size":"auto","background-attachment":"scroll","background-type":"","background-media":"","overlay-type":"","overlay-color":"","overlay-gradient":""}},"footnotes":""},"categories":[951,2233,1288,12931],"tags":[123512,13978,123510,123511,123513,123509],"class_list":["post-55907","post","type-post","status-publish","format-standard","hentry","category-barcelona","category-metodos-pedagogicos","category-preparacion-de-profesores","category-relaciones-culturales","tag-encarnacion-soriano-ayayla","tag-margarita-bartolome-pina","tag-maria-angeles-marin-gracia","tag-palaudarias-marti-jospe-miguel","tag-paloma-gonzalez-aguado","tag-sanchez-fontalvo-ivan-manuel"],"_links":{"self":[{"href":"https:\/\/www.deberes.net\/tesis\/wp-json\/wp\/v2\/posts\/55907","targetHints":{"allow":["GET"]}}],"collection":[{"href":"https:\/\/www.deberes.net\/tesis\/wp-json\/wp\/v2\/posts"}],"about":[{"href":"https:\/\/www.deberes.net\/tesis\/wp-json\/wp\/v2\/types\/post"}],"author":[{"embeddable":true,"href":"https:\/\/www.deberes.net\/tesis\/wp-json\/wp\/v2\/users\/1"}],"replies":[{"embeddable":true,"href":"https:\/\/www.deberes.net\/tesis\/wp-json\/wp\/v2\/comments?post=55907"}],"version-history":[{"count":0,"href":"https:\/\/www.deberes.net\/tesis\/wp-json\/wp\/v2\/posts\/55907\/revisions"}],"wp:attachment":[{"href":"https:\/\/www.deberes.net\/tesis\/wp-json\/wp\/v2\/media?parent=55907"}],"wp:term":[{"taxonomy":"category","embeddable":true,"href":"https:\/\/www.deberes.net\/tesis\/wp-json\/wp\/v2\/categories?post=55907"},{"taxonomy":"post_tag","embeddable":true,"href":"https:\/\/www.deberes.net\/tesis\/wp-json\/wp\/v2\/tags?post=55907"}],"curies":[{"name":"wp","href":"https:\/\/api.w.org\/{rel}","templated":true}]}}