{"id":55939,"date":"2006-11-12T00:00:00","date_gmt":"2006-11-12T00:00:00","guid":{"rendered":"https:\/\/www.deberes.net\/tesis\/sin-categoria\/economa%c2%ada-y-pola%c2%adtica-de-la-innovacion-empresarial-el-caso-de-la-red-vasca-de-parques-tecnologicos\/"},"modified":"2006-11-12T00:00:00","modified_gmt":"2006-11-12T00:00:00","slug":"economa%c2%ada-y-pola%c2%adtica-de-la-innovacion-empresarial-el-caso-de-la-red-vasca-de-parques-tecnologicos","status":"publish","type":"post","link":"https:\/\/www.deberes.net\/tesis\/innovacion-tecnologica\/economa%c2%ada-y-pola%c2%adtica-de-la-innovacion-empresarial-el-caso-de-la-red-vasca-de-parques-tecnologicos\/","title":{"rendered":"Econom\u00eday pol\u00edtica de la innovaci\u00f3n empresarial. el caso de la red vasca de parques tecnol\u00f3gicos"},"content":{"rendered":"<h2>Tesis doctoral de <strong> Ricardo Aguado Mu\u00f1oz <\/strong><\/h2>\n<p>Mediante la presente tesis doctoral pretendemos realizar un an\u00e1lisis de la pol\u00edtica de innovaci\u00f3n que se desarrolla en nuestro entorno. Utilizaremos el m\u00e9todo de comparar los postulados de la teor\u00eda econ\u00f3mica de la innovaci\u00f3n con la definici\u00f3n de las pol\u00edticas de innovaci\u00f3n efectuadas desde las diversas administraciones p\u00fablicas que nos afectan. Adicionalmente, estudiaremos la concreci\u00f3n de esta pol\u00edtica en un caso concreto: la red vasca de parques cient\u00edficos y tecnol\u00f3gicos.     la comparaci\u00f3n de las pol\u00edticas p\u00fablicas de innovaci\u00f3n con los planteamientos te\u00f3ricos nos permitir\u00e1 comprobar hasta qu\u00e9 punto los avances te\u00f3ricos encuentran un eco en la formulaci\u00f3n de las pol\u00edticas. El estudio en profundidad de la red vasca de parques tecnol\u00f3gicos nos proporcionar\u00e1 una serie de datos valiosos en varios apartados. En primer lugar, nos permitir\u00e1 comprender c\u00f3mo afrontan las empresas sus actividades de i+d+i, y qu\u00e9 variables son las que influyen con m\u00e1s significaci\u00f3n en el proceso de innovaci\u00f3n dentro de ellas. En segundo lugar, podremos analizar cu\u00e1l es el influjo real de la pol\u00edtica p\u00fablica de las distintas administraciones en el conjunto de las empresas de la red. Por \u00faltimo, el estudio nos facilitara el an\u00e1lisis cr\u00edtico del funcionamiento de la propia red, que ha sido una de las actuaciones p\u00fablicas \u00abestrella\u00bb en el \u00e1rea de la pol\u00edtica de innovaci\u00f3n y el eje f\u00edsico sobre el que pivotan gran parte de los actuales programas en este campo. Todo este an\u00e1lisis nos permitir\u00e1 comprobar el grado de adecuaci\u00f3n y las posibilidades de mejora de la pol\u00edtica de innovaci\u00f3n con respecto a las necesidades de las empresas vascas, especialmente las situadas en los parques de bizkaia, \u00e1lava, san sebasti\u00e1n.<\/p>\n<p>&nbsp;<\/p>\n<h3>Datos acad\u00e9micos de la tesis doctoral \u00ab<strong>Econom\u00eday pol\u00edtica de la innovaci\u00f3n empresarial. el caso de la red vasca de parques tecnol\u00f3gicos<\/strong>\u00ab<\/h3>\n<ul>\n<li><strong>T\u00edtulo de la tesis:<\/strong>\u00a0 Econom\u00eday pol\u00edtica de la innovaci\u00f3n empresarial. el caso de la red vasca de parques tecnol\u00f3gicos <\/li>\n<li><strong>Autor:<\/strong>\u00a0 Ricardo Aguado Mu\u00f1oz <\/li>\n<li><strong>Universidad:<\/strong>\u00a0 Pa\u00eds vasco\/euskal herriko unibertsitatea<\/li>\n<li><strong>Fecha de lectura de la tesis:<\/strong>\u00a0 11\/12\/2006<\/li>\n<\/ul>\n<p>&nbsp;<\/p>\n<h3>Direcci\u00f3n y tribunal<\/h3>\n<ul>\n<li><strong>Director de la tesis<\/strong>\n<ul>\n<li>Roberto Velasco Barroetabe\u00f1a<\/li>\n<\/ul>\n<\/li>\n<li><strong>Tribunal<\/strong>\n<ul>\n<li>Presidente del tribunal: milagros Garcia crespo <\/li>\n<li>Andr\u00e9s Garc\u00eda reche (vocal)<\/li>\n<li> Barrenechea gonz\u00e1lez Jos\u00e9 Manuel (vocal)<\/li>\n<li>baudelio Urue\u00f1a (vocal)<\/li>\n<\/ul>\n<\/li>\n<\/ul>\n<p>&nbsp;<\/p>\n","protected":false},"excerpt":{"rendered":"<p>Tesis doctoral de Ricardo Aguado Mu\u00f1oz Mediante la presente tesis doctoral pretendemos realizar un an\u00e1lisis de la pol\u00edtica de innovaci\u00f3n [&hellip;]<\/p>\n","protected":false},"author":1,"featured_media":0,"comment_status":"open","ping_status":"open","sticky":false,"template":"","format":"standard","meta":{"site-sidebar-layout":"default","site-content-layout":"","ast-site-content-layout":"","site-content-style":"default","site-sidebar-style":"default","ast-global-header-display":"","ast-banner-title-visibility":"","ast-main-header-display":"","ast-hfb-above-header-display":"","ast-hfb-below-header-display":"","ast-hfb-mobile-header-display":"","site-post-title":"","ast-breadcrumbs-content":"","ast-featured-img":"","footer-sml-layout":"","theme-transparent-header-meta":"","adv-header-id-meta":"","stick-header-meta":"","header-above-stick-meta":"","header-main-stick-meta":"","header-below-stick-meta":"","astra-migrate-meta-layouts":"default","ast-page-background-enabled":"default","ast-page-background-meta":{"desktop":{"background-color":"var(--ast-global-color-4)","background-image":"","background-repeat":"repeat","background-position":"center center","background-size":"auto","background-attachment":"scroll","background-type":"","background-media":"","overlay-type":"","overlay-color":"","overlay-gradient":""},"tablet":{"background-color":"","background-image":"","background-repeat":"repeat","background-position":"center center","background-size":"auto","background-attachment":"scroll","background-type":"","background-media":"","overlay-type":"","overlay-color":"","overlay-gradient":""},"mobile":{"background-color":"","background-image":"","background-repeat":"repeat","background-position":"center center","background-size":"auto","background-attachment":"scroll","background-type":"","background-media":"","overlay-type":"","overlay-color":"","overlay-gradient":""}},"ast-content-background-meta":{"desktop":{"background-color":"var(--ast-global-color-5)","background-image":"","background-repeat":"repeat","background-position":"center center","background-size":"auto","background-attachment":"scroll","background-type":"","background-media":"","overlay-type":"","overlay-color":"","overlay-gradient":""},"tablet":{"background-color":"var(--ast-global-color-5)","background-image":"","background-repeat":"repeat","background-position":"center center","background-size":"auto","background-attachment":"scroll","background-type":"","background-media":"","overlay-type":"","overlay-color":"","overlay-gradient":""},"mobile":{"background-color":"var(--ast-global-color-5)","background-image":"","background-repeat":"repeat","background-position":"center center","background-size":"auto","background-attachment":"scroll","background-type":"","background-media":"","overlay-type":"","overlay-color":"","overlay-gradient":""}},"footnotes":""},"categories":[991,12909,15032,20807,24201],"tags":[33058,123577,123578,12733,123576,54548],"class_list":["post-55939","post","type-post","status-publish","format-standard","hentry","category-innovacion-tecnologica","category-pais-vasco-euskal-herriko-unibertsitatea","category-politica-economica","category-sector-de-investigacion-y-desarrollo","category-transferencia-de-tecnologia","tag-andres-garcia-reche","tag-barrenechea-gonzalez-jose-manuel","tag-baudelio-uruena","tag-milagros-garcia-crespo","tag-ricardo-aguado-munoz","tag-roberto-velasco-barroetabena"],"_links":{"self":[{"href":"https:\/\/www.deberes.net\/tesis\/wp-json\/wp\/v2\/posts\/55939","targetHints":{"allow":["GET"]}}],"collection":[{"href":"https:\/\/www.deberes.net\/tesis\/wp-json\/wp\/v2\/posts"}],"about":[{"href":"https:\/\/www.deberes.net\/tesis\/wp-json\/wp\/v2\/types\/post"}],"author":[{"embeddable":true,"href":"https:\/\/www.deberes.net\/tesis\/wp-json\/wp\/v2\/users\/1"}],"replies":[{"embeddable":true,"href":"https:\/\/www.deberes.net\/tesis\/wp-json\/wp\/v2\/comments?post=55939"}],"version-history":[{"count":0,"href":"https:\/\/www.deberes.net\/tesis\/wp-json\/wp\/v2\/posts\/55939\/revisions"}],"wp:attachment":[{"href":"https:\/\/www.deberes.net\/tesis\/wp-json\/wp\/v2\/media?parent=55939"}],"wp:term":[{"taxonomy":"category","embeddable":true,"href":"https:\/\/www.deberes.net\/tesis\/wp-json\/wp\/v2\/categories?post=55939"},{"taxonomy":"post_tag","embeddable":true,"href":"https:\/\/www.deberes.net\/tesis\/wp-json\/wp\/v2\/tags?post=55939"}],"curies":[{"name":"wp","href":"https:\/\/api.w.org\/{rel}","templated":true}]}}