{"id":55962,"date":"2006-12-12T00:00:00","date_gmt":"2006-12-12T00:00:00","guid":{"rendered":"https:\/\/www.deberes.net\/tesis\/sin-categoria\/evaluacion-de-la-eficiencia-con-factores-exogenos-mediante-el-analisis-envolvente-de-datos-una-aplicacion-a-la-educacion-secundaria-en-espana\/"},"modified":"2006-12-12T00:00:00","modified_gmt":"2006-12-12T00:00:00","slug":"evaluacion-de-la-eficiencia-con-factores-exogenos-mediante-el-analisis-envolvente-de-datos-una-aplicacion-a-la-educacion-secundaria-en-espana","status":"publish","type":"post","link":"https:\/\/www.deberes.net\/tesis\/modelos-econometricos\/evaluacion-de-la-eficiencia-con-factores-exogenos-mediante-el-analisis-envolvente-de-datos-una-aplicacion-a-la-educacion-secundaria-en-espana\/","title":{"rendered":"Evaluaci\u00f3n de la eficiencia con factores ex\u00f3genos mediante el an\u00e1lisis envolvente de datos: una aplicaci\u00f3n a la educaci\u00f3n secundaria en espa\u00f1a"},"content":{"rendered":"<h2>Tesis doctoral de <strong>  Cordero Ferrera Jos\u00e9 Manuel <\/strong><\/h2>\n<p>La investigaci\u00f3n realizada aborda una cuesti\u00f3n de gran relevancia en el \u00e1mbito de la medici\u00f3n de la eficiencia como es la incorporaci\u00f3n de la informaci\u00f3n relativa a los factores que son ex\u00f3genos al proceso productivo, pero cuya influencia sobre los resultados obtenidos es muy significativa. con este prop\u00f3sito se analizan las diferentes metodolog\u00edas existentes en la literatura par incluir estas variables en las evaluaciones desde una doble perspectiva: te\u00f3rica y emp\u00edrica. La aplicaci\u00f3n se realiza en el \u00e1mbito de la educaci\u00f3n secundaria donde este tipo de variables tienen un papel especialmente relevante.<\/p>\n<p>&nbsp;<\/p>\n<h3>Datos acad\u00e9micos de la tesis doctoral \u00ab<strong>Evaluaci\u00f3n de la eficiencia con factores ex\u00f3genos mediante el an\u00e1lisis envolvente de datos: una aplicaci\u00f3n a la educaci\u00f3n secundaria en espa\u00f1a<\/strong>\u00ab<\/h3>\n<ul>\n<li><strong>T\u00edtulo de la tesis:<\/strong>\u00a0 Evaluaci\u00f3n de la eficiencia con factores ex\u00f3genos mediante el an\u00e1lisis envolvente de datos: una aplicaci\u00f3n a la educaci\u00f3n secundaria en espa\u00f1a <\/li>\n<li><strong>Autor:<\/strong>\u00a0  Cordero Ferrera Jos\u00e9 Manuel <\/li>\n<li><strong>Universidad:<\/strong>\u00a0 Extremadura<\/li>\n<li><strong>Fecha de lectura de la tesis:<\/strong>\u00a0 12\/12\/2006<\/li>\n<\/ul>\n<p>&nbsp;<\/p>\n<h3>Direcci\u00f3n y tribunal<\/h3>\n<ul>\n<li><strong>Director de la tesis<\/strong>\n<ul>\n<li>Francisco Pedraja Chaparro<\/li>\n<\/ul>\n<\/li>\n<li><strong>Tribunal<\/strong>\n<ul>\n<li>Presidente del tribunal: diego Prior jimenez <\/li>\n<li> Manceb\u00f3n torrubia Mar\u00eda Jes\u00fas (vocal)<\/li>\n<li>Javier Su\u00e1rez pandiello (vocal)<\/li>\n<li>Javier Salinas jim\u00e9nez (vocal)<\/li>\n<\/ul>\n<\/li>\n<\/ul>\n<p>&nbsp;<\/p>\n","protected":false},"excerpt":{"rendered":"<p>Tesis doctoral de Cordero Ferrera Jos\u00e9 Manuel La investigaci\u00f3n realizada aborda una cuesti\u00f3n de gran relevancia en el \u00e1mbito de [&hellip;]<\/p>\n","protected":false},"author":1,"featured_media":0,"comment_status":"open","ping_status":"open","sticky":false,"template":"","format":"standard","meta":{"site-sidebar-layout":"default","site-content-layout":"","ast-site-content-layout":"","site-content-style":"default","site-sidebar-style":"default","ast-global-header-display":"","ast-banner-title-visibility":"","ast-main-header-display":"","ast-hfb-above-header-display":"","ast-hfb-below-header-display":"","ast-hfb-mobile-header-display":"","site-post-title":"","ast-breadcrumbs-content":"","ast-featured-img":"","footer-sml-layout":"","theme-transparent-header-meta":"","adv-header-id-meta":"","stick-header-meta":"","header-above-stick-meta":"","header-main-stick-meta":"","header-below-stick-meta":"","astra-migrate-meta-layouts":"default","ast-page-background-enabled":"default","ast-page-background-meta":{"desktop":{"background-color":"var(--ast-global-color-4)","background-image":"","background-repeat":"repeat","background-position":"center center","background-size":"auto","background-attachment":"scroll","background-type":"","background-media":"","overlay-type":"","overlay-color":"","overlay-gradient":""},"tablet":{"background-color":"","background-image":"","background-repeat":"repeat","background-position":"center center","background-size":"auto","background-attachment":"scroll","background-type":"","background-media":"","overlay-type":"","overlay-color":"","overlay-gradient":""},"mobile":{"background-color":"","background-image":"","background-repeat":"repeat","background-position":"center center","background-size":"auto","background-attachment":"scroll","background-type":"","background-media":"","overlay-type":"","overlay-color":"","overlay-gradient":""}},"ast-content-background-meta":{"desktop":{"background-color":"var(--ast-global-color-5)","background-image":"","background-repeat":"repeat","background-position":"center center","background-size":"auto","background-attachment":"scroll","background-type":"","background-media":"","overlay-type":"","overlay-color":"","overlay-gradient":""},"tablet":{"background-color":"var(--ast-global-color-5)","background-image":"","background-repeat":"repeat","background-position":"center center","background-size":"auto","background-attachment":"scroll","background-type":"","background-media":"","overlay-type":"","overlay-color":"","overlay-gradient":""},"mobile":{"background-color":"var(--ast-global-color-5)","background-image":"","background-repeat":"repeat","background-position":"center center","background-size":"auto","background-attachment":"scroll","background-type":"","background-media":"","overlay-type":"","overlay-color":"","overlay-gradient":""}},"footnotes":""},"categories":[949,6836,524,22393],"tags":[123623,46225,19606,19605,8782,38219],"class_list":["post-55962","post","type-post","status-publish","format-standard","hentry","category-extremadura","category-hacienda-publica-y-presupuestos","category-modelos-econometricos","category-sector-de-la-educacion","tag-cordero-ferrera-jose-manuel","tag-diego-prior-jimenez","tag-francisco-pedraja-chaparro","tag-javier-salinas-jimenez","tag-javier-suarez-pandiello","tag-mancebon-torrubia-maria-jesus"],"_links":{"self":[{"href":"https:\/\/www.deberes.net\/tesis\/wp-json\/wp\/v2\/posts\/55962","targetHints":{"allow":["GET"]}}],"collection":[{"href":"https:\/\/www.deberes.net\/tesis\/wp-json\/wp\/v2\/posts"}],"about":[{"href":"https:\/\/www.deberes.net\/tesis\/wp-json\/wp\/v2\/types\/post"}],"author":[{"embeddable":true,"href":"https:\/\/www.deberes.net\/tesis\/wp-json\/wp\/v2\/users\/1"}],"replies":[{"embeddable":true,"href":"https:\/\/www.deberes.net\/tesis\/wp-json\/wp\/v2\/comments?post=55962"}],"version-history":[{"count":0,"href":"https:\/\/www.deberes.net\/tesis\/wp-json\/wp\/v2\/posts\/55962\/revisions"}],"wp:attachment":[{"href":"https:\/\/www.deberes.net\/tesis\/wp-json\/wp\/v2\/media?parent=55962"}],"wp:term":[{"taxonomy":"category","embeddable":true,"href":"https:\/\/www.deberes.net\/tesis\/wp-json\/wp\/v2\/categories?post=55962"},{"taxonomy":"post_tag","embeddable":true,"href":"https:\/\/www.deberes.net\/tesis\/wp-json\/wp\/v2\/tags?post=55962"}],"curies":[{"name":"wp","href":"https:\/\/api.w.org\/{rel}","templated":true}]}}