{"id":55988,"date":"2006-12-12T00:00:00","date_gmt":"2006-12-12T00:00:00","guid":{"rendered":"https:\/\/www.deberes.net\/tesis\/sin-categoria\/calidad-de-vida-impacto-emocional-y-sa%c2%adntomas-de-estres-postraumatico-en-el-paciente-cra%c2%adtico-a-largo-plazo\/"},"modified":"2006-12-12T00:00:00","modified_gmt":"2006-12-12T00:00:00","slug":"calidad-de-vida-impacto-emocional-y-sa%c2%adntomas-de-estres-postraumatico-en-el-paciente-cra%c2%adtico-a-largo-plazo","status":"publish","type":"post","link":"https:\/\/www.deberes.net\/tesis\/cuidados-intensivos\/calidad-de-vida-impacto-emocional-y-sa%c2%adntomas-de-estres-postraumatico-en-el-paciente-cra%c2%adtico-a-largo-plazo\/","title":{"rendered":"Calidad de vida, impacto emocional y s\u00edntomas de estr\u00e9s postraum\u00e1tico en el paciente cr\u00edtico a largo plazo"},"content":{"rendered":"<h2>Tesis doctoral de <strong> Mar\u00eda Badia Castell\u00f3 <\/strong><\/h2>\n<p>Introducci\u00f3n: el ingreso en uci,  la enfermedad cr\u00edtica, el entorno de uci y el tratamiento intensivo suponen una alteraci\u00f3n de las condiciones habituales de vida con consecuencias en el paciente, su familia y la sociedad. Cl\u00e1sicamente la evaluaci\u00f3n de las uci se realizaba mediante el an\u00e1lisis de supervivencia y deterioro fisiol\u00f3gico. Actualmente se considera prioritario la evaluaci\u00f3n de resultados mediante el conocimiento de la calidad de vida relacionada con la salud (cvrs) m\u00e1s all\u00e1 del alta hospitalaria. Por otro lado es interesante conocer el impacto de la enfermedad cr\u00edtica y su tratamiento sobre la memoria del paciente. objetivo: an\u00e1lisis de los cambios en la cvrs previa al ingreso en uci y a los 12 meses de su alta mediante la utilizaci\u00f3n de dos instrumentos de medida, el short form 36 (sf-36)  y euroqol 5d (eq-5d) as\u00ed como la relaci\u00f3n entre ambos instrumentos. Se eval\u00faa tambi\u00e9n el impacto emocional en el paciente de uci y la influencia del tratamiento recibido.   material y m\u00e9todo: estudio prospectivo, pacientes consecutivos ingresados en uci en un periodo de 19 meses. Instrumentos de medida de cvrs: sf-36 y eq-5d. Instrumento de medida de la memoria mediante la herramienta icum (intensive care unit memory) y la escala de impacto del estresor (eie) para la evaluaci\u00f3n de los s\u00edntomas de estr\u00e9s postraum\u00e1tico.  resultados: durante el periodo de tiempo comprendido entre diciembre de 2001 a junio de 2003 se incluyeron 189 pacientes. A nivel global, la calidad de vida mostr\u00f3 un deterioro significativo a los 12 meses del alta. Los pacientes con afectaci\u00f3n cerebral (de origen traum\u00e1tico o vascular) fueron el grupo de pacientes que se asociaron a peor calidad de vida. El paciente traum\u00e1tico sin traumatismo craneoencef\u00e1lico present\u00f3 severas limitaciones f\u00edsicas pero sin cambios respecto a su estado emocional previo. Los pacientes con patolog\u00eda respiratoria representaron el \u00fanico grupo con mejor\u00eda en su cvrs. La comparaci\u00f3n entre amb<\/p>\n<p>&nbsp;<\/p>\n<h3>Datos acad\u00e9micos de la tesis doctoral \u00ab<strong>Calidad de vida, impacto emocional y s\u00edntomas de estr\u00e9s postraum\u00e1tico en el paciente cr\u00edtico a largo plazo<\/strong>\u00ab<\/h3>\n<ul>\n<li><strong>T\u00edtulo de la tesis:<\/strong>\u00a0 Calidad de vida, impacto emocional y s\u00edntomas de estr\u00e9s postraum\u00e1tico en el paciente cr\u00edtico a largo plazo <\/li>\n<li><strong>Autor:<\/strong>\u00a0 Mar\u00eda Badia Castell\u00f3 <\/li>\n<li><strong>Universidad:<\/strong>\u00a0 Lleida<\/li>\n<li><strong>Fecha de lectura de la tesis:<\/strong>\u00a0 12\/12\/2006<\/li>\n<\/ul>\n<p>&nbsp;<\/p>\n<h3>Direcci\u00f3n y tribunal<\/h3>\n<ul>\n<li><strong>Director de la tesis<\/strong>\n<ul>\n<li>Jos\u00e9 Javier Trujillano Cabello<\/li>\n<\/ul>\n<\/li>\n<li><strong>Tribunal<\/strong>\n<ul>\n<li>Presidente del tribunal: guillermo Vazquez mata <\/li>\n<li>ramona Lucas carrasco (vocal)<\/li>\n<li>Miguel angel Suarez pinilla (vocal)<\/li>\n<li>Antonio Sarria santamera (vocal)<\/li>\n<\/ul>\n<\/li>\n<\/ul>\n<p>&nbsp;<\/p>\n","protected":false},"excerpt":{"rendered":"<p>Tesis doctoral de Mar\u00eda Badia Castell\u00f3 Introducci\u00f3n: el ingreso en uci, la enfermedad cr\u00edtica, el entorno de uci y el [&hellip;]<\/p>\n","protected":false},"author":1,"featured_media":0,"comment_status":"open","ping_status":"open","sticky":false,"template":"","format":"standard","meta":{"site-sidebar-layout":"default","site-content-layout":"","ast-site-content-layout":"","site-content-style":"default","site-sidebar-style":"default","ast-global-header-display":"","ast-banner-title-visibility":"","ast-main-header-display":"","ast-hfb-above-header-display":"","ast-hfb-below-header-display":"","ast-hfb-mobile-header-display":"","site-post-title":"","ast-breadcrumbs-content":"","ast-featured-img":"","footer-sml-layout":"","theme-transparent-header-meta":"","adv-header-id-meta":"","stick-header-meta":"","header-above-stick-meta":"","header-main-stick-meta":"","header-below-stick-meta":"","astra-migrate-meta-layouts":"default","ast-page-background-enabled":"default","ast-page-background-meta":{"desktop":{"background-color":"var(--ast-global-color-4)","background-image":"","background-repeat":"repeat","background-position":"center center","background-size":"auto","background-attachment":"scroll","background-type":"","background-media":"","overlay-type":"","overlay-color":"","overlay-gradient":""},"tablet":{"background-color":"","background-image":"","background-repeat":"repeat","background-position":"center center","background-size":"auto","background-attachment":"scroll","background-type":"","background-media":"","overlay-type":"","overlay-color":"","overlay-gradient":""},"mobile":{"background-color":"","background-image":"","background-repeat":"repeat","background-position":"center center","background-size":"auto","background-attachment":"scroll","background-type":"","background-media":"","overlay-type":"","overlay-color":"","overlay-gradient":""}},"ast-content-background-meta":{"desktop":{"background-color":"var(--ast-global-color-5)","background-image":"","background-repeat":"repeat","background-position":"center center","background-size":"auto","background-attachment":"scroll","background-type":"","background-media":"","overlay-type":"","overlay-color":"","overlay-gradient":""},"tablet":{"background-color":"var(--ast-global-color-5)","background-image":"","background-repeat":"repeat","background-position":"center center","background-size":"auto","background-attachment":"scroll","background-type":"","background-media":"","overlay-type":"","overlay-color":"","overlay-gradient":""},"mobile":{"background-color":"var(--ast-global-color-5)","background-image":"","background-repeat":"repeat","background-position":"center center","background-size":"auto","background-attachment":"scroll","background-type":"","background-media":"","overlay-type":"","overlay-color":"","overlay-gradient":""}},"footnotes":""},"categories":[12132,18842],"tags":[50197,4162,70670,123681,54329,123682],"class_list":["post-55988","post","type-post","status-publish","format-standard","hentry","category-cuidados-intensivos","category-lleida","tag-antonio-sarria-santamera","tag-guillermo-vazquez-mata","tag-jose-javier-trujillano-cabello","tag-maria-badia-castello","tag-miguel-angel-suarez-pinilla","tag-ramona-lucas-carrasco"],"_links":{"self":[{"href":"https:\/\/www.deberes.net\/tesis\/wp-json\/wp\/v2\/posts\/55988","targetHints":{"allow":["GET"]}}],"collection":[{"href":"https:\/\/www.deberes.net\/tesis\/wp-json\/wp\/v2\/posts"}],"about":[{"href":"https:\/\/www.deberes.net\/tesis\/wp-json\/wp\/v2\/types\/post"}],"author":[{"embeddable":true,"href":"https:\/\/www.deberes.net\/tesis\/wp-json\/wp\/v2\/users\/1"}],"replies":[{"embeddable":true,"href":"https:\/\/www.deberes.net\/tesis\/wp-json\/wp\/v2\/comments?post=55988"}],"version-history":[{"count":0,"href":"https:\/\/www.deberes.net\/tesis\/wp-json\/wp\/v2\/posts\/55988\/revisions"}],"wp:attachment":[{"href":"https:\/\/www.deberes.net\/tesis\/wp-json\/wp\/v2\/media?parent=55988"}],"wp:term":[{"taxonomy":"category","embeddable":true,"href":"https:\/\/www.deberes.net\/tesis\/wp-json\/wp\/v2\/categories?post=55988"},{"taxonomy":"post_tag","embeddable":true,"href":"https:\/\/www.deberes.net\/tesis\/wp-json\/wp\/v2\/tags?post=55988"}],"curies":[{"name":"wp","href":"https:\/\/api.w.org\/{rel}","templated":true}]}}